{"id":32976,"date":"2026-03-14T13:42:12","date_gmt":"2026-03-14T19:42:12","guid":{"rendered":"https:\/\/digitalreportmx.com\/?p=32976"},"modified":"2026-03-14T13:42:15","modified_gmt":"2026-03-14T19:42:15","slug":"suspenderan-en-monterrey-carriles-reversibles-por-dia-de-asueto","status":"publish","type":"post","link":"https:\/\/digitalreportmx.com\/index.php\/2026\/03\/14\/suspenderan-en-monterrey-carriles-reversibles-por-dia-de-asueto\/","title":{"rendered":"Suspender\u00e1n en Monterrey carriles reversibles por d\u00eda de asueto"},"content":{"rendered":"\n<p><kbd>Monterrey, NL <\/kbd><\/p>\n\n\n\n<p>Al disminuir el flujo vehicular en d\u00eda de asueto, el Gobierno de Monterrey suspender\u00e1 los carriles reversibles este lunes 16 de marzo.<\/p>\n\n\n\n<p>Los operativos que se implementan en forma regular en d\u00edas h\u00e1biles, se reactivar\u00e1n el pr\u00f3ximo martes.<\/p>\n\n\n\n<p>Los carriles reversibles que no estar\u00e1n en funcionamiento este lunes son los que regularmente se aplican por las ma\u00f1anas en las Avenidas de Paseo de los Leones, Gonzalitos, Chapultepec, Morones Prieto y en la Carretera Nacional.<\/p>\n\n\n\n<figure class=\"wp-block-image size-large\"><img loading=\"lazy\" decoding=\"async\" width=\"1024\" height=\"576\" src=\"https:\/\/digitalreportmx.com\/wp-content\/uploads\/2026\/03\/1000216927-1024x576.jpg\" alt=\"\" class=\"wp-image-32977\" srcset=\"https:\/\/digitalreportmx.com\/wp-content\/uploads\/2026\/03\/1000216927-1024x576.jpg 1024w, https:\/\/digitalreportmx.com\/wp-content\/uploads\/2026\/03\/1000216927-300x169.jpg 300w, https:\/\/digitalreportmx.com\/wp-content\/uploads\/2026\/03\/1000216927-768x432.jpg 768w, https:\/\/digitalreportmx.com\/wp-content\/uploads\/2026\/03\/1000216927.jpg 1280w\" sizes=\"auto, (max-width: 1024px) 100vw, 1024px\" \/><\/figure>\n\n\n\n<p>Adem\u00e1s, se informa que tambi\u00e9n se suspender\u00e1 este 16 de marzo el vespertino de Paseo de los Leones.<\/p>\n\n\n\n<p>Las autoridades municipales exhortan a los automovilistas a conducir con precauci\u00f3n, respetar los l\u00edmites de velocidad y colocarse el cintur\u00f3n de seguridad.<\/p>\n\n\n\n<p>CARRIL REVERSIBLE VESPERTINO.<\/p>\n\n\n\n<p>La Direcci\u00f3n de Tr\u00e1nsito de Monterrey, en coordinaci\u00f3n con la de Seguridad Vial, solamente implementar\u00e1n el carril reversible, por la tarde de este lunes, en la Carretera Nacional, en el sentido de sur a norte, a partir de las 18:30 horas.<\/p>\n\n\n\n<p>Esto debido a que en los d\u00edas de asueto se incrementa el tr\u00e1fico vehicular en dicha zona, en el horario vespertino, al regresar de las recreativas o de esparcimiento.<\/p>\n","protected":false},"excerpt":{"rendered":"<p>Monterrey, NL Al disminuir el flujo vehicular en d\u00eda de asueto, el Gobierno de Monterrey suspender\u00e1 los carriles reversibles este lunes 16 de marzo. Los operativos que se implementan en forma regular en d\u00edas h\u00e1biles, se reactivar\u00e1n el pr\u00f3ximo martes. Los carriles reversibles que no estar\u00e1n en funcionamiento este lunes son los que regularmente se [&hellip;]<\/p>\n","protected":false},"author":1,"featured_media":32978,"comment_status":"open","ping_status":"open","sticky":false,"template":"","format":"standard","meta":{"om_disable_all_campaigns":false,"_monsterinsights_skip_tracking":false,"_monsterinsights_sitenote_active":false,"_monsterinsights_sitenote_note":"","_monsterinsights_sitenote_category":0,"footnotes":""},"categories":[15,6],"tags":[],"class_list":["post-32976","post","type-post","status-publish","format-standard","has-post-thumbnail","hentry","category-relevante","category-local"],"aioseo_notices":[],"_links":{"self":[{"href":"https:\/\/digitalreportmx.com\/index.php\/wp-json\/wp\/v2\/posts\/32976","targetHints":{"allow":["GET"]}}],"collection":[{"href":"https:\/\/digitalreportmx.com\/index.php\/wp-json\/wp\/v2\/posts"}],"about":[{"href":"https:\/\/digitalreportmx.com\/index.php\/wp-json\/wp\/v2\/types\/post"}],"author":[{"embeddable":true,"href":"https:\/\/digitalreportmx.com\/index.php\/wp-json\/wp\/v2\/users\/1"}],"replies":[{"embeddable":true,"href":"https:\/\/digitalreportmx.com\/index.php\/wp-json\/wp\/v2\/comments?post=32976"}],"version-history":[{"count":1,"href":"https:\/\/digitalreportmx.com\/index.php\/wp-json\/wp\/v2\/posts\/32976\/revisions"}],"predecessor-version":[{"id":32979,"href":"https:\/\/digitalreportmx.com\/index.php\/wp-json\/wp\/v2\/posts\/32976\/revisions\/32979"}],"wp:featuredmedia":[{"embeddable":true,"href":"https:\/\/digitalreportmx.com\/index.php\/wp-json\/wp\/v2\/media\/32978"}],"wp:attachment":[{"href":"https:\/\/digitalreportmx.com\/index.php\/wp-json\/wp\/v2\/media?parent=32976"}],"wp:term":[{"taxonomy":"category","embeddable":true,"href":"https:\/\/digitalreportmx.com\/index.php\/wp-json\/wp\/v2\/categories?post=32976"},{"taxonomy":"post_tag","embeddable":true,"href":"https:\/\/digitalreportmx.com\/index.php\/wp-json\/wp\/v2\/tags?post=32976"}],"curies":[{"name":"wp","href":"https:\/\/api.w.org\/{rel}","templated":true}]}}