{"id":33047,"date":"2026-03-15T13:26:03","date_gmt":"2026-03-15T19:26:03","guid":{"rendered":"https:\/\/digitalreportmx.com\/?p=33047"},"modified":"2026-03-15T14:15:31","modified_gmt":"2026-03-15T20:15:31","slug":"participa-alud-de-atletas-en-medio-maraton-21k-de-sp","status":"publish","type":"post","link":"https:\/\/digitalreportmx.com\/index.php\/2026\/03\/15\/participa-alud-de-atletas-en-medio-maraton-21k-de-sp\/","title":{"rendered":"Atrae alud de atletas Medio Marat\u00f3n 21K 2026 en SPGG"},"content":{"rendered":"\n<p><kbd>San Pedro Garza Garc\u00eda <\/kbd><\/p>\n\n\n\n<p>El Municipio de San Pedro Garza Garc\u00eda llev\u00f3 a cabo con \u00e9xito el Primer Medio Marat\u00f3n 21K San Pedro 2026, en el que participaron m\u00e1s de 6 mil personas, y consolid\u00f3 al Municipio como un espacio para la promoci\u00f3n del deporte y la convivencia familiar.<\/p>\n\n\n\n<figure class=\"wp-block-video\"><video controls src=\"https:\/\/digitalreportmx.com\/wp-content\/uploads\/2026\/03\/1000109320.mp4\"><\/video><\/figure>\n\n\n\n<p>El Alcalde Mauricio Farah Giacom\u00e1n fue el encargado de dar el disparo de salida a los corredores de la distancia 21 kil\u00f3metros a las 6:40 de la ma\u00f1ana, mientras que a las 7:40 horas inici\u00f3 la carrera de 5 kil\u00f3metros, quienes salieron desde el puente Atirantado este domingo 15 de marzo.<\/p>\n\n\n\n<figure class=\"wp-block-image size-large\"><img loading=\"lazy\" decoding=\"async\" width=\"1024\" height=\"682\" src=\"https:\/\/digitalreportmx.com\/wp-content\/uploads\/2026\/03\/1000109175-1024x682.jpg\" alt=\"\" class=\"wp-image-33050\" srcset=\"https:\/\/digitalreportmx.com\/wp-content\/uploads\/2026\/03\/1000109175-1024x682.jpg 1024w, https:\/\/digitalreportmx.com\/wp-content\/uploads\/2026\/03\/1000109175-300x200.jpg 300w, https:\/\/digitalreportmx.com\/wp-content\/uploads\/2026\/03\/1000109175-768x511.jpg 768w, https:\/\/digitalreportmx.com\/wp-content\/uploads\/2026\/03\/1000109175-1536x1022.jpg 1536w, https:\/\/digitalreportmx.com\/wp-content\/uploads\/2026\/03\/1000109175-2048x1363.jpg 2048w\" sizes=\"auto, (max-width: 1024px) 100vw, 1024px\" \/><\/figure>\n\n\n\n<p>\u201cLa idea es a\u00f1o con a\u00f1o realizar esta carrera emblem\u00e1tica de medio marat\u00f3n, y cada a\u00f1o hacerla mejor, lo importantes es que en esta primera edici\u00f3n darles la mejor experiencia, que la disfrutaran a su ritmo.\u201d<\/p>\n\n\n\n<figure class=\"wp-block-image size-large\"><img loading=\"lazy\" decoding=\"async\" width=\"1024\" height=\"682\" src=\"https:\/\/digitalreportmx.com\/wp-content\/uploads\/2026\/03\/1000109147-1024x682.jpg\" alt=\"\" class=\"wp-image-33051\" srcset=\"https:\/\/digitalreportmx.com\/wp-content\/uploads\/2026\/03\/1000109147-1024x682.jpg 1024w, https:\/\/digitalreportmx.com\/wp-content\/uploads\/2026\/03\/1000109147-300x200.jpg 300w, https:\/\/digitalreportmx.com\/wp-content\/uploads\/2026\/03\/1000109147-768x512.jpg 768w, https:\/\/digitalreportmx.com\/wp-content\/uploads\/2026\/03\/1000109147-1536x1024.jpg 1536w, https:\/\/digitalreportmx.com\/wp-content\/uploads\/2026\/03\/1000109147-2048x1365.jpg 2048w\" sizes=\"auto, (max-width: 1024px) 100vw, 1024px\" \/><\/figure>\n\n\n\n<p>\u201cNos vemos el a\u00f1o que entra con todo mejorado\u201d, asegur\u00f3 Farah Giacom\u00e1n.<\/p>\n\n\n\n<p>Para concretar los 21 kil\u00f3metros los corredores transitaron por avenidas como Humberto Lobo, Calzada del Valle, Calzada Mauricio Fern\u00e1ndez, Vasconcelos, L\u00e1zaro Cardenas y Rufino Tamayo.<\/p>\n\n\n\n<figure class=\"wp-block-image size-large\"><img loading=\"lazy\" decoding=\"async\" width=\"1024\" height=\"682\" src=\"https:\/\/digitalreportmx.com\/wp-content\/uploads\/2026\/03\/1000109139-1024x682.jpg\" alt=\"\" class=\"wp-image-33052\" srcset=\"https:\/\/digitalreportmx.com\/wp-content\/uploads\/2026\/03\/1000109139-1024x682.jpg 1024w, https:\/\/digitalreportmx.com\/wp-content\/uploads\/2026\/03\/1000109139-300x200.jpg 300w, https:\/\/digitalreportmx.com\/wp-content\/uploads\/2026\/03\/1000109139-768x512.jpg 768w, https:\/\/digitalreportmx.com\/wp-content\/uploads\/2026\/03\/1000109139.jpg 1280w\" sizes=\"auto, (max-width: 1024px) 100vw, 1024px\" \/><\/figure>\n\n\n\n<p>Tras concluir la competencia, el alcalde encabez\u00f3 la ceremonia de premiaci\u00f3n y entreg\u00f3 las medallas a los ganadores de las diferentes categor\u00edas.<\/p>\n\n\n\n<figure class=\"wp-block-image size-large\"><img loading=\"lazy\" decoding=\"async\" width=\"1024\" height=\"682\" src=\"https:\/\/digitalreportmx.com\/wp-content\/uploads\/2026\/03\/1000109144-1024x682.jpg\" alt=\"\" class=\"wp-image-33053\" srcset=\"https:\/\/digitalreportmx.com\/wp-content\/uploads\/2026\/03\/1000109144-1024x682.jpg 1024w, https:\/\/digitalreportmx.com\/wp-content\/uploads\/2026\/03\/1000109144-300x200.jpg 300w, https:\/\/digitalreportmx.com\/wp-content\/uploads\/2026\/03\/1000109144-768x512.jpg 768w, https:\/\/digitalreportmx.com\/wp-content\/uploads\/2026\/03\/1000109144.jpg 1280w\" sizes=\"auto, (max-width: 1024px) 100vw, 1024px\" \/><\/figure>\n\n\n\n<p>En la distancia de 21 kil\u00f3metros, Daniel Reyes obtuvo el primer lugar en la categor\u00eda varonil al registrar un tiempo de 1:06:50, mientras que en la categor\u00eda femenil Leah Jebiwot se coron\u00f3 campeona con un tiempo de 1:17:48.<\/p>\n\n\n\n<figure class=\"wp-block-image size-large\"><img loading=\"lazy\" decoding=\"async\" width=\"1024\" height=\"682\" src=\"https:\/\/digitalreportmx.com\/wp-content\/uploads\/2026\/03\/1000109133-1024x682.jpg\" alt=\"\" class=\"wp-image-33054\" srcset=\"https:\/\/digitalreportmx.com\/wp-content\/uploads\/2026\/03\/1000109133-1024x682.jpg 1024w, https:\/\/digitalreportmx.com\/wp-content\/uploads\/2026\/03\/1000109133-300x200.jpg 300w, https:\/\/digitalreportmx.com\/wp-content\/uploads\/2026\/03\/1000109133-768x512.jpg 768w, https:\/\/digitalreportmx.com\/wp-content\/uploads\/2026\/03\/1000109133.jpg 1280w\" sizes=\"auto, (max-width: 1024px) 100vw, 1024px\" \/><\/figure>\n\n\n\n<p>Por su parte, en la carrera de 5 kil\u00f3metros, Erick Dom\u00ednguez logr\u00f3 el primer lugar en la categor\u00eda varonil con un tiempo de 15 minutos, mientras que Victoria Mart\u00ednez se llev\u00f3 el primer sitio en la categor\u00eda femenil al registrar 18:43 minutos.<\/p>\n\n\n\n<figure class=\"wp-block-image size-large\"><img loading=\"lazy\" decoding=\"async\" width=\"1024\" height=\"682\" src=\"https:\/\/digitalreportmx.com\/wp-content\/uploads\/2026\/03\/1000109167-1024x682.jpg\" alt=\"\" class=\"wp-image-33055\" srcset=\"https:\/\/digitalreportmx.com\/wp-content\/uploads\/2026\/03\/1000109167-1024x682.jpg 1024w, https:\/\/digitalreportmx.com\/wp-content\/uploads\/2026\/03\/1000109167-300x200.jpg 300w, https:\/\/digitalreportmx.com\/wp-content\/uploads\/2026\/03\/1000109167-768x512.jpg 768w, https:\/\/digitalreportmx.com\/wp-content\/uploads\/2026\/03\/1000109167-1536x1024.jpg 1536w, https:\/\/digitalreportmx.com\/wp-content\/uploads\/2026\/03\/1000109167-2048x1365.jpg 2048w\" sizes=\"auto, (max-width: 1024px) 100vw, 1024px\" \/><\/figure>\n\n\n\n<p>El Municipio de San Pedro busca consolidar este tipo de eventos de manera anual para fortalecer la cultura deportiva, y generan espacios de convivencia para las familias sampetrinas y visitantes.<\/p>\n\n\n\n<figure class=\"wp-block-image size-large\"><img loading=\"lazy\" decoding=\"async\" width=\"1024\" height=\"682\" src=\"https:\/\/digitalreportmx.com\/wp-content\/uploads\/2026\/03\/1000109136-1024x682.jpg\" alt=\"\" class=\"wp-image-33056\" srcset=\"https:\/\/digitalreportmx.com\/wp-content\/uploads\/2026\/03\/1000109136-1024x682.jpg 1024w, https:\/\/digitalreportmx.com\/wp-content\/uploads\/2026\/03\/1000109136-300x200.jpg 300w, https:\/\/digitalreportmx.com\/wp-content\/uploads\/2026\/03\/1000109136-768x512.jpg 768w, https:\/\/digitalreportmx.com\/wp-content\/uploads\/2026\/03\/1000109136.jpg 1280w\" sizes=\"auto, (max-width: 1024px) 100vw, 1024px\" \/><\/figure>\n","protected":false},"excerpt":{"rendered":"<p>San Pedro Garza Garc\u00eda El Municipio de San Pedro Garza Garc\u00eda llev\u00f3 a cabo con \u00e9xito el Primer Medio Marat\u00f3n 21K San Pedro 2026, en el que participaron m\u00e1s de 6 mil personas, y consolid\u00f3 al Municipio como un espacio para la promoci\u00f3n del deporte y la convivencia familiar. El Alcalde Mauricio Farah Giacom\u00e1n fue [&hellip;]<\/p>\n","protected":false},"author":1,"featured_media":33049,"comment_status":"open","ping_status":"open","sticky":false,"template":"","format":"standard","meta":{"om_disable_all_campaigns":false,"_monsterinsights_skip_tracking":false,"_monsterinsights_sitenote_active":false,"_monsterinsights_sitenote_note":"","_monsterinsights_sitenote_category":0,"footnotes":""},"categories":[16,9],"tags":[],"class_list":["post-33047","post","type-post","status-publish","format-standard","has-post-thumbnail","hentry","category-relevante-2","category-sports"],"aioseo_notices":[],"_links":{"self":[{"href":"https:\/\/digitalreportmx.com\/index.php\/wp-json\/wp\/v2\/posts\/33047","targetHints":{"allow":["GET"]}}],"collection":[{"href":"https:\/\/digitalreportmx.com\/index.php\/wp-json\/wp\/v2\/posts"}],"about":[{"href":"https:\/\/digitalreportmx.com\/index.php\/wp-json\/wp\/v2\/types\/post"}],"author":[{"embeddable":true,"href":"https:\/\/digitalreportmx.com\/index.php\/wp-json\/wp\/v2\/users\/1"}],"replies":[{"embeddable":true,"href":"https:\/\/digitalreportmx.com\/index.php\/wp-json\/wp\/v2\/comments?post=33047"}],"version-history":[{"count":11,"href":"https:\/\/digitalreportmx.com\/index.php\/wp-json\/wp\/v2\/posts\/33047\/revisions"}],"predecessor-version":[{"id":33078,"href":"https:\/\/digitalreportmx.com\/index.php\/wp-json\/wp\/v2\/posts\/33047\/revisions\/33078"}],"wp:featuredmedia":[{"embeddable":true,"href":"https:\/\/digitalreportmx.com\/index.php\/wp-json\/wp\/v2\/media\/33049"}],"wp:attachment":[{"href":"https:\/\/digitalreportmx.com\/index.php\/wp-json\/wp\/v2\/media?parent=33047"}],"wp:term":[{"taxonomy":"category","embeddable":true,"href":"https:\/\/digitalreportmx.com\/index.php\/wp-json\/wp\/v2\/categories?post=33047"},{"taxonomy":"post_tag","embeddable":true,"href":"https:\/\/digitalreportmx.com\/index.php\/wp-json\/wp\/v2\/tags?post=33047"}],"curies":[{"name":"wp","href":"https:\/\/api.w.org\/{rel}","templated":true}]}}