{"id":33126,"date":"2026-03-16T13:45:33","date_gmt":"2026-03-16T19:45:33","guid":{"rendered":"https:\/\/digitalreportmx.com\/?p=33126"},"modified":"2026-03-16T13:45:51","modified_gmt":"2026-03-16T19:45:51","slug":"activa-santa-catarina-contraflujo-en-av-industriales","status":"publish","type":"post","link":"https:\/\/digitalreportmx.com\/index.php\/2026\/03\/16\/activa-santa-catarina-contraflujo-en-av-industriales\/","title":{"rendered":"Activa Santa Catarina contraflujo en Industriales"},"content":{"rendered":"\n<p><kbd>Santa Catarina<\/kbd><\/p>\n\n\n\n<p>A fin de mejorar la movilidad en una de las zonas con mayor carga vehicular, el Gobierno de Santa Catarina activ\u00f3 a partir de este lunes 16 de marzo un carril de contraflujo de poniente a oriente para veh\u00edculos ligeros en el corredor de la Avenida Industriales hacia la Avenida 2 de Octubre.<\/p>\n\n\n\n<p>Est\u00e1 medida, impulsada por el Alcalde Jes\u00fas Nava Rivera, inici\u00f3 a las 6:30 am y as\u00ed se mantendr\u00e1 hasta las 9:30 am de lunes a viernes, periodo en el que se registra el mayor flujo de veh\u00edculos que se dirigen hacia la zona oriente del municipio.<\/p>\n\n\n\n<p>El contraflujo inicia a la altura de la empresa Castle Metals de la Avenida Industriales sobre el cuerpo sur, incorpor\u00e1ndose desde el carril de alta velocidad y extendi\u00e9ndose hasta la Avenida 2 de Octubre a la altura de la tienda Home Depot, casi a la altura de la calle Virgilio Guerra, para integrarse a los carriles ordinarios del cuerpo sur de dicha vialidad.<\/p>\n\n\n\n<p>Se exhorta a los automovilistas a conducir a velocidad moderada y respetar las l\u00edneas divisorias formadas por conos viales.<\/p>\n\n\n\n<figure class=\"wp-block-image size-large\"><img loading=\"lazy\" decoding=\"async\" width=\"1024\" height=\"578\" src=\"https:\/\/digitalreportmx.com\/wp-content\/uploads\/2026\/03\/1000110730-1024x578.jpg\" alt=\"\" class=\"wp-image-33128\" srcset=\"https:\/\/digitalreportmx.com\/wp-content\/uploads\/2026\/03\/1000110730-1024x578.jpg 1024w, https:\/\/digitalreportmx.com\/wp-content\/uploads\/2026\/03\/1000110730-300x169.jpg 300w, https:\/\/digitalreportmx.com\/wp-content\/uploads\/2026\/03\/1000110730-768x434.jpg 768w, https:\/\/digitalreportmx.com\/wp-content\/uploads\/2026\/03\/1000110730-1536x868.jpg 1536w, https:\/\/digitalreportmx.com\/wp-content\/uploads\/2026\/03\/1000110730.jpg 1581w\" sizes=\"auto, (max-width: 1024px) 100vw, 1024px\" \/><\/figure>\n\n\n\n<p>En el contraflujo se cuenta con elementos de Movilidad y patrullas que dirigen y resguardan el tr\u00e1nsito vial.<\/p>\n\n\n\n<p>Con esta acci\u00f3n se busca aumentar la capacidad vehicular en el flujo que proviene de Industriales hacia 2 de Octubre, beneficiando a m\u00e1s de 100 mil veh\u00edculos que diariamente transitan por esta importante vialidad.<\/p>\n\n\n\n<p>Asimismo, este contraflujo forma parte de la estrategia integral para contar con una movilidad m\u00e1s \u00e1gil, segura y eficiente.<\/p>\n\n\n\n<p>Entre las acciones que integran esta estrategia tambi\u00e9n destacan la construcci\u00f3n del Mega Puente Manuel Ord\u00f3\u00f1ez y 2 de Octubre y el cambio de retorno sobre la Avenida Industriales, que anteriormente se ubicaba a la altura de la empresa Madisa y ahora se encuentra frente al Mercado de Abastos.<\/p>\n\n\n\n<figure class=\"wp-block-image size-large\"><img loading=\"lazy\" decoding=\"async\" width=\"1024\" height=\"587\" src=\"https:\/\/digitalreportmx.com\/wp-content\/uploads\/2026\/03\/1000110733-1024x587.jpg\" alt=\"\" class=\"wp-image-33129\" srcset=\"https:\/\/digitalreportmx.com\/wp-content\/uploads\/2026\/03\/1000110733-1024x587.jpg 1024w, https:\/\/digitalreportmx.com\/wp-content\/uploads\/2026\/03\/1000110733-300x172.jpg 300w, https:\/\/digitalreportmx.com\/wp-content\/uploads\/2026\/03\/1000110733-768x440.jpg 768w, https:\/\/digitalreportmx.com\/wp-content\/uploads\/2026\/03\/1000110733.jpg 1280w\" sizes=\"auto, (max-width: 1024px) 100vw, 1024px\" \/><\/figure>\n\n\n\n<figure class=\"wp-block-video\"><video controls src=\"https:\/\/digitalreportmx.com\/wp-content\/uploads\/2026\/03\/1000110736.mp4\"><\/video><\/figure>\n","protected":false},"excerpt":{"rendered":"<p>Santa Catarina A fin de mejorar la movilidad en una de las zonas con mayor carga vehicular, el Gobierno de Santa Catarina activ\u00f3 a partir de este lunes 16 de marzo un carril de contraflujo de poniente a oriente para veh\u00edculos ligeros en el corredor de la Avenida Industriales hacia la Avenida 2 de Octubre. [&hellip;]<\/p>\n","protected":false},"author":1,"featured_media":33127,"comment_status":"open","ping_status":"open","sticky":false,"template":"","format":"standard","meta":{"om_disable_all_campaigns":false,"_monsterinsights_skip_tracking":false,"_monsterinsights_sitenote_active":false,"_monsterinsights_sitenote_note":"","_monsterinsights_sitenote_category":0,"footnotes":""},"categories":[16,13],"tags":[],"class_list":["post-33126","post","type-post","status-publish","format-standard","has-post-thumbnail","hentry","category-relevante-2","category-reporte-local"],"aioseo_notices":[],"_links":{"self":[{"href":"https:\/\/digitalreportmx.com\/index.php\/wp-json\/wp\/v2\/posts\/33126","targetHints":{"allow":["GET"]}}],"collection":[{"href":"https:\/\/digitalreportmx.com\/index.php\/wp-json\/wp\/v2\/posts"}],"about":[{"href":"https:\/\/digitalreportmx.com\/index.php\/wp-json\/wp\/v2\/types\/post"}],"author":[{"embeddable":true,"href":"https:\/\/digitalreportmx.com\/index.php\/wp-json\/wp\/v2\/users\/1"}],"replies":[{"embeddable":true,"href":"https:\/\/digitalreportmx.com\/index.php\/wp-json\/wp\/v2\/comments?post=33126"}],"version-history":[{"count":2,"href":"https:\/\/digitalreportmx.com\/index.php\/wp-json\/wp\/v2\/posts\/33126\/revisions"}],"predecessor-version":[{"id":33132,"href":"https:\/\/digitalreportmx.com\/index.php\/wp-json\/wp\/v2\/posts\/33126\/revisions\/33132"}],"wp:featuredmedia":[{"embeddable":true,"href":"https:\/\/digitalreportmx.com\/index.php\/wp-json\/wp\/v2\/media\/33127"}],"wp:attachment":[{"href":"https:\/\/digitalreportmx.com\/index.php\/wp-json\/wp\/v2\/media?parent=33126"}],"wp:term":[{"taxonomy":"category","embeddable":true,"href":"https:\/\/digitalreportmx.com\/index.php\/wp-json\/wp\/v2\/categories?post=33126"},{"taxonomy":"post_tag","embeddable":true,"href":"https:\/\/digitalreportmx.com\/index.php\/wp-json\/wp\/v2\/tags?post=33126"}],"curies":[{"name":"wp","href":"https:\/\/api.w.org\/{rel}","templated":true}]}}