{"id":33156,"date":"2026-03-17T11:04:37","date_gmt":"2026-03-17T17:04:37","guid":{"rendered":"https:\/\/digitalreportmx.com\/?p=33156"},"modified":"2026-03-17T13:57:47","modified_gmt":"2026-03-17T19:57:47","slug":"va-san-pedro-por-distribuidor-vial-en-gomez-morin","status":"publish","type":"post","link":"https:\/\/digitalreportmx.com\/index.php\/2026\/03\/17\/va-san-pedro-por-distribuidor-vial-en-gomez-morin\/","title":{"rendered":"Inicia SP construcci\u00f3n de distribuidor G\u00f3mez Mor\u00edn"},"content":{"rendered":"\n<p>San Pedro Garza Garc\u00eda<\/p>\n\n\n\n<p>El Municipio de San Pedro Garza Garc\u00eda dio el banderazo de arranque a la construcci\u00f3n de la segunda etapa del distribuidor vial en G\u00f3mez Mor\u00edn, en su cruce con Calzada del Valle y Avenida Vasconcelos, una obra clave para mejorar la movilidad en uno de los puntos m\u00e1s transitados de la ciudad.<\/p>\n\n\n\n<p>El Alcalde Mauricio Farah puso en marcha esta fase del proyecto orientado a resolver de fondo la circulaci\u00f3n vial en la zona.<\/p>\n\n\n\n<p>Tras la primera etapa, que incluy\u00f3 la reubicaci\u00f3n del monumento de Los Tubos, inicia ahora la fase estructural del proyecto, considerada el n\u00facleo de la intervenci\u00f3n de ingenier\u00eda para corregir el flujo vehicular y modernizar el entorno urbano.<\/p>\n\n\n\n<figure class=\"wp-block-image size-large\"><img loading=\"lazy\" decoding=\"async\" width=\"1024\" height=\"683\" src=\"https:\/\/digitalreportmx.com\/wp-content\/uploads\/2026\/03\/1000111812-1024x683.jpg\" alt=\"\" class=\"wp-image-33158\" srcset=\"https:\/\/digitalreportmx.com\/wp-content\/uploads\/2026\/03\/1000111812-1024x683.jpg 1024w, https:\/\/digitalreportmx.com\/wp-content\/uploads\/2026\/03\/1000111812-300x200.jpg 300w, https:\/\/digitalreportmx.com\/wp-content\/uploads\/2026\/03\/1000111812-768x512.jpg 768w, https:\/\/digitalreportmx.com\/wp-content\/uploads\/2026\/03\/1000111812.jpg 1500w\" sizes=\"auto, (max-width: 1024px) 100vw, 1024px\" \/><\/figure>\n\n\n\n<p>Con esta obra, se alinear\u00e1 la vialidad y se incrementar\u00e1 la capacidad de las tres avenidas, lo que permitir\u00e1 una circulaci\u00f3n m\u00e1s ordenada, \u00e1gil y segura.<\/p>\n\n\n\n<p>\u201cPara nosotros es muy importante el arranque de esta segunda etapa de esta macroobra, que si bien recordar\u00e1n, hace much\u00edsimos a\u00f1os esto era una rotonda, que funcionaba muy bien para aquellas \u00e9pocas, pero, bueno, ya en estos tiempos no ha sido suficiente\u201d, dijo el Alcalde.<\/p>\n\n\n\n<figure class=\"wp-block-video\"><video controls src=\"https:\/\/digitalreportmx.com\/wp-content\/uploads\/2026\/03\/1000112110.mp4\"><\/video><\/figure>\n\n\n\n<p>\u201cEn segunda etapa, que vamos a enderezar G\u00f3mez Mor\u00edn, esto es lo que pr\u00e1cticamente esta segunda etapa va a hacer, viene a solucionar un gran problema vial, donde va a alivianar y aliviar much\u00edsimo lo que es Calzada del Valle, G\u00f3mez Mor\u00edn y Vasconcelos\u201d.<\/p>\n\n\n\n<p>En esta fase el Municipio de San Pedro invertir\u00e1 351 millones de pesos, explic\u00f3 la Secretaria de Infraestructura y Obras P\u00fablicas, \u00c1ngeles Galvan.<\/p>\n\n\n\n<figure class=\"wp-block-image size-large\"><img loading=\"lazy\" decoding=\"async\" width=\"1024\" height=\"683\" src=\"https:\/\/digitalreportmx.com\/wp-content\/uploads\/2026\/03\/1000111815-1024x683.jpg\" alt=\"\" class=\"wp-image-33159\" srcset=\"https:\/\/digitalreportmx.com\/wp-content\/uploads\/2026\/03\/1000111815-1024x683.jpg 1024w, https:\/\/digitalreportmx.com\/wp-content\/uploads\/2026\/03\/1000111815-300x200.jpg 300w, https:\/\/digitalreportmx.com\/wp-content\/uploads\/2026\/03\/1000111815-768x512.jpg 768w, https:\/\/digitalreportmx.com\/wp-content\/uploads\/2026\/03\/1000111815.jpg 1500w\" sizes=\"auto, (max-width: 1024px) 100vw, 1024px\" \/><\/figure>\n\n\n\n<p>En el arranque de la obra no se contemplan cierres ni afectaciones a la circulaci\u00f3n.<\/p>\n\n\n\n<p>Con este proyecto, el Municipio de San Pedro busca reducir tiempos de traslado, descongestionar la zona y ofrecer una movilidad m\u00e1s eficiente tanto para conductores como para peatones.<\/p>\n\n\n\n<p>\u201cA trav\u00e9s de esta iniciativa buscamos no solo mejorar la calidad de vida de nuestros habitantes, sino tambi\u00e9n fomentar un desarrollo urbano sostenible que corresponda a las necesidades actuales y futuras de nuestra comunidad\u201d, dijo Luis Susarrey, Secretario General de San Pedro.<\/p>\n\n\n\n<figure class=\"wp-block-image size-large\"><img loading=\"lazy\" decoding=\"async\" width=\"1024\" height=\"683\" src=\"https:\/\/digitalreportmx.com\/wp-content\/uploads\/2026\/03\/1000111818-1024x683.jpg\" alt=\"\" class=\"wp-image-33160\" srcset=\"https:\/\/digitalreportmx.com\/wp-content\/uploads\/2026\/03\/1000111818-1024x683.jpg 1024w, https:\/\/digitalreportmx.com\/wp-content\/uploads\/2026\/03\/1000111818-300x200.jpg 300w, https:\/\/digitalreportmx.com\/wp-content\/uploads\/2026\/03\/1000111818-768x512.jpg 768w, https:\/\/digitalreportmx.com\/wp-content\/uploads\/2026\/03\/1000111818.jpg 1500w\" sizes=\"auto, (max-width: 1024px) 100vw, 1024px\" \/><\/figure>\n","protected":false},"excerpt":{"rendered":"<p>San Pedro Garza Garc\u00eda El Municipio de San Pedro Garza Garc\u00eda dio el banderazo de arranque a la construcci\u00f3n de la segunda etapa del distribuidor vial en G\u00f3mez Mor\u00edn, en su cruce con Calzada del Valle y Avenida Vasconcelos, una obra clave para mejorar la movilidad en uno de los puntos m\u00e1s transitados de la [&hellip;]<\/p>\n","protected":false},"author":1,"featured_media":33157,"comment_status":"open","ping_status":"open","sticky":false,"template":"","format":"standard","meta":{"om_disable_all_campaigns":false,"_monsterinsights_skip_tracking":false,"_monsterinsights_sitenote_active":false,"_monsterinsights_sitenote_note":"","_monsterinsights_sitenote_category":0,"footnotes":""},"categories":[16,13],"tags":[],"class_list":["post-33156","post","type-post","status-publish","format-standard","has-post-thumbnail","hentry","category-relevante-2","category-reporte-local"],"aioseo_notices":[],"_links":{"self":[{"href":"https:\/\/digitalreportmx.com\/index.php\/wp-json\/wp\/v2\/posts\/33156","targetHints":{"allow":["GET"]}}],"collection":[{"href":"https:\/\/digitalreportmx.com\/index.php\/wp-json\/wp\/v2\/posts"}],"about":[{"href":"https:\/\/digitalreportmx.com\/index.php\/wp-json\/wp\/v2\/types\/post"}],"author":[{"embeddable":true,"href":"https:\/\/digitalreportmx.com\/index.php\/wp-json\/wp\/v2\/users\/1"}],"replies":[{"embeddable":true,"href":"https:\/\/digitalreportmx.com\/index.php\/wp-json\/wp\/v2\/comments?post=33156"}],"version-history":[{"count":4,"href":"https:\/\/digitalreportmx.com\/index.php\/wp-json\/wp\/v2\/posts\/33156\/revisions"}],"predecessor-version":[{"id":33192,"href":"https:\/\/digitalreportmx.com\/index.php\/wp-json\/wp\/v2\/posts\/33156\/revisions\/33192"}],"wp:featuredmedia":[{"embeddable":true,"href":"https:\/\/digitalreportmx.com\/index.php\/wp-json\/wp\/v2\/media\/33157"}],"wp:attachment":[{"href":"https:\/\/digitalreportmx.com\/index.php\/wp-json\/wp\/v2\/media?parent=33156"}],"wp:term":[{"taxonomy":"category","embeddable":true,"href":"https:\/\/digitalreportmx.com\/index.php\/wp-json\/wp\/v2\/categories?post=33156"},{"taxonomy":"post_tag","embeddable":true,"href":"https:\/\/digitalreportmx.com\/index.php\/wp-json\/wp\/v2\/tags?post=33156"}],"curies":[{"name":"wp","href":"https:\/\/api.w.org\/{rel}","templated":true}]}}