{"id":36127,"date":"2026-04-26T14:31:54","date_gmt":"2026-04-26T20:31:54","guid":{"rendered":"https:\/\/digitalreportmx.com\/?p=36127"},"modified":"2026-04-26T14:31:54","modified_gmt":"2026-04-26T20:31:54","slug":"festeja-sus-15-san-pedro-de-pinta","status":"publish","type":"post","link":"https:\/\/digitalreportmx.com\/index.php\/2026\/04\/26\/festeja-sus-15-san-pedro-de-pinta\/","title":{"rendered":"Festeja sus 15 San Pedro de Pinta"},"content":{"rendered":"\n<p><kbd>San Pedro Garza Garc\u00eda <\/kbd><\/p>\n\n\n\n<p>El Paseo de los Duendes se llen\u00f3 de color, m\u00fasica y sonrisas durante la celebraci\u00f3n del XV aniversario de San Pedro de Pinta, un espacio que, a lo largo de los a\u00f1os, se ha consolidado como punto de encuentro para miles de familias y un referente en la recuperaci\u00f3n y convivencia en el espacio p\u00fablico.<\/p>\n\n\n\n<p>El Alcalde Mauricio Farah Giacom\u00e1n encabez\u00f3 el festejo conviviendo con las familias asistentes, participando en actividades y compartiendo el pastel conmemorativo.<\/p>\n\n\n\n<figure class=\"wp-block-image size-large\"><img loading=\"lazy\" decoding=\"async\" width=\"1024\" height=\"682\" src=\"https:\/\/digitalreportmx.com\/wp-content\/uploads\/2026\/04\/1000237290-1024x682.jpg\" alt=\"\" class=\"wp-image-36128\" srcset=\"https:\/\/digitalreportmx.com\/wp-content\/uploads\/2026\/04\/1000237290-1024x682.jpg 1024w, https:\/\/digitalreportmx.com\/wp-content\/uploads\/2026\/04\/1000237290-300x200.jpg 300w, https:\/\/digitalreportmx.com\/wp-content\/uploads\/2026\/04\/1000237290-768x512.jpg 768w, https:\/\/digitalreportmx.com\/wp-content\/uploads\/2026\/04\/1000237290-1536x1024.jpg 1536w, https:\/\/digitalreportmx.com\/wp-content\/uploads\/2026\/04\/1000237290-2048x1365.jpg 2048w\" sizes=\"auto, (max-width: 1024px) 100vw, 1024px\" \/><\/figure>\n\n\n\n<p>\u201cMuy contentos, porque ya 15 a\u00f1os de este gran programa, este gran proyecto, San Pedro de Pinta hoy, pues, me reportan que hay unas de 8 a 10 mil personas que vienen aqu\u00ed a hacer ejercicio, a pasarla en familia, a comprar algo en el mercadito, hacer un picnic, a lo que sea, pues. Pero al final es un domingo diferente, es un domingo, este, pues, muy en familia, muy familiar y muy sano\u201d, destac\u00f3.<\/p>\n\n\n\n<p>Desde las 9:00 de la ma\u00f1ana, ni\u00f1as, ni\u00f1os y adultos disfrutaron de actividades creativas como talleres de pi\u00f1atas, peluches, pintura encaballetes, pulseras y figuras de fieltro de PIT, personaje entra\u00f1able del programa. Adem\u00e1s, el espacio ofreci\u00f3 opciones para capturar recuerdos en el photo opportunity, pintacaritas y el espect\u00e1culo infantil \u201cK-pop Demon Hunters\u201d.<\/p>\n\n\n\n<p>Durante el evento, el edil record\u00f3 al Ing. Mauricio Fern\u00e1ndez Garza, creador e impulsor de San Pedro de Pinta, programa que surgi\u00f3 hace 15 a\u00f1os como una iniciativa para devolverle a las familias el uso de las calles y fomentar la convivencia en comunidad, y que hoy se ha consolidado como una tradici\u00f3n dominical que re\u00fane a m\u00e1s de 10 mil personas cada semana.<\/p>\n\n\n\n<figure class=\"wp-block-image size-large\"><img loading=\"lazy\" decoding=\"async\" width=\"1024\" height=\"682\" src=\"https:\/\/digitalreportmx.com\/wp-content\/uploads\/2026\/04\/1000237304-1024x682.jpg\" alt=\"\" class=\"wp-image-36129\" srcset=\"https:\/\/digitalreportmx.com\/wp-content\/uploads\/2026\/04\/1000237304-1024x682.jpg 1024w, https:\/\/digitalreportmx.com\/wp-content\/uploads\/2026\/04\/1000237304-300x200.jpg 300w, https:\/\/digitalreportmx.com\/wp-content\/uploads\/2026\/04\/1000237304-768x512.jpg 768w, https:\/\/digitalreportmx.com\/wp-content\/uploads\/2026\/04\/1000237304-1536x1024.jpg 1536w, https:\/\/digitalreportmx.com\/wp-content\/uploads\/2026\/04\/1000237304-2048x1365.jpg 2048w\" sizes=\"auto, (max-width: 1024px) 100vw, 1024px\" \/><\/figure>\n\n\n\n<p>\u201cHace 15 a\u00f1os, a Mauricio Fern\u00e1ndez, que en paz descanse, se le ocurri\u00f3 una gran idea, despu\u00e9s de que hicimos el mercado de la fregoner\u00eda: retomar las calles para vivirlas en familia. As\u00ed naci\u00f3 lo que hoy es San Pedro de Pinta\u201d, dijo Farah Giacom\u00e1n.<\/p>\n\n\n\n<p>\u201cY a lo largo del tiempo, la calidad de ciudadanos que tenemos aqu\u00ed en el Municipio tom\u00f3 como suyo, obviamente, este grab proyecto y se ha ido mejorando con los a\u00f1os\u201d.<\/p>\n\n\n\n<p>El Alcalde sampetrino subray\u00f3 que este programa ha trascendido el municipio y ha sido replicado en distintas ciudades del pa\u00eds.<\/p>\n","protected":false},"excerpt":{"rendered":"<p>San Pedro Garza Garc\u00eda El Paseo de los Duendes se llen\u00f3 de color, m\u00fasica y sonrisas durante la celebraci\u00f3n del XV aniversario de San Pedro de Pinta, un espacio que, a lo largo de los a\u00f1os, se ha consolidado como punto de encuentro para miles de familias y un referente en la recuperaci\u00f3n y convivencia [&hellip;]<\/p>\n","protected":false},"author":1,"featured_media":36130,"comment_status":"open","ping_status":"open","sticky":false,"template":"","format":"standard","meta":{"om_disable_all_campaigns":false,"_monsterinsights_skip_tracking":false,"_monsterinsights_sitenote_active":false,"_monsterinsights_sitenote_note":"","_monsterinsights_sitenote_category":0,"footnotes":""},"categories":[15,6],"tags":[],"class_list":["post-36127","post","type-post","status-publish","format-standard","has-post-thumbnail","hentry","category-relevante","category-local"],"aioseo_notices":[],"_links":{"self":[{"href":"https:\/\/digitalreportmx.com\/index.php\/wp-json\/wp\/v2\/posts\/36127","targetHints":{"allow":["GET"]}}],"collection":[{"href":"https:\/\/digitalreportmx.com\/index.php\/wp-json\/wp\/v2\/posts"}],"about":[{"href":"https:\/\/digitalreportmx.com\/index.php\/wp-json\/wp\/v2\/types\/post"}],"author":[{"embeddable":true,"href":"https:\/\/digitalreportmx.com\/index.php\/wp-json\/wp\/v2\/users\/1"}],"replies":[{"embeddable":true,"href":"https:\/\/digitalreportmx.com\/index.php\/wp-json\/wp\/v2\/comments?post=36127"}],"version-history":[{"count":1,"href":"https:\/\/digitalreportmx.com\/index.php\/wp-json\/wp\/v2\/posts\/36127\/revisions"}],"predecessor-version":[{"id":36131,"href":"https:\/\/digitalreportmx.com\/index.php\/wp-json\/wp\/v2\/posts\/36127\/revisions\/36131"}],"wp:featuredmedia":[{"embeddable":true,"href":"https:\/\/digitalreportmx.com\/index.php\/wp-json\/wp\/v2\/media\/36130"}],"wp:attachment":[{"href":"https:\/\/digitalreportmx.com\/index.php\/wp-json\/wp\/v2\/media?parent=36127"}],"wp:term":[{"taxonomy":"category","embeddable":true,"href":"https:\/\/digitalreportmx.com\/index.php\/wp-json\/wp\/v2\/categories?post=36127"},{"taxonomy":"post_tag","embeddable":true,"href":"https:\/\/digitalreportmx.com\/index.php\/wp-json\/wp\/v2\/tags?post=36127"}],"curies":[{"name":"wp","href":"https:\/\/api.w.org\/{rel}","templated":true}]}}