{"id":36143,"date":"2026-04-26T15:28:44","date_gmt":"2026-04-26T21:28:44","guid":{"rendered":"https:\/\/digitalreportmx.com\/?p=36143"},"modified":"2026-04-26T15:28:44","modified_gmt":"2026-04-26T21:28:44","slug":"mc-suma-otros-186-circulos-ciudadanos-en-monterrey","status":"publish","type":"post","link":"https:\/\/digitalreportmx.com\/index.php\/2026\/04\/26\/mc-suma-otros-186-circulos-ciudadanos-en-monterrey\/","title":{"rendered":"MC suma otros 186 C\u00edrculos Ciudadanos en Monterrey"},"content":{"rendered":"\n<p><kbd>Monterrey<\/kbd>, NL<\/p>\n\n\n\n<p>Martha Herrera se\u00f1al\u00f3 que el activismo social es el coraz\u00f3n de este proyecto que busca fortalecer v\u00ednculos y redes de confianza desde cada entorno. <\/p>\n\n\n\n<p>La Coordinadora Operativa Municipal de MC en Monterrey invit\u00f3 a m\u00e1s personas a sumarse al proyecto. <\/p>\n\n\n\n<p>Daniel Acosta, Coordinador de la Segunda Circunscripci\u00f3n de Movimiento Ciudadano, se\u00f1al\u00f3 que hay que regresarle la dignidad a Monterrey. <\/p>\n\n\n\n<figure class=\"wp-block-image size-large\"><img loading=\"lazy\" decoding=\"async\" width=\"1024\" height=\"682\" src=\"https:\/\/digitalreportmx.com\/wp-content\/uploads\/2026\/04\/1000166930-1024x682.jpg\" alt=\"\" class=\"wp-image-36148\" srcset=\"https:\/\/digitalreportmx.com\/wp-content\/uploads\/2026\/04\/1000166930-1024x682.jpg 1024w, https:\/\/digitalreportmx.com\/wp-content\/uploads\/2026\/04\/1000166930-300x200.jpg 300w, https:\/\/digitalreportmx.com\/wp-content\/uploads\/2026\/04\/1000166930-768x512.jpg 768w, https:\/\/digitalreportmx.com\/wp-content\/uploads\/2026\/04\/1000166930-1536x1023.jpg 1536w, https:\/\/digitalreportmx.com\/wp-content\/uploads\/2026\/04\/1000166930.jpg 1600w\" sizes=\"auto, (max-width: 1024px) 100vw, 1024px\" \/><\/figure>\n\n\n\n<p>Con la finalidad de construir una ciudad m\u00e1s pr\u00f3spera, segura, con trabajo y un mejor futuro para todas y todos, contin\u00faan fortaleci\u00e9ndose los C\u00edrculos Ciudadanos en Monterrey.<\/p>\n\n\n\n<p><\/p>\n\n\n\n<p>En el Distrito 2, donde se realiz\u00f3 el evento este fin de semana, el modelo de organizaci\u00f3n ciudadana sigue creciendo y con ello sumaron otros 186 C\u00edrculos Ciudadanos, con m\u00e1s de 700 integrantes comprometidos con mejorar su entorno y fortalecer el tejido social, a los que les tom\u00f3 protesta Martha Herrera, Coordinadora Operativa Municipal de Monterrey.<\/p>\n\n\n\n<p>En su mensaje, Herrera se\u00f1al\u00f3 que el activismo social es el coraz\u00f3n de C\u00edrculos Ciudadanos, por lo que invit\u00f3 a m\u00e1s personas a sumarse. \u201cT\u00fa representas el coraz\u00f3n de Movimiento Ciudadano, el coraz\u00f3n de la ciudad, el coraz\u00f3n de Monterrey, de sus barrios, de sus colonias, lo tenemos muy claro.<\/p>\n\n\n\n<p>\u201cTodas las personas que estamos aqu\u00ed lo tenemos muy claro, pero hay que ir por m\u00e1s, hay que irles a mostrar que estamos presentes, porque como bien lo dec\u00edan ahorita, para estar presentes necesitamos estar conscientes, muy conscientes de lo que estamos viviendo, pero sobre todo de lo que no queremos vivir y eso es parte de lo que nosotros todos los d\u00edas tenemos que estar recordando y recordando, porque necesitamos defender la fuerza ciudadana. Necesitamos realmente luchar por ese Monterrey que nos merecemos\u201d, enfatiz\u00f3. <\/p>\n\n\n\n<figure class=\"wp-block-image size-large\"><img loading=\"lazy\" decoding=\"async\" width=\"1024\" height=\"682\" src=\"https:\/\/digitalreportmx.com\/wp-content\/uploads\/2026\/04\/1000166936-1024x682.jpg\" alt=\"\" class=\"wp-image-36146\" srcset=\"https:\/\/digitalreportmx.com\/wp-content\/uploads\/2026\/04\/1000166936-1024x682.jpg 1024w, https:\/\/digitalreportmx.com\/wp-content\/uploads\/2026\/04\/1000166936-300x200.jpg 300w, https:\/\/digitalreportmx.com\/wp-content\/uploads\/2026\/04\/1000166936-768x512.jpg 768w, https:\/\/digitalreportmx.com\/wp-content\/uploads\/2026\/04\/1000166936-1536x1023.jpg 1536w, https:\/\/digitalreportmx.com\/wp-content\/uploads\/2026\/04\/1000166936.jpg 1600w\" sizes=\"auto, (max-width: 1024px) 100vw, 1024px\" \/><\/figure>\n\n\n\n<p>Martha Herrera comparti\u00f3 adem\u00e1s las historias de coordinadores de C\u00edrculos Ciudadanos como Paco Jim\u00e9nez y Aurora Moreno, quienes habitan en este sector, y son ejemplo de c\u00f3mo se puede trabajar por la comunidad y proponer soluciones para los problemas que las aquejan. <\/p>\n\n\n\n<p>\u201cS\u00e9 que cada uno de ustedes llegaron aqu\u00ed porque han trabajado en sus colonias, est\u00e1n aqu\u00ed para defender lo que ustedes quieren ver, porque bien dicen: \u2018s\u00e9 t\u00fa el cambio que quieres ver en la vida\u2019, s\u00e9 t\u00fa el cambio que quieres ver en tu colonia, en tu barrio, en tu municipio\u201d, refiri\u00f3 Herrera. <\/p>\n\n\n\n<p>Por ello, hizo un llamado a las y los coordinadores a acercarse a sus vecinos, invitar a m\u00e1s personas a sumarse y construir, desde cada colonia, soluciones a las necesidades m\u00e1s apremiantes.<\/p>\n\n\n\n<p>En la ceremonia de Toma de Protesta de las y los Coordinadores de C\u00edrculos Ciudadanos de Monterrey tambi\u00e9n estuvo presente Daniel Acosta, Coordinador estatal de Movimiento Ciudadano, quien destac\u00f3 la importancia de este tipo de iniciativas que conectan a la gente y generan cambios reales en su entorno.<\/p>\n\n\n\n<p>\u201cHe caminado durante los \u00faltimos a\u00f1os, probablemente todas las colonias del norte de la ciudad y es totalmente inaceptable que nos abandonen y que nos olviden, porque esta parte merece dignidad y para eso tenemos que ganar en el 2027 otra vez el municipio de Monterrey. <\/p>\n\n\n\n<figure class=\"wp-block-image size-large\"><img loading=\"lazy\" decoding=\"async\" width=\"1024\" height=\"682\" src=\"https:\/\/digitalreportmx.com\/wp-content\/uploads\/2026\/04\/1000166934-1-1024x682.jpg\" alt=\"\" class=\"wp-image-36147\" srcset=\"https:\/\/digitalreportmx.com\/wp-content\/uploads\/2026\/04\/1000166934-1-1024x682.jpg 1024w, https:\/\/digitalreportmx.com\/wp-content\/uploads\/2026\/04\/1000166934-1-300x200.jpg 300w, https:\/\/digitalreportmx.com\/wp-content\/uploads\/2026\/04\/1000166934-1-768x512.jpg 768w, https:\/\/digitalreportmx.com\/wp-content\/uploads\/2026\/04\/1000166934-1-1536x1023.jpg 1536w, https:\/\/digitalreportmx.com\/wp-content\/uploads\/2026\/04\/1000166934-1.jpg 1600w\" sizes=\"auto, (max-width: 1024px) 100vw, 1024px\" \/><\/figure>\n\n\n\n<p>&#8220;Para retomar la dignidad que desde hace a\u00f1os han abandonado (\u2026).\u201cNuestra ciudad merece dignidad, nuestras calles merecen estar bacheadas, nuestras familias merecen estar seguras, nuestros hijos merecen salir a la calle y poder jugar como ustedes lo hac\u00edan de chiquitas y de chiquitos\u201d, refiri\u00f3 Acosta. <\/p>\n\n\n\n<p>Los C\u00edrculos Ciudadanos son organizaciones de personas comprometidas con transformar su entorno, qu\u00e9 tienen una causa y buscan acompa\u00f1amiento para atenderla, por lo que en Monterrey ya suman m\u00e1s de mil 700 de estos grupos con causas diversas. <\/p>\n\n\n\n<p>El pasado 18 de abril se dio la primera Toma de Protesta a m\u00e1s de mil 500 participantes de C\u00edrculos Ciudadanos de Monterrey en el Pabell\u00f3n M, con lo que la capital del estado se convirti\u00f3 en la ciudad con m\u00e1s C\u00edrculos Ciudadanos en todo el pa\u00eds, y hoy sum\u00f3 otros 186.<\/p>\n","protected":false},"excerpt":{"rendered":"<p>Monterrey, NL Martha Herrera se\u00f1al\u00f3 que el activismo social es el coraz\u00f3n de este proyecto que busca fortalecer v\u00ednculos y redes de confianza desde cada entorno. La Coordinadora Operativa Municipal de MC en Monterrey invit\u00f3 a m\u00e1s personas a sumarse al proyecto. Daniel Acosta, Coordinador de la Segunda Circunscripci\u00f3n de Movimiento Ciudadano, se\u00f1al\u00f3 que hay [&hellip;]<\/p>\n","protected":false},"author":1,"featured_media":36144,"comment_status":"open","ping_status":"open","sticky":false,"template":"","format":"standard","meta":{"om_disable_all_campaigns":false,"_monsterinsights_skip_tracking":false,"_monsterinsights_sitenote_active":false,"_monsterinsights_sitenote_note":"","_monsterinsights_sitenote_category":0,"footnotes":""},"categories":[16,13],"tags":[],"class_list":["post-36143","post","type-post","status-publish","format-standard","has-post-thumbnail","hentry","category-relevante-2","category-reporte-local"],"aioseo_notices":[],"_links":{"self":[{"href":"https:\/\/digitalreportmx.com\/index.php\/wp-json\/wp\/v2\/posts\/36143","targetHints":{"allow":["GET"]}}],"collection":[{"href":"https:\/\/digitalreportmx.com\/index.php\/wp-json\/wp\/v2\/posts"}],"about":[{"href":"https:\/\/digitalreportmx.com\/index.php\/wp-json\/wp\/v2\/types\/post"}],"author":[{"embeddable":true,"href":"https:\/\/digitalreportmx.com\/index.php\/wp-json\/wp\/v2\/users\/1"}],"replies":[{"embeddable":true,"href":"https:\/\/digitalreportmx.com\/index.php\/wp-json\/wp\/v2\/comments?post=36143"}],"version-history":[{"count":1,"href":"https:\/\/digitalreportmx.com\/index.php\/wp-json\/wp\/v2\/posts\/36143\/revisions"}],"predecessor-version":[{"id":36149,"href":"https:\/\/digitalreportmx.com\/index.php\/wp-json\/wp\/v2\/posts\/36143\/revisions\/36149"}],"wp:featuredmedia":[{"embeddable":true,"href":"https:\/\/digitalreportmx.com\/index.php\/wp-json\/wp\/v2\/media\/36144"}],"wp:attachment":[{"href":"https:\/\/digitalreportmx.com\/index.php\/wp-json\/wp\/v2\/media?parent=36143"}],"wp:term":[{"taxonomy":"category","embeddable":true,"href":"https:\/\/digitalreportmx.com\/index.php\/wp-json\/wp\/v2\/categories?post=36143"},{"taxonomy":"post_tag","embeddable":true,"href":"https:\/\/digitalreportmx.com\/index.php\/wp-json\/wp\/v2\/tags?post=36143"}],"curies":[{"name":"wp","href":"https:\/\/api.w.org\/{rel}","templated":true}]}}