{"id":36150,"date":"2026-04-26T21:11:14","date_gmt":"2026-04-27T03:11:14","guid":{"rendered":"https:\/\/digitalreportmx.com\/?p=36150"},"modified":"2026-04-26T21:11:36","modified_gmt":"2026-04-27T03:11:36","slug":"invade-magia-desfile-de-pascua-en-san-pedro","status":"publish","type":"post","link":"https:\/\/digitalreportmx.com\/index.php\/2026\/04\/26\/invade-magia-desfile-de-pascua-en-san-pedro\/","title":{"rendered":"Invade la magia en Desfile de Pascua en San Pedro"},"content":{"rendered":"\n<p>San Pedro Garza Garc\u00eda, NL<\/p>\n\n\n\n<p>El Municipio de San Pedro Garza Garc\u00eda celebr\u00f3 con gran entusiasmo el Desfile de Pascua 2026, un evento que reuni\u00f3 a familias sampetrinas en torno a la magia de los cuentos infantiles y el colorido de sus tradicionales carros aleg\u00f3ricos.<\/p>\n\n\n\n<figure class=\"wp-block-image size-large\"><img loading=\"lazy\" decoding=\"async\" width=\"1024\" height=\"682\" src=\"https:\/\/digitalreportmx.com\/wp-content\/uploads\/2026\/04\/1000167532-1024x682.jpg\" alt=\"\" class=\"wp-image-36156\" srcset=\"https:\/\/digitalreportmx.com\/wp-content\/uploads\/2026\/04\/1000167532-1024x682.jpg 1024w, https:\/\/digitalreportmx.com\/wp-content\/uploads\/2026\/04\/1000167532-300x200.jpg 300w, https:\/\/digitalreportmx.com\/wp-content\/uploads\/2026\/04\/1000167532-768x512.jpg 768w, https:\/\/digitalreportmx.com\/wp-content\/uploads\/2026\/04\/1000167532-1536x1023.jpg 1536w, https:\/\/digitalreportmx.com\/wp-content\/uploads\/2026\/04\/1000167532.jpg 1600w\" sizes=\"auto, (max-width: 1024px) 100vw, 1024px\" \/><\/figure>\n\n\n\n<p>Con la participaci\u00f3n de 17 contingentes integrados por cerca de mil personas, el desfile cont\u00f3 con academias de baile y gimnasia, batucadas, la marching band de la UANL e instituciones p\u00fablicas, quienes llenaron de m\u00fasica, energ\u00eda y creatividad las principales avenidas del municipio.<\/p>\n\n\n\n<figure class=\"wp-block-image size-large\"><img loading=\"lazy\" decoding=\"async\" width=\"1024\" height=\"682\" src=\"https:\/\/digitalreportmx.com\/wp-content\/uploads\/2026\/04\/1000167534-1024x682.jpg\" alt=\"\" class=\"wp-image-36152\" srcset=\"https:\/\/digitalreportmx.com\/wp-content\/uploads\/2026\/04\/1000167534-1024x682.jpg 1024w, https:\/\/digitalreportmx.com\/wp-content\/uploads\/2026\/04\/1000167534-300x200.jpg 300w, https:\/\/digitalreportmx.com\/wp-content\/uploads\/2026\/04\/1000167534-768x512.jpg 768w, https:\/\/digitalreportmx.com\/wp-content\/uploads\/2026\/04\/1000167534-1536x1023.jpg 1536w, https:\/\/digitalreportmx.com\/wp-content\/uploads\/2026\/04\/1000167534.jpg 1600w\" sizes=\"auto, (max-width: 1024px) 100vw, 1024px\" \/><\/figure>\n\n\n\n<p>La tem\u00e1tica de este a\u00f1o, inspirada en cuentos cl\u00e1sicos, dio vida a 17 carros aleg\u00f3ricos que representaron historias entra\u00f1ables como Pinocho, Los Tres Cochinitos, Caperucita Roja, la Coneja de Pascua, Hansel y Gretel, Ricitos de Oro, Juanito y el Frijolito M\u00e1gico, El Patito Feo, El Flautista de Hamel\u00edn, El Gato con Botas y La Sirenita, despertando sonrisas y asombro entre ni\u00f1as, ni\u00f1os y adultos.<\/p>\n\n\n\n<p>Las actividades iniciaron el s\u00e1bado 25 de abril con dos presentaciones del desfile: la primera en la zona poniente, recorriendo la avenida Clouthier, y la segunda a lo largo de la avenida Vasconcelos, donde cientos de familias se dieron cita para disfrutar del espect\u00e1culo.<\/p>\n\n\n\n<figure class=\"wp-block-image size-large\"><img loading=\"lazy\" decoding=\"async\" width=\"1024\" height=\"682\" src=\"https:\/\/digitalreportmx.com\/wp-content\/uploads\/2026\/04\/1000167530-1024x682.jpg\" alt=\"\" class=\"wp-image-36153\" srcset=\"https:\/\/digitalreportmx.com\/wp-content\/uploads\/2026\/04\/1000167530-1024x682.jpg 1024w, https:\/\/digitalreportmx.com\/wp-content\/uploads\/2026\/04\/1000167530-300x200.jpg 300w, https:\/\/digitalreportmx.com\/wp-content\/uploads\/2026\/04\/1000167530-768x512.jpg 768w, https:\/\/digitalreportmx.com\/wp-content\/uploads\/2026\/04\/1000167530-1536x1023.jpg 1536w, https:\/\/digitalreportmx.com\/wp-content\/uploads\/2026\/04\/1000167530.jpg 1600w\" sizes=\"auto, (max-width: 1024px) 100vw, 1024px\" \/><\/figure>\n\n\n\n<p>Este domingo 26 de abril, el desfile se llev\u00f3 a cabo en las Calzadas, donde se congregaron m\u00e1s de seis mil asistentes a lo largo del recorrido, consolid\u00e1ndose como uno de los eventos m\u00e1s esperados de la temporada.<\/p>\n\n\n\n<p>Como parte del evento, el Alcalde de San Pedro, Mauricio Farah, en compa\u00f1\u00eda de su familia, encabez\u00f3 el desfile, acompa\u00f1ando a los contingentes y saludando a las familias asistentes.<\/p>\n\n\n\n<figure class=\"wp-block-image size-large\"><img loading=\"lazy\" decoding=\"async\" width=\"1024\" height=\"682\" src=\"https:\/\/digitalreportmx.com\/wp-content\/uploads\/2026\/04\/1000167524-1024x682.jpg\" alt=\"\" class=\"wp-image-36154\" srcset=\"https:\/\/digitalreportmx.com\/wp-content\/uploads\/2026\/04\/1000167524-1024x682.jpg 1024w, https:\/\/digitalreportmx.com\/wp-content\/uploads\/2026\/04\/1000167524-300x200.jpg 300w, https:\/\/digitalreportmx.com\/wp-content\/uploads\/2026\/04\/1000167524-768x512.jpg 768w, https:\/\/digitalreportmx.com\/wp-content\/uploads\/2026\/04\/1000167524-1536x1023.jpg 1536w, https:\/\/digitalreportmx.com\/wp-content\/uploads\/2026\/04\/1000167524.jpg 1600w\" sizes=\"auto, (max-width: 1024px) 100vw, 1024px\" \/><\/figure>\n\n\n\n<p>El Municipio de San Pedro Garza Garc\u00eda agradece a las familias, participantes y organizaciones que hicieron posible este evento, reafirmando su compromiso de impulsar actividades que fortalecen el tejido social y promueven espacios de encuentro para todas y todos, en l\u00ednea con la visi\u00f3n de construir \u201cUn Solo San Pedro\u201d.<\/p>\n\n\n\n<figure class=\"wp-block-image size-large\"><img loading=\"lazy\" decoding=\"async\" width=\"1024\" height=\"682\" src=\"https:\/\/digitalreportmx.com\/wp-content\/uploads\/2026\/04\/1000167528-1024x682.jpg\" alt=\"\" class=\"wp-image-36155\" srcset=\"https:\/\/digitalreportmx.com\/wp-content\/uploads\/2026\/04\/1000167528-1024x682.jpg 1024w, https:\/\/digitalreportmx.com\/wp-content\/uploads\/2026\/04\/1000167528-300x200.jpg 300w, https:\/\/digitalreportmx.com\/wp-content\/uploads\/2026\/04\/1000167528-768x512.jpg 768w, https:\/\/digitalreportmx.com\/wp-content\/uploads\/2026\/04\/1000167528-1536x1023.jpg 1536w, https:\/\/digitalreportmx.com\/wp-content\/uploads\/2026\/04\/1000167528.jpg 1600w\" sizes=\"auto, (max-width: 1024px) 100vw, 1024px\" \/><\/figure>\n","protected":false},"excerpt":{"rendered":"<p>San Pedro Garza Garc\u00eda, NL El Municipio de San Pedro Garza Garc\u00eda celebr\u00f3 con gran entusiasmo el Desfile de Pascua 2026, un evento que reuni\u00f3 a familias sampetrinas en torno a la magia de los cuentos infantiles y el colorido de sus tradicionales carros aleg\u00f3ricos. Con la participaci\u00f3n de 17 contingentes integrados por cerca de [&hellip;]<\/p>\n","protected":false},"author":1,"featured_media":36151,"comment_status":"open","ping_status":"open","sticky":false,"template":"","format":"standard","meta":{"om_disable_all_campaigns":false,"_monsterinsights_skip_tracking":false,"_monsterinsights_sitenote_active":false,"_monsterinsights_sitenote_note":"","_monsterinsights_sitenote_category":0,"footnotes":""},"categories":[16,13],"tags":[],"class_list":["post-36150","post","type-post","status-publish","format-standard","has-post-thumbnail","hentry","category-relevante-2","category-reporte-local"],"aioseo_notices":[],"_links":{"self":[{"href":"https:\/\/digitalreportmx.com\/index.php\/wp-json\/wp\/v2\/posts\/36150","targetHints":{"allow":["GET"]}}],"collection":[{"href":"https:\/\/digitalreportmx.com\/index.php\/wp-json\/wp\/v2\/posts"}],"about":[{"href":"https:\/\/digitalreportmx.com\/index.php\/wp-json\/wp\/v2\/types\/post"}],"author":[{"embeddable":true,"href":"https:\/\/digitalreportmx.com\/index.php\/wp-json\/wp\/v2\/users\/1"}],"replies":[{"embeddable":true,"href":"https:\/\/digitalreportmx.com\/index.php\/wp-json\/wp\/v2\/comments?post=36150"}],"version-history":[{"count":2,"href":"https:\/\/digitalreportmx.com\/index.php\/wp-json\/wp\/v2\/posts\/36150\/revisions"}],"predecessor-version":[{"id":36158,"href":"https:\/\/digitalreportmx.com\/index.php\/wp-json\/wp\/v2\/posts\/36150\/revisions\/36158"}],"wp:featuredmedia":[{"embeddable":true,"href":"https:\/\/digitalreportmx.com\/index.php\/wp-json\/wp\/v2\/media\/36151"}],"wp:attachment":[{"href":"https:\/\/digitalreportmx.com\/index.php\/wp-json\/wp\/v2\/media?parent=36150"}],"wp:term":[{"taxonomy":"category","embeddable":true,"href":"https:\/\/digitalreportmx.com\/index.php\/wp-json\/wp\/v2\/categories?post=36150"},{"taxonomy":"post_tag","embeddable":true,"href":"https:\/\/digitalreportmx.com\/index.php\/wp-json\/wp\/v2\/tags?post=36150"}],"curies":[{"name":"wp","href":"https:\/\/api.w.org\/{rel}","templated":true}]}}