{"id":36180,"date":"2026-04-27T15:37:21","date_gmt":"2026-04-27T21:37:21","guid":{"rendered":"https:\/\/digitalreportmx.com\/?p=36180"},"modified":"2026-04-27T15:37:22","modified_gmt":"2026-04-27T21:37:22","slug":"impulsa-pan-y-empresarios-reforma-judicial-democratica","status":"publish","type":"post","link":"https:\/\/digitalreportmx.com\/index.php\/2026\/04\/27\/impulsa-pan-y-empresarios-reforma-judicial-democratica\/","title":{"rendered":"Impulsa PAN y empresarios reforma judicial democr\u00e1tica"},"content":{"rendered":"\n<p><kbd>Monterrey<\/kbd>, NL<\/p>\n\n\n\n<p>Para impulsar una reforma judicial ciudadana, Diputados Locales de Acci\u00f3n Nacional y representantes de 21 organismos empresariales se reunieron a fin de definir fechas y estrategias para la realizaci\u00f3n de Mesas de Trabajo para el estudio t\u00e9cnico del tema.<\/p>\n\n\n\n<p>La reuni\u00f3n tuvo lugar en el edificio del Poder Legislativo.<\/p>\n\n\n\n<p>Los legisladores albiazules fueron encabezados por el Coordinador Carlos de la Fuente Flores y la Diputada Myrna Grimaldo Iracheta quien es el enlace con la Iniciativa Privada.<\/p>\n\n\n\n<p>Por parte de los organismos de la Iniciativa Privada estuvieron Mauricio de la Garza del Consejo C\u00edvico, Javier Trevi\u00f1o de CANDEVI, Juan Pablo Gonz\u00e1lez de la Fundaci\u00f3n Konrad Adenauer, Jorge Mart\u00ednez y Francisco Rodr\u00edguez de Centro de Estudios sobre la Ense\u00f1anza y el Aprendizaje del Derecho, A.C , Cecilia Carrillo de COPARMEX y \u2060Rodrigo Plancarte de la CANADEVI.<\/p>\n\n\n\n<p>La Diputada Myrna Grimaldo Iracheta subray\u00f3 la finalidad de la reuni\u00f3n.<\/p>\n\n\n\n<p>&#8220;Generamos una reuni\u00f3n que nos estaba pidiendo el Consejo C\u00edvico junto con otros organismos para atender el tema de la reforma judicial, que est\u00e1 latente, que se vea rumbo al 2027, precisamente dentro de los procesos electorales que se vienen para gobierno, Diputados locales, Diputados federales y alcald\u00edas. Y ellos tienen una propuesta que es muy coincidente con una propuesta que ya present\u00f3 el grupo parlamentario del PRI, del PAN, y tambi\u00e9n el PRD, aqu\u00ed en el tema local&#8221;, explic\u00f3.<\/p>\n\n\n\n<p>&#8220;Son coincidentes en que deber\u00e1 de hacerse un proceso que sea efectivamente democr\u00e1tico, son coincidentes en que los candidatos deber\u00e1n ser gente preparada y con expertos en los temas judiciales, ser\u00e1n coincidentes en que no se puede volver a generar ese tema de listas fantasmas con candidatos que nadie conoce, que no tienen experiencia y que ni siquiera algunos candidatos sab\u00edan que iban en una lista&#8221;, a\u00f1adi\u00f3.<\/p>\n\n\n\n<p>La legisladora panista indic\u00f3 que los organismos empresariales solicitan que se le d\u00e9 celeridad al estudio de la reforma judicial.<\/p>\n\n\n\n<p>&#8220;S\u00ed, nosotros tendremos que trabajar y bueno, es la preocupaci\u00f3n de las c\u00e1maras, estuvo con nosotros Coparmex, Consejo C\u00edvico, la Canadevi, autoridades tambi\u00e9n de la academia que est\u00e1n aportando mucho a revisar el tema t\u00e9cnico para que la reforma judicial en Nuevo Le\u00f3n sea diferente a lo que ha ocurrido a nivel federal y lo que puede llegar a ocurrir en algunos otros Estados. Y buscando siempre que quien vayan a ser nuestros jueces, quien pueda determinar o dirimir casos en lo familiar, en lo civil, en lo judicial, en lo penal, pues sea gente que traiga una carrera precisamente con la experiencia necesaria para ser juzgador&#8221;, asegur\u00f3.<\/p>\n\n\n\n<p>&#8220;No, nos piden que se le d\u00e9 celeridad porque es un tema muy muy importante.Definitivamente el Grupo Legislativo del PAN est\u00e1 a favor de que se vaya nutriendo toda esta reforma con pues mesas de trabajo netamente t\u00e9cnicas, que los que est\u00e9n en estas mesas conozcan precisamente c\u00f3mo se debe mover un poder judicial tan robusto como el que hoy tenemos en Nuevo Le\u00f3n, que est\u00e1 pues calificado como de los mejores a nivel nacional Queremos seguir manteniendo esto. Obviamente entendemos que hay una reforma constitucional que marca que deberemos de llevar a cabo una elecci\u00f3n p\u00fablica al respecto de nuestros magistrados, de nuestros jueces, etc\u00e9tera &#8220;, detall\u00f3.<\/p>\n\n\n\n<p>Myrna Grimaldo denunci\u00f3 que Morena sigue alargando el an\u00e1lisis de la reforma.<\/p>\n\n\n\n<p>&#8220;Los acuerdos fueron seguir caminando con ellos, estamos totalmente a favor de que esta reforma se vaya contemplando y no estar &#8216;pateando el bote&#8217; porque hoy definitivamente pues sentimos y hay que decirlo claramente que el Grupo Parlamentario de Morena est\u00e1 &#8216;pateando el bote&#8217;, no quiere llevar a cabo estas mesas de trabajo que son netamente t\u00e9cnicas y que los que estamos integrando la Comisi\u00f3n de Puntos Constitucionales de los otros partidos pues vamos a pugnar porque estas mesas de trabajo se lleven a cabo. Definitivamente esos fueron los acuerdos, decirlo p\u00fablicamente que estamos con todas las organizaciones empresariales a favor de que este tema vaya caminando porque estamos a poco de que lleguen las elecciones, entonces ser\u00eda tambi\u00e9n complejo tener elecciones de todos los funcionarios que ya mencion\u00e9, m\u00e1s el poder judicial v\u00eda listas como ya sucedi\u00f3&#8221;,<\/p>\n\n\n\n<p>&#8220;Quisi\u00e9ramos verlo ya en el papel y en el voto, quisi\u00e9ramos verlo en el dictamen que promueva la diputada Berenice Martinez D\u00edaz que es la presidenta de Puntos Constitucionales porque definitivamente una cosa es decirlo y otra cosa es hacerlo y hemos tenido pues ahora s\u00ed que cuestiones que est\u00e1n acordadas y ahora a la hora del voto salen con un voto diferente y pues veremos c\u00f3mo van avanzando estos trabajos&#8221;, concluy\u00f3 Grimaldo Iracheta.<\/p>\n","protected":false},"excerpt":{"rendered":"<p>Monterrey, NL Para impulsar una reforma judicial ciudadana, Diputados Locales de Acci\u00f3n Nacional y representantes de 21 organismos empresariales se reunieron a fin de definir fechas y estrategias para la realizaci\u00f3n de Mesas de Trabajo para el estudio t\u00e9cnico del tema. La reuni\u00f3n tuvo lugar en el edificio del Poder Legislativo. Los legisladores albiazules fueron [&hellip;]<\/p>\n","protected":false},"author":1,"featured_media":36181,"comment_status":"open","ping_status":"open","sticky":false,"template":"","format":"standard","meta":{"om_disable_all_campaigns":false,"_monsterinsights_skip_tracking":false,"_monsterinsights_sitenote_active":false,"_monsterinsights_sitenote_note":"","_monsterinsights_sitenote_category":0,"footnotes":""},"categories":[16,13],"tags":[],"class_list":["post-36180","post","type-post","status-publish","format-standard","has-post-thumbnail","hentry","category-relevante-2","category-reporte-local"],"aioseo_notices":[],"_links":{"self":[{"href":"https:\/\/digitalreportmx.com\/index.php\/wp-json\/wp\/v2\/posts\/36180","targetHints":{"allow":["GET"]}}],"collection":[{"href":"https:\/\/digitalreportmx.com\/index.php\/wp-json\/wp\/v2\/posts"}],"about":[{"href":"https:\/\/digitalreportmx.com\/index.php\/wp-json\/wp\/v2\/types\/post"}],"author":[{"embeddable":true,"href":"https:\/\/digitalreportmx.com\/index.php\/wp-json\/wp\/v2\/users\/1"}],"replies":[{"embeddable":true,"href":"https:\/\/digitalreportmx.com\/index.php\/wp-json\/wp\/v2\/comments?post=36180"}],"version-history":[{"count":1,"href":"https:\/\/digitalreportmx.com\/index.php\/wp-json\/wp\/v2\/posts\/36180\/revisions"}],"predecessor-version":[{"id":36182,"href":"https:\/\/digitalreportmx.com\/index.php\/wp-json\/wp\/v2\/posts\/36180\/revisions\/36182"}],"wp:featuredmedia":[{"embeddable":true,"href":"https:\/\/digitalreportmx.com\/index.php\/wp-json\/wp\/v2\/media\/36181"}],"wp:attachment":[{"href":"https:\/\/digitalreportmx.com\/index.php\/wp-json\/wp\/v2\/media?parent=36180"}],"wp:term":[{"taxonomy":"category","embeddable":true,"href":"https:\/\/digitalreportmx.com\/index.php\/wp-json\/wp\/v2\/categories?post=36180"},{"taxonomy":"post_tag","embeddable":true,"href":"https:\/\/digitalreportmx.com\/index.php\/wp-json\/wp\/v2\/tags?post=36180"}],"curies":[{"name":"wp","href":"https:\/\/api.w.org\/{rel}","templated":true}]}}