{"id":36184,"date":"2026-04-27T15:44:52","date_gmt":"2026-04-27T21:44:52","guid":{"rendered":"https:\/\/digitalreportmx.com\/?p=36184"},"modified":"2026-04-27T15:44:53","modified_gmt":"2026-04-27T21:44:53","slug":"busca-sp-con-udem-profesionalizar-servicio-publico","status":"publish","type":"post","link":"https:\/\/digitalreportmx.com\/index.php\/2026\/04\/27\/busca-sp-con-udem-profesionalizar-servicio-publico\/","title":{"rendered":"Busca SP con UDEM profesionalizar servicio p\u00fablico"},"content":{"rendered":"\n<p><kbd>San Pedro Garza Garc\u00eda<\/kbd>, NL<\/p>\n\n\n\n<p>Con el objetivo de fortalecer la calidad del servicio p\u00fablico y consolidar a San Pedro Garza Garc\u00eda como un referente nacional en la profesionalizaci\u00f3n gubernamental, el Alcalde de San Pedro, Mauricio Farah Giacom\u00e1n, encabez\u00f3 la firma de un convenio de colaboraci\u00f3n con la Universidad de Monterrey (UDEM), como parte del \u201cProyecto Legado Educativo\u201d.<\/p>\n\n\n\n<p>Este acuerdo busca otorgar cobertura completa de matr\u00edcula en estudios de posgrado a servidores p\u00fablicos en cada ciclo acad\u00e9mico, promoviendo as\u00ed el desarrollo de talento dentro de la administraci\u00f3n municipal y elevando los est\u00e1ndares de desempe\u00f1o en beneficio de la ciudadan\u00eda.<\/p>\n\n\n\n<p>\u201cCon la firma de este convenio de colaboraci\u00f3n\u2026 pues, bueno, m\u00e1s que feliz, porque finalmente va a ser de mucho beneficio para todos los empleados municipales, para todos los funcionarios, para que San Pedro siga teniendo a\u00fan mejores funcionarios de carrera con mayores capacidades y, sobre todo, mayor aprendizaje y conocimiento en las distintas \u00e1reas que muchos se desempe\u00f1en\u201d, indic\u00f3 el Alcalde.<\/p>\n\n\n\n<figure class=\"wp-block-image size-large\"><img loading=\"lazy\" decoding=\"async\" width=\"1024\" height=\"682\" src=\"https:\/\/digitalreportmx.com\/wp-content\/uploads\/2026\/04\/1000168562-1024x682.jpg\" alt=\"\" class=\"wp-image-36186\" srcset=\"https:\/\/digitalreportmx.com\/wp-content\/uploads\/2026\/04\/1000168562-1024x682.jpg 1024w, https:\/\/digitalreportmx.com\/wp-content\/uploads\/2026\/04\/1000168562-300x200.jpg 300w, https:\/\/digitalreportmx.com\/wp-content\/uploads\/2026\/04\/1000168562-768x512.jpg 768w, https:\/\/digitalreportmx.com\/wp-content\/uploads\/2026\/04\/1000168562-1536x1024.jpg 1536w, https:\/\/digitalreportmx.com\/wp-content\/uploads\/2026\/04\/1000168562-2048x1365.jpg 2048w\" sizes=\"auto, (max-width: 1024px) 100vw, 1024px\" \/><\/figure>\n\n\n\n<p>La firma del documento se llev\u00f3 a cabo con la participaci\u00f3n del Rector de la UDEM, Mario P\u00e1ez, quien resalt\u00f3 la importancia de este convenio, al fortalecer la conexi\u00f3n entre la pr\u00e1ctica profesional y el conocimiento especializado.<\/p>\n\n\n\n<p>\u201cDe esta manera, se fortalece la conexi\u00f3n entre la pr\u00e1ctica profesional y el conocimiento especializado\u201d, mencion\u00f3.<\/p>\n\n\n\n<p>Durante el evento, Farah Giacom\u00e1n explic\u00f3 que habr\u00e1 un comit\u00e9 especializado encargado de evaluar a los prospectos.<\/p>\n\n\n\n<figure class=\"wp-block-image size-large\"><img loading=\"lazy\" decoding=\"async\" width=\"1024\" height=\"682\" src=\"https:\/\/digitalreportmx.com\/wp-content\/uploads\/2026\/04\/1000168555-1024x682.jpg\" alt=\"\" class=\"wp-image-36187\" srcset=\"https:\/\/digitalreportmx.com\/wp-content\/uploads\/2026\/04\/1000168555-1024x682.jpg 1024w, https:\/\/digitalreportmx.com\/wp-content\/uploads\/2026\/04\/1000168555-300x200.jpg 300w, https:\/\/digitalreportmx.com\/wp-content\/uploads\/2026\/04\/1000168555-768x512.jpg 768w, https:\/\/digitalreportmx.com\/wp-content\/uploads\/2026\/04\/1000168555-1536x1024.jpg 1536w, https:\/\/digitalreportmx.com\/wp-content\/uploads\/2026\/04\/1000168555-2048x1365.jpg 2048w\" sizes=\"auto, (max-width: 1024px) 100vw, 1024px\" \/><\/figure>\n\n\n\n<p>\u201cEst\u00e1 abierto a a todo el empleado municipal, que s\u00e9 que va a ser de much\u00edsima ayuda. Hay mucho inter\u00e9s de parte de muchos trabajadores actualmente por seguir desenvolvi\u00e9ndose en en la materia educativa\u201d, dijo el Alcalde<\/p>\n\n\n\n<p>Al evento acudieron el Secretario General, Luis Susarrey; el Contralor Municipal, Daniel Ruiz; el Regidor Alejandro Rodr\u00edguez Michelsen, presidente de la Comisi\u00f3n de Cultura y Educaci\u00f3n del Cabildo, y el Presidente del Consejo de la UDEM, \u00c1lvaro Fern\u00e1ndez Garza.<\/p>\n\n\n\n<figure class=\"wp-block-image size-large\"><img loading=\"lazy\" decoding=\"async\" width=\"1024\" height=\"682\" src=\"https:\/\/digitalreportmx.com\/wp-content\/uploads\/2026\/04\/1000168558-1024x682.jpg\" alt=\"\" class=\"wp-image-36188\" srcset=\"https:\/\/digitalreportmx.com\/wp-content\/uploads\/2026\/04\/1000168558-1024x682.jpg 1024w, https:\/\/digitalreportmx.com\/wp-content\/uploads\/2026\/04\/1000168558-300x200.jpg 300w, https:\/\/digitalreportmx.com\/wp-content\/uploads\/2026\/04\/1000168558-768x512.jpg 768w, https:\/\/digitalreportmx.com\/wp-content\/uploads\/2026\/04\/1000168558-1536x1024.jpg 1536w, https:\/\/digitalreportmx.com\/wp-content\/uploads\/2026\/04\/1000168558-2048x1365.jpg 2048w\" sizes=\"auto, (max-width: 1024px) 100vw, 1024px\" \/><\/figure>\n","protected":false},"excerpt":{"rendered":"<p>San Pedro Garza Garc\u00eda, NL Con el objetivo de fortalecer la calidad del servicio p\u00fablico y consolidar a San Pedro Garza Garc\u00eda como un referente nacional en la profesionalizaci\u00f3n gubernamental, el Alcalde de San Pedro, Mauricio Farah Giacom\u00e1n, encabez\u00f3 la firma de un convenio de colaboraci\u00f3n con la Universidad de Monterrey (UDEM), como parte del [&hellip;]<\/p>\n","protected":false},"author":1,"featured_media":36185,"comment_status":"open","ping_status":"open","sticky":false,"template":"","format":"standard","meta":{"om_disable_all_campaigns":false,"_monsterinsights_skip_tracking":false,"_monsterinsights_sitenote_active":false,"_monsterinsights_sitenote_note":"","_monsterinsights_sitenote_category":0,"footnotes":""},"categories":[16,13],"tags":[],"class_list":["post-36184","post","type-post","status-publish","format-standard","has-post-thumbnail","hentry","category-relevante-2","category-reporte-local"],"aioseo_notices":[],"_links":{"self":[{"href":"https:\/\/digitalreportmx.com\/index.php\/wp-json\/wp\/v2\/posts\/36184","targetHints":{"allow":["GET"]}}],"collection":[{"href":"https:\/\/digitalreportmx.com\/index.php\/wp-json\/wp\/v2\/posts"}],"about":[{"href":"https:\/\/digitalreportmx.com\/index.php\/wp-json\/wp\/v2\/types\/post"}],"author":[{"embeddable":true,"href":"https:\/\/digitalreportmx.com\/index.php\/wp-json\/wp\/v2\/users\/1"}],"replies":[{"embeddable":true,"href":"https:\/\/digitalreportmx.com\/index.php\/wp-json\/wp\/v2\/comments?post=36184"}],"version-history":[{"count":1,"href":"https:\/\/digitalreportmx.com\/index.php\/wp-json\/wp\/v2\/posts\/36184\/revisions"}],"predecessor-version":[{"id":36189,"href":"https:\/\/digitalreportmx.com\/index.php\/wp-json\/wp\/v2\/posts\/36184\/revisions\/36189"}],"wp:featuredmedia":[{"embeddable":true,"href":"https:\/\/digitalreportmx.com\/index.php\/wp-json\/wp\/v2\/media\/36185"}],"wp:attachment":[{"href":"https:\/\/digitalreportmx.com\/index.php\/wp-json\/wp\/v2\/media?parent=36184"}],"wp:term":[{"taxonomy":"category","embeddable":true,"href":"https:\/\/digitalreportmx.com\/index.php\/wp-json\/wp\/v2\/categories?post=36184"},{"taxonomy":"post_tag","embeddable":true,"href":"https:\/\/digitalreportmx.com\/index.php\/wp-json\/wp\/v2\/tags?post=36184"}],"curies":[{"name":"wp","href":"https:\/\/api.w.org\/{rel}","templated":true}]}}