{"id":36215,"date":"2026-04-27T17:25:15","date_gmt":"2026-04-27T23:25:15","guid":{"rendered":"https:\/\/digitalreportmx.com\/?p=36215"},"modified":"2026-04-27T17:25:44","modified_gmt":"2026-04-27T23:25:44","slug":"exigen-seguridad-en-centro-de-monterrey","status":"publish","type":"post","link":"https:\/\/digitalreportmx.com\/index.php\/2026\/04\/27\/exigen-seguridad-en-centro-de-monterrey\/","title":{"rendered":"Exigen seguridad en centro de Monterrey"},"content":{"rendered":"\n<p><kbd>Nuevo Le\u00f3n<\/kbd><\/p>\n\n\n\n<p>La Coordinadora de la Bancada de Movimiento Ciudadano, Sandra P\u00e1manes, se\u00f1al\u00f3 como \u201cgrave y alarmante\u201d la situaci\u00f3n de inseguridad que se vive en el primer cuadro de la ciudad de Monterrey, al acusar que la administraci\u00f3n municipal ha mantenido la zona en \u201cabandono total\u201d y sin acciones contundentes para contener la violencia.<\/p>\n\n\n\n<p>P\u00e1manes critic\u00f3 que los programas de seguridad anunciados por el gobierno municipal han quedado \u201cen letra muerta\u201d, sin resultados visibles ni seguimiento efectivo, pese a los hechos delictivos registrados en la zona centro, incluidos homicidios que han encendido las alertas entre la ciudadan\u00eda.<\/p>\n\n\n\n<p>\u201cEs muy grave la situaci\u00f3n que estamos padeciendo en todo el primer cuadro de la ciudad. Es un tema que lamentablemente la administraci\u00f3n municipal ha dejado en el total abandono y en el descuido total.<\/p>\n\n\n\n<figure class=\"wp-block-image size-large\"><img loading=\"lazy\" decoding=\"async\" width=\"1024\" height=\"768\" src=\"https:\/\/digitalreportmx.com\/wp-content\/uploads\/2026\/04\/1000237754-1024x768.jpg\" alt=\"\" class=\"wp-image-36216\" srcset=\"https:\/\/digitalreportmx.com\/wp-content\/uploads\/2026\/04\/1000237754-1024x768.jpg 1024w, https:\/\/digitalreportmx.com\/wp-content\/uploads\/2026\/04\/1000237754-300x225.jpg 300w, https:\/\/digitalreportmx.com\/wp-content\/uploads\/2026\/04\/1000237754-768x576.jpg 768w, https:\/\/digitalreportmx.com\/wp-content\/uploads\/2026\/04\/1000237754-1536x1152.jpg 1536w, https:\/\/digitalreportmx.com\/wp-content\/uploads\/2026\/04\/1000237754.jpg 1600w\" sizes=\"auto, (max-width: 1024px) 100vw, 1024px\" \/><\/figure>\n\n\n\n<p>Los grandes programas que ellos mismos hab\u00edan ofrecido acerca de la seguridad en este primer cuadro de la ciudad, pues obviamente han quedado en letra muerta\u201d, expres\u00f3.<\/p>\n\n\n\n<p>La diputada exigi\u00f3 a la administraci\u00f3n encabezada por el alcalde Adri\u00e1n de la Garza que priorice la seguridad por encima de otras acciones de gobierno, como intervenciones urbanas o demoliciones de obra p\u00fablica, al considerar que la violencia en el centro de Monterrey debe atenderse con urgencia.<\/p>\n\n\n\n<p>\u201cNo hay acciones contundentes ni claras de seguimiento. Ha habido incluso asesinatos en este primer cuadro, muy lamentables, y hacemos un llamado a la autoridad municipal para que ponga toda la energ\u00eda y la fuerza necesaria para que la polic\u00eda de Monterrey act\u00fae de manera contundente y se pueda frenar esta ola de violencia\u201d, se\u00f1al\u00f3.<\/p>\n\n\n\n<p>P\u00e1manes subray\u00f3 que el primer cuadro de la ciudad concentra una alta movilidad diaria, al tratarse de un punto de conexi\u00f3n para personas de distintos municipios del \u00e1rea metropolitana, adem\u00e1s de ser un n\u00facleo comercial y de transporte.<\/p>\n\n\n\n<p>Explic\u00f3 que diariamente transitan en la zona cerca de medio mill\u00f3n de personas, lo que hace indispensable reforzar la seguridad en todos los sentidos, vigilancia policial, protecci\u00f3n al comercio y control de \u00e1reas de transferencia de transporte p\u00fablico.<\/p>\n\n\n\n<p>\u201cEs importante que se refuerce la seguridad en este primer cuadro y hago responsable de esto al alcalde Adri\u00e1n de la Garza\u201d, concluy\u00f3.<\/p>\n","protected":false},"excerpt":{"rendered":"<p>Nuevo Le\u00f3n La Coordinadora de la Bancada de Movimiento Ciudadano, Sandra P\u00e1manes, se\u00f1al\u00f3 como \u201cgrave y alarmante\u201d la situaci\u00f3n de inseguridad que se vive en el primer cuadro de la ciudad de Monterrey, al acusar que la administraci\u00f3n municipal ha mantenido la zona en \u201cabandono total\u201d y sin acciones contundentes para contener la violencia. P\u00e1manes [&hellip;]<\/p>\n","protected":false},"author":1,"featured_media":36217,"comment_status":"open","ping_status":"open","sticky":false,"template":"","format":"standard","meta":{"om_disable_all_campaigns":false,"_monsterinsights_skip_tracking":false,"_monsterinsights_sitenote_active":false,"_monsterinsights_sitenote_note":"","_monsterinsights_sitenote_category":0,"footnotes":""},"categories":[15,6],"tags":[],"class_list":["post-36215","post","type-post","status-publish","format-standard","has-post-thumbnail","hentry","category-relevante","category-local"],"aioseo_notices":[],"_links":{"self":[{"href":"https:\/\/digitalreportmx.com\/index.php\/wp-json\/wp\/v2\/posts\/36215","targetHints":{"allow":["GET"]}}],"collection":[{"href":"https:\/\/digitalreportmx.com\/index.php\/wp-json\/wp\/v2\/posts"}],"about":[{"href":"https:\/\/digitalreportmx.com\/index.php\/wp-json\/wp\/v2\/types\/post"}],"author":[{"embeddable":true,"href":"https:\/\/digitalreportmx.com\/index.php\/wp-json\/wp\/v2\/users\/1"}],"replies":[{"embeddable":true,"href":"https:\/\/digitalreportmx.com\/index.php\/wp-json\/wp\/v2\/comments?post=36215"}],"version-history":[{"count":2,"href":"https:\/\/digitalreportmx.com\/index.php\/wp-json\/wp\/v2\/posts\/36215\/revisions"}],"predecessor-version":[{"id":36219,"href":"https:\/\/digitalreportmx.com\/index.php\/wp-json\/wp\/v2\/posts\/36215\/revisions\/36219"}],"wp:featuredmedia":[{"embeddable":true,"href":"https:\/\/digitalreportmx.com\/index.php\/wp-json\/wp\/v2\/media\/36217"}],"wp:attachment":[{"href":"https:\/\/digitalreportmx.com\/index.php\/wp-json\/wp\/v2\/media?parent=36215"}],"wp:term":[{"taxonomy":"category","embeddable":true,"href":"https:\/\/digitalreportmx.com\/index.php\/wp-json\/wp\/v2\/categories?post=36215"},{"taxonomy":"post_tag","embeddable":true,"href":"https:\/\/digitalreportmx.com\/index.php\/wp-json\/wp\/v2\/tags?post=36215"}],"curies":[{"name":"wp","href":"https:\/\/api.w.org\/{rel}","templated":true}]}}