{"id":36270,"date":"2026-04-28T11:57:18","date_gmt":"2026-04-28T17:57:18","guid":{"rendered":"https:\/\/digitalreportmx.com\/?p=36270"},"modified":"2026-04-28T11:57:22","modified_gmt":"2026-04-28T17:57:22","slug":"festeja-santa-catarina-a-ninos","status":"publish","type":"post","link":"https:\/\/digitalreportmx.com\/index.php\/2026\/04\/28\/festeja-santa-catarina-a-ninos\/","title":{"rendered":"Festeja Santa Catarina a ni\u00f1os"},"content":{"rendered":"\n<p><kbd>Santa Catarina, NL<\/kbd><\/p>\n\n\n\n<p>El Gobierno de Santa Catarina dio inicio a la celebraci\u00f3n de la Semana del Ni\u00f1o con actividades pensadas para llevar alegr\u00eda a los menores y convivencia familiar a distintos sectores del municipio.<\/p>\n\n\n\n<p>El arranque de los festejos se realiz\u00f3 en las colonias Lomas de Santa Catarina y Cumbres de Santa Catarina, eventos encabezados por el Alcalde alcalde Jes\u00fas Nava Rivera, Paola Garc\u00eda Yves y Elizabeth Galicia Ruiz, presidenta y titular del DIF municipal, respectivamente, quienes convivieron con ni\u00f1as, ni\u00f1os y sus familias.<\/p>\n\n\n\n<figure class=\"wp-block-image size-large\"><img loading=\"lazy\" decoding=\"async\" width=\"1024\" height=\"685\" src=\"https:\/\/digitalreportmx.com\/wp-content\/uploads\/2026\/04\/1000169940-1024x685.jpg\" alt=\"\" class=\"wp-image-36272\" srcset=\"https:\/\/digitalreportmx.com\/wp-content\/uploads\/2026\/04\/1000169940-1024x685.jpg 1024w, https:\/\/digitalreportmx.com\/wp-content\/uploads\/2026\/04\/1000169940-300x201.jpg 300w, https:\/\/digitalreportmx.com\/wp-content\/uploads\/2026\/04\/1000169940-768x514.jpg 768w, https:\/\/digitalreportmx.com\/wp-content\/uploads\/2026\/04\/1000169940.jpg 1280w\" sizes=\"auto, (max-width: 1024px) 100vw, 1024px\" \/><\/figure>\n\n\n\n<p>Con esto los peque\u00f1os disfrutaron de shows infantiles, din\u00e1micas recreativas, m\u00fasica, juegos y la entrega de regalos, en un ambiente lleno de alegr\u00eda y felicidad.<\/p>\n\n\n\n<p>Nava Rivera dijo que estas actividades buscan resaltar la importancia de las ni\u00f1as y ni\u00f1os para el Gobierno Municipal.<\/p>\n\n\n\n<figure class=\"wp-block-image size-large\"><img loading=\"lazy\" decoding=\"async\" width=\"1024\" height=\"768\" src=\"https:\/\/digitalreportmx.com\/wp-content\/uploads\/2026\/04\/1000169946-1024x768.jpg\" alt=\"\" class=\"wp-image-36273\" srcset=\"https:\/\/digitalreportmx.com\/wp-content\/uploads\/2026\/04\/1000169946-1024x768.jpg 1024w, https:\/\/digitalreportmx.com\/wp-content\/uploads\/2026\/04\/1000169946-300x225.jpg 300w, https:\/\/digitalreportmx.com\/wp-content\/uploads\/2026\/04\/1000169946-768x576.jpg 768w, https:\/\/digitalreportmx.com\/wp-content\/uploads\/2026\/04\/1000169946.jpg 1280w\" sizes=\"auto, (max-width: 1024px) 100vw, 1024px\" \/><\/figure>\n\n\n\n<p>\u201cQueremos que todas las ni\u00f1as y ni\u00f1os vivan una semana llena de alegr\u00eda, diversi\u00f3n y momentos inolvidables; su felicidad y bienestar son nuestra prioridad\u201d.<\/p>\n\n\n\n<figure class=\"wp-block-image size-large\"><img loading=\"lazy\" decoding=\"async\" width=\"1024\" height=\"685\" src=\"https:\/\/digitalreportmx.com\/wp-content\/uploads\/2026\/04\/1000169942-1024x685.jpg\" alt=\"\" class=\"wp-image-36274\" srcset=\"https:\/\/digitalreportmx.com\/wp-content\/uploads\/2026\/04\/1000169942-1024x685.jpg 1024w, https:\/\/digitalreportmx.com\/wp-content\/uploads\/2026\/04\/1000169942-300x201.jpg 300w, https:\/\/digitalreportmx.com\/wp-content\/uploads\/2026\/04\/1000169942-768x514.jpg 768w, https:\/\/digitalreportmx.com\/wp-content\/uploads\/2026\/04\/1000169942-1536x1027.jpg 1536w, https:\/\/digitalreportmx.com\/wp-content\/uploads\/2026\/04\/1000169942.jpg 1600w\" sizes=\"auto, (max-width: 1024px) 100vw, 1024px\" \/><\/figure>\n\n\n\n<p>Durante la semana la fiesta continuar\u00e1 recorriendo diferentes colonias para acercar las actividades a m\u00e1s familias santacatarinenses.<\/p>\n\n\n\n<figure class=\"wp-block-video\"><video controls src=\"https:\/\/digitalreportmx.com\/wp-content\/uploads\/2026\/04\/1000169952.mp4\"><\/video><\/figure>\n\n\n\n<p>La Semana del Ni\u00f1o llegar\u00e1 tambi\u00e9n a Prados de Santa Catarina, Puerta Mitras, Vado Monta\u00f1a, Rinc\u00f3n del Poniente, Balcones de Santa Catarina, Hacienda El Palmar, La Fama II y M\u00e1rtires de Cananea, llevando diversi\u00f3n y sonrisas a cada rinc\u00f3n del municipio.<\/p>\n","protected":false},"excerpt":{"rendered":"<p>Santa Catarina, NL El Gobierno de Santa Catarina dio inicio a la celebraci\u00f3n de la Semana del Ni\u00f1o con actividades pensadas para llevar alegr\u00eda a los menores y convivencia familiar a distintos sectores del municipio. El arranque de los festejos se realiz\u00f3 en las colonias Lomas de Santa Catarina y Cumbres de Santa Catarina, eventos [&hellip;]<\/p>\n","protected":false},"author":1,"featured_media":36271,"comment_status":"open","ping_status":"open","sticky":false,"template":"","format":"standard","meta":{"om_disable_all_campaigns":false,"_monsterinsights_skip_tracking":false,"_monsterinsights_sitenote_active":false,"_monsterinsights_sitenote_note":"","_monsterinsights_sitenote_category":0,"footnotes":""},"categories":[16,13],"tags":[],"class_list":["post-36270","post","type-post","status-publish","format-standard","has-post-thumbnail","hentry","category-relevante-2","category-reporte-local"],"aioseo_notices":[],"_links":{"self":[{"href":"https:\/\/digitalreportmx.com\/index.php\/wp-json\/wp\/v2\/posts\/36270","targetHints":{"allow":["GET"]}}],"collection":[{"href":"https:\/\/digitalreportmx.com\/index.php\/wp-json\/wp\/v2\/posts"}],"about":[{"href":"https:\/\/digitalreportmx.com\/index.php\/wp-json\/wp\/v2\/types\/post"}],"author":[{"embeddable":true,"href":"https:\/\/digitalreportmx.com\/index.php\/wp-json\/wp\/v2\/users\/1"}],"replies":[{"embeddable":true,"href":"https:\/\/digitalreportmx.com\/index.php\/wp-json\/wp\/v2\/comments?post=36270"}],"version-history":[{"count":1,"href":"https:\/\/digitalreportmx.com\/index.php\/wp-json\/wp\/v2\/posts\/36270\/revisions"}],"predecessor-version":[{"id":36276,"href":"https:\/\/digitalreportmx.com\/index.php\/wp-json\/wp\/v2\/posts\/36270\/revisions\/36276"}],"wp:featuredmedia":[{"embeddable":true,"href":"https:\/\/digitalreportmx.com\/index.php\/wp-json\/wp\/v2\/media\/36271"}],"wp:attachment":[{"href":"https:\/\/digitalreportmx.com\/index.php\/wp-json\/wp\/v2\/media?parent=36270"}],"wp:term":[{"taxonomy":"category","embeddable":true,"href":"https:\/\/digitalreportmx.com\/index.php\/wp-json\/wp\/v2\/categories?post=36270"},{"taxonomy":"post_tag","embeddable":true,"href":"https:\/\/digitalreportmx.com\/index.php\/wp-json\/wp\/v2\/tags?post=36270"}],"curies":[{"name":"wp","href":"https:\/\/api.w.org\/{rel}","templated":true}]}}