{"id":36440,"date":"2026-04-30T14:48:21","date_gmt":"2026-04-30T20:48:21","guid":{"rendered":"https:\/\/digitalreportmx.com\/?p=36440"},"modified":"2026-04-30T14:48:30","modified_gmt":"2026-04-30T20:48:30","slug":"anuncian-cambios-en-el-gabinete-del-municipio-de-monterrey","status":"publish","type":"post","link":"https:\/\/digitalreportmx.com\/index.php\/2026\/04\/30\/anuncian-cambios-en-el-gabinete-del-municipio-de-monterrey\/","title":{"rendered":"Anuncian cambios en el gabinete del municipio de Monterrey"},"content":{"rendered":"\n<p><kbd>Monterrey, NL <\/kbd><\/p>\n\n\n\n<p>El alcalde de Monterrey, Adri\u00e1n de la Garza, anunci\u00f3 este d\u00eda una serie de cambios en su<br>gabinete con el objetivo de fortalecer la capacidad de respuesta del gobierno municipal,consolidar resultados y reforzar la cercan\u00eda con la ciudadan\u00eda.<\/p>\n\n\n\n<p>Durante un mensaje dirigido a la poblaci\u00f3n, el edil subray\u00f3 que Monterrey atraviesa un<br>momento que exige decisiones firmes, car\u00e1cter y un enfoque claro en resolver los problemasde la gente.<\/p>\n\n\n\n<p>Destac\u00f3 que los ajustes en su administraci\u00f3n est\u00e1n: \u201cencaminados a garantizar el bien<br>com\u00fan, reforzar la cercan\u00eda con la ciudadan\u00eda, y que con una vocaci\u00f3n humanista<br>podamos atender mejor sus necesidades.\u201d<br>Cambios en el gabinete<br><\/p>\n\n\n\n<figure class=\"wp-block-image size-large\"><img loading=\"lazy\" decoding=\"async\" width=\"1024\" height=\"683\" src=\"https:\/\/digitalreportmx.com\/wp-content\/uploads\/2026\/04\/1000239361-1024x683.jpg\" alt=\"\" class=\"wp-image-36441\" srcset=\"https:\/\/digitalreportmx.com\/wp-content\/uploads\/2026\/04\/1000239361-1024x683.jpg 1024w, https:\/\/digitalreportmx.com\/wp-content\/uploads\/2026\/04\/1000239361-300x200.jpg 300w, https:\/\/digitalreportmx.com\/wp-content\/uploads\/2026\/04\/1000239361-768x512.jpg 768w, https:\/\/digitalreportmx.com\/wp-content\/uploads\/2026\/04\/1000239361.jpg 1280w\" sizes=\"auto, (max-width: 1024px) 100vw, 1024px\" \/><\/figure>\n\n\n\n<p>Como parte de esta reconfiguraci\u00f3n, se anunciaron los siguientes nombramientos:<\/p>\n\n\n\n<p>Fernando Marg\u00e1in Sada como titular de la Secretar\u00eda de Desarrollo Humano e Igualdad<br>Sustantiva. Cuenta con trayectoria en los \u00e1mbitos jur\u00eddico, empresarial, acad\u00e9mico y p\u00fablico, se desempe\u00f1\u00f3 como Jefe de Gabinete del gobierno de Monterrey.<\/p>\n\n\n\n<p>Wendy Cordero Gonz\u00e1lez fue designada como nueva Jefa de Gabinete. Ha sido diputada federal, regidora y lideresa en temas de mujeres en Nuevo Le\u00f3n, destacando recientemente al frente del Instituto Municipal de las Mujeres Regias.<\/p>\n\n\n\n<p>\u00c1frica Elizondo Rodr\u00edguez fue propuesta para encabezar el Instituto Municipal de las<br>Mujeres Regias, sujeta a ratificaci\u00f3n del Cabildo. Cuenta con experiencia en el \u00e1mbito<br>municipal, estatal y legislativo.<\/p>\n\n\n\n<p>Tania Hern\u00e1ndez Gonz\u00e1lez fue propuesta como titular de la Contralor\u00eda Municipal, tambi\u00e9n sujeta a ratificaci\u00f3n del Cabildo, con trayectoria en transparencia, control interno y<br>responsabilidades administrativas.<br>Las designaciones de Tania Hern\u00e1ndez al frente de la Contralor\u00eda Municipal y de \u00c1frica Elizondo alfrente del Instituto Municipal de las Mujeres Regias se remitir\u00e1n al Ayuntamiento para su aprobaci\u00f3n.<\/p>\n\n\n\n<p><br>El Alcalde de Monterrey agradeci\u00f3 y reconoci\u00f3 la labor desempe\u00f1ada por Jovita Mor\u00edn Flores, quien comunic\u00f3 su separaci\u00f3n del cargo de Contralora Municipal con el fin de dedicarse a nuevos retos personales y profesionales. Mor\u00edn Flores impuls\u00f3 desde la Contralor\u00eda Municipal importantes<br>acciones orientadas al fortalecimiento de la transparencia, el control interno, la capacitaci\u00f3n del personal municipal y la fiscalizaci\u00f3n, entre otros proyectos a los que se dar\u00e1 seguimiento ycontinuidad en la administraci\u00f3n municipal.<\/p>\n\n\n\n<p><br>Un gobierno enfocado en resultados<br>El alcalde explic\u00f3 que estos cambios buscan fortalecer un equipo con experiencia, vocaci\u00f3n de servicio y capacidad de ejecuci\u00f3n: \u201cLos perfiles que hoy se integran tienen un objetivo muy claro:<br>acelerar las respuestas del gobierno, fortalecer los programas y garantizar que cada \u00e1rea est\u00e9 enfocada en resolver.\u201d<br>Asimismo, reiter\u00f3 que su administraci\u00f3n est\u00e1 enfocada en responder con acciones concretas a las demandas ciudadanas: \u201cEn Monterrey, todos estamos obligados a dar resultados. Gobernar bien es devolverle a la gente su tiempo, su tranquilidad y su certeza.\u201d<br>Con estos ajustes, el Gobierno de Monterrey inicia una nueva etapa orientada a fortalecer laeficiencia institucional, el orden y la confianza ciudadana.<\/p>\n","protected":false},"excerpt":{"rendered":"<p>Monterrey, NL El alcalde de Monterrey, Adri\u00e1n de la Garza, anunci\u00f3 este d\u00eda una serie de cambios en sugabinete con el objetivo de fortalecer la capacidad de respuesta del gobierno municipal,consolidar resultados y reforzar la cercan\u00eda con la ciudadan\u00eda. Durante un mensaje dirigido a la poblaci\u00f3n, el edil subray\u00f3 que Monterrey atraviesa unmomento que exige [&hellip;]<\/p>\n","protected":false},"author":1,"featured_media":36442,"comment_status":"open","ping_status":"open","sticky":false,"template":"","format":"standard","meta":{"om_disable_all_campaigns":false,"_monsterinsights_skip_tracking":false,"_monsterinsights_sitenote_active":false,"_monsterinsights_sitenote_note":"","_monsterinsights_sitenote_category":0,"footnotes":""},"categories":[15,6],"tags":[],"class_list":["post-36440","post","type-post","status-publish","format-standard","has-post-thumbnail","hentry","category-relevante","category-local"],"aioseo_notices":[],"_links":{"self":[{"href":"https:\/\/digitalreportmx.com\/index.php\/wp-json\/wp\/v2\/posts\/36440","targetHints":{"allow":["GET"]}}],"collection":[{"href":"https:\/\/digitalreportmx.com\/index.php\/wp-json\/wp\/v2\/posts"}],"about":[{"href":"https:\/\/digitalreportmx.com\/index.php\/wp-json\/wp\/v2\/types\/post"}],"author":[{"embeddable":true,"href":"https:\/\/digitalreportmx.com\/index.php\/wp-json\/wp\/v2\/users\/1"}],"replies":[{"embeddable":true,"href":"https:\/\/digitalreportmx.com\/index.php\/wp-json\/wp\/v2\/comments?post=36440"}],"version-history":[{"count":1,"href":"https:\/\/digitalreportmx.com\/index.php\/wp-json\/wp\/v2\/posts\/36440\/revisions"}],"predecessor-version":[{"id":36443,"href":"https:\/\/digitalreportmx.com\/index.php\/wp-json\/wp\/v2\/posts\/36440\/revisions\/36443"}],"wp:featuredmedia":[{"embeddable":true,"href":"https:\/\/digitalreportmx.com\/index.php\/wp-json\/wp\/v2\/media\/36442"}],"wp:attachment":[{"href":"https:\/\/digitalreportmx.com\/index.php\/wp-json\/wp\/v2\/media?parent=36440"}],"wp:term":[{"taxonomy":"category","embeddable":true,"href":"https:\/\/digitalreportmx.com\/index.php\/wp-json\/wp\/v2\/categories?post=36440"},{"taxonomy":"post_tag","embeddable":true,"href":"https:\/\/digitalreportmx.com\/index.php\/wp-json\/wp\/v2\/tags?post=36440"}],"curies":[{"name":"wp","href":"https:\/\/api.w.org\/{rel}","templated":true}]}}