{"id":36452,"date":"2026-04-30T15:42:39","date_gmt":"2026-04-30T21:42:39","guid":{"rendered":"https:\/\/digitalreportmx.com\/?p=36452"},"modified":"2026-04-30T15:44:18","modified_gmt":"2026-04-30T21:44:18","slug":"beneficia-sc-a-mas-de-500-ninos-y-jovenes-con-inclusion","status":"publish","type":"post","link":"https:\/\/digitalreportmx.com\/index.php\/2026\/04\/30\/beneficia-sc-a-mas-de-500-ninos-y-jovenes-con-inclusion\/","title":{"rendered":"Beneficia SC a m\u00e1s de 500 ni\u00f1os y j\u00f3venes con inclusi\u00f3n"},"content":{"rendered":"\n<p><kbd>Santa Catarina, NL<\/kbd><\/p>\n\n\n\n<p>M\u00e1s de 500 santacatarinenses son beneficiados a trav\u00e9s de los programas Almas Creativas y Almas Brillantes, impulsados por el DIF Municipal de Santa Catarina con el objetivo de fortalecer la inclusi\u00f3n y el desarrollo integral de ni\u00f1as, ni\u00f1os y j\u00f3venes.<\/p>\n\n\n\n<p>Ambas iniciativas nacen como parte del trabajo encabezado por Paola Garc\u00eda Yves y Elizabeth Galicia Ruiz, presidenta y titular del DIF Municipal respectivamente, as\u00ed como del Alcalde Jes\u00fas Nava Rivera, quienes han priorizado el acceso a oportunidades para todos los sectores de la poblaci\u00f3n.<\/p>\n\n\n\n<p>Estos programas est\u00e1n dirigidos principalmente a ni\u00f1as y ni\u00f1os con autismo y s\u00edndrome de Down, brind\u00e1ndoles espacios seguros para desarrollar habilidades, fomentar su autonom\u00eda y fortalecer su integraci\u00f3n social.<\/p>\n\n\n\n<p>Actualmente, los talleres activos dentro de estos programas incluyen pintura, manualidades, escultura, modelaje, baile, juegos y deportes, actividades dise\u00f1adas para estimular habilidades creativas, motrices y emocionales.<\/p>\n\n\n\n<figure class=\"wp-block-image size-large\"><img loading=\"lazy\" decoding=\"async\" width=\"1024\" height=\"915\" src=\"https:\/\/digitalreportmx.com\/wp-content\/uploads\/2026\/04\/1000174033-1024x915.jpg\" alt=\"\" class=\"wp-image-36455\" srcset=\"https:\/\/digitalreportmx.com\/wp-content\/uploads\/2026\/04\/1000174033-1024x915.jpg 1024w, https:\/\/digitalreportmx.com\/wp-content\/uploads\/2026\/04\/1000174033-300x268.jpg 300w, https:\/\/digitalreportmx.com\/wp-content\/uploads\/2026\/04\/1000174033-768x686.jpg 768w, https:\/\/digitalreportmx.com\/wp-content\/uploads\/2026\/04\/1000174033-1536x1373.jpg 1536w, https:\/\/digitalreportmx.com\/wp-content\/uploads\/2026\/04\/1000174033.jpg 1600w\" sizes=\"auto, (max-width: 1024px) 100vw, 1024px\" \/><\/figure>\n\n\n\n<p>\u201cEn el DIF trabajamos para que nuestras ni\u00f1as y ni\u00f1os tengan herramientas que les permitan crecer, aprender y sentirse incluidos. Estos programas son una oportunidad real para las familias que tienen hijos con autismo y s\u00edndrome de Down\u201d, expres\u00f3 Paola Garc\u00eda Yves.<\/p>\n\n\n\n<p>Por su parte, Nava Rivera asegur\u00f3 que la inclusi\u00f3n es una prioridad en su administraci\u00f3n y que se continuar\u00e1 fortaleciendo este tipo de iniciativas en beneficio de la comunidad.<\/p>\n\n\n\n<figure class=\"wp-block-image size-large\"><img loading=\"lazy\" decoding=\"async\" width=\"1024\" height=\"771\" src=\"https:\/\/digitalreportmx.com\/wp-content\/uploads\/2026\/04\/1000174030-1024x771.jpg\" alt=\"\" class=\"wp-image-36457\" srcset=\"https:\/\/digitalreportmx.com\/wp-content\/uploads\/2026\/04\/1000174030-1024x771.jpg 1024w, https:\/\/digitalreportmx.com\/wp-content\/uploads\/2026\/04\/1000174030-300x226.jpg 300w, https:\/\/digitalreportmx.com\/wp-content\/uploads\/2026\/04\/1000174030-768x578.jpg 768w, https:\/\/digitalreportmx.com\/wp-content\/uploads\/2026\/04\/1000174030-1536x1156.jpg 1536w, https:\/\/digitalreportmx.com\/wp-content\/uploads\/2026\/04\/1000174030.jpg 1600w\" sizes=\"auto, (max-width: 1024px) 100vw, 1024px\" \/><\/figure>\n\n\n\n<p>\u201cLa prioridad es que todos los ni\u00f1os y j\u00f3venes tengan las mismas posibilidades para desarrollarse, y en el gobierno que encabezamos vamos a ayudarlos a lograrlo con programas que impulsen su desarrollo, independencia, talento y bienestar\u201d, se\u00f1al\u00f3.<\/p>\n\n\n\n<p>Asimismo, el DIF Municipal anunci\u00f3 que la pr\u00f3xima semana iniciar\u00e1 el taller de productos qu\u00edmicos, ampliando la oferta de actividades para seguir generando espacios de aprendizaje, inclusi\u00f3n y desarrollo para las familias de Santa Catarina.<\/p>\n\n\n\n<figure class=\"wp-block-video\"><video controls src=\"https:\/\/digitalreportmx.com\/wp-content\/uploads\/2026\/04\/1000174110.mp4\"><\/video><\/figure>\n","protected":false},"excerpt":{"rendered":"<p>Santa Catarina, NL M\u00e1s de 500 santacatarinenses son beneficiados a trav\u00e9s de los programas Almas Creativas y Almas Brillantes, impulsados por el DIF Municipal de Santa Catarina con el objetivo de fortalecer la inclusi\u00f3n y el desarrollo integral de ni\u00f1as, ni\u00f1os y j\u00f3venes. Ambas iniciativas nacen como parte del trabajo encabezado por Paola Garc\u00eda Yves [&hellip;]<\/p>\n","protected":false},"author":1,"featured_media":36453,"comment_status":"open","ping_status":"open","sticky":false,"template":"","format":"standard","meta":{"om_disable_all_campaigns":false,"_monsterinsights_skip_tracking":false,"_monsterinsights_sitenote_active":false,"_monsterinsights_sitenote_note":"","_monsterinsights_sitenote_category":0,"footnotes":""},"categories":[16,13],"tags":[],"class_list":["post-36452","post","type-post","status-publish","format-standard","has-post-thumbnail","hentry","category-relevante-2","category-reporte-local"],"aioseo_notices":[],"_links":{"self":[{"href":"https:\/\/digitalreportmx.com\/index.php\/wp-json\/wp\/v2\/posts\/36452","targetHints":{"allow":["GET"]}}],"collection":[{"href":"https:\/\/digitalreportmx.com\/index.php\/wp-json\/wp\/v2\/posts"}],"about":[{"href":"https:\/\/digitalreportmx.com\/index.php\/wp-json\/wp\/v2\/types\/post"}],"author":[{"embeddable":true,"href":"https:\/\/digitalreportmx.com\/index.php\/wp-json\/wp\/v2\/users\/1"}],"replies":[{"embeddable":true,"href":"https:\/\/digitalreportmx.com\/index.php\/wp-json\/wp\/v2\/comments?post=36452"}],"version-history":[{"count":2,"href":"https:\/\/digitalreportmx.com\/index.php\/wp-json\/wp\/v2\/posts\/36452\/revisions"}],"predecessor-version":[{"id":36459,"href":"https:\/\/digitalreportmx.com\/index.php\/wp-json\/wp\/v2\/posts\/36452\/revisions\/36459"}],"wp:featuredmedia":[{"embeddable":true,"href":"https:\/\/digitalreportmx.com\/index.php\/wp-json\/wp\/v2\/media\/36453"}],"wp:attachment":[{"href":"https:\/\/digitalreportmx.com\/index.php\/wp-json\/wp\/v2\/media?parent=36452"}],"wp:term":[{"taxonomy":"category","embeddable":true,"href":"https:\/\/digitalreportmx.com\/index.php\/wp-json\/wp\/v2\/categories?post=36452"},{"taxonomy":"post_tag","embeddable":true,"href":"https:\/\/digitalreportmx.com\/index.php\/wp-json\/wp\/v2\/tags?post=36452"}],"curies":[{"name":"wp","href":"https:\/\/api.w.org\/{rel}","templated":true}]}}