{"id":36543,"date":"2026-05-01T17:27:19","date_gmt":"2026-05-01T23:27:19","guid":{"rendered":"https:\/\/digitalreportmx.com\/?p=36543"},"modified":"2026-05-01T17:29:31","modified_gmt":"2026-05-01T23:29:31","slug":"nl-refuerza-capacidades-de-seguridad-miguel-flores","status":"publish","type":"post","link":"https:\/\/digitalreportmx.com\/index.php\/2026\/05\/01\/nl-refuerza-capacidades-de-seguridad-miguel-flores\/","title":{"rendered":"NL refuerza capacidades de seguridad: Miguel Flores"},"content":{"rendered":"\n<p><kbd>Monterrey<\/kbd>, Nuevo Le\u00f3n<\/p>\n\n\n\n<p>El Secretario General de Gobierno, Miguel \u00c1ngel Flores Serna, se\u00f1al\u00f3 que la estrategia de seguridad en Nuevo Le\u00f3n se fortalece con la graduaci\u00f3n de mil 500 elementos de la nueva unidad de control de multitudes de Fuerza Civil, corporaci\u00f3n que reforzar\u00e1 la capacidad operativa del estado ante eventos de alta concentraci\u00f3n de personas.<\/p>\n\n\n\n<p>El funcionario estatal se\u00f1al\u00f3 que esta nueva divisi\u00f3n forma parte de la preparaci\u00f3n integral que impulsa el Gobierno del Estado para garantizar entornos seguros, particularmente en espacios tur\u00edsticos, eventos masivos y actividades de gran afluencia.<\/p>\n\n\n\n<figure class=\"wp-block-image size-large\"><img loading=\"lazy\" decoding=\"async\" width=\"1024\" height=\"682\" src=\"https:\/\/digitalreportmx.com\/wp-content\/uploads\/2026\/05\/1000176021-1024x682.jpg\" alt=\"\" class=\"wp-image-36545\" srcset=\"https:\/\/digitalreportmx.com\/wp-content\/uploads\/2026\/05\/1000176021-1024x682.jpg 1024w, https:\/\/digitalreportmx.com\/wp-content\/uploads\/2026\/05\/1000176021-300x200.jpg 300w, https:\/\/digitalreportmx.com\/wp-content\/uploads\/2026\/05\/1000176021-768x512.jpg 768w, https:\/\/digitalreportmx.com\/wp-content\/uploads\/2026\/05\/1000176021.jpg 1280w\" sizes=\"auto, (max-width: 1024px) 100vw, 1024px\" \/><\/figure>\n\n\n\n<p>\u201cParticipamos en la graduaci\u00f3n de 1,500 elementos de esta nueva unidad, quienes ya cuentan con la preparaci\u00f3n necesaria para desplegarse en puntos estrat\u00e9gicos del estado y fortalecer las labores de prevenci\u00f3n y atenci\u00f3n\u201d, expres\u00f3.<\/p>\n\n\n\n<p>Flores Serna explic\u00f3 que los nuevos integrantes recibieron capacitaci\u00f3n t\u00e9cnica, operativa y humana especializada, orientada al manejo de concentraciones masivas, protocolos de actuaci\u00f3n y coordinaci\u00f3n interinstitucional.<\/p>\n\n\n\n<figure class=\"wp-block-image size-large\"><img loading=\"lazy\" decoding=\"async\" width=\"1024\" height=\"682\" src=\"https:\/\/digitalreportmx.com\/wp-content\/uploads\/2026\/05\/1000176022-1024x682.jpg\" alt=\"\" class=\"wp-image-36546\" srcset=\"https:\/\/digitalreportmx.com\/wp-content\/uploads\/2026\/05\/1000176022-1024x682.jpg 1024w, https:\/\/digitalreportmx.com\/wp-content\/uploads\/2026\/05\/1000176022-300x200.jpg 300w, https:\/\/digitalreportmx.com\/wp-content\/uploads\/2026\/05\/1000176022-768x512.jpg 768w, https:\/\/digitalreportmx.com\/wp-content\/uploads\/2026\/05\/1000176022.jpg 1280w\" sizes=\"auto, (max-width: 1024px) 100vw, 1024px\" \/><\/figure>\n\n\n\n<p>Indic\u00f3 que la profesionalizaci\u00f3n constante de Fuerza Civil, sumada a la inversi\u00f3n en equipamiento, infraestructura y tecnolog\u00eda, ha permitido consolidar una corporaci\u00f3n con mayores capacidades de respuesta y reconocimiento a nivel nacional.<\/p>\n\n\n\n<p>\u201cLa capacitaci\u00f3n permanente y la estrategia de seguridad que se ha construido en Nuevo Le\u00f3n nos permiten contar con una corporaci\u00f3n m\u00e1s preparada, m\u00e1s cercana y con mejores herramientas para responder a los retos actuales\u201d, se\u00f1al\u00f3.<\/p>\n\n\n\n<figure class=\"wp-block-image size-large\"><img loading=\"lazy\" decoding=\"async\" width=\"1024\" height=\"682\" src=\"https:\/\/digitalreportmx.com\/wp-content\/uploads\/2026\/05\/1000176017-1024x682.jpg\" alt=\"\" class=\"wp-image-36547\" srcset=\"https:\/\/digitalreportmx.com\/wp-content\/uploads\/2026\/05\/1000176017-1024x682.jpg 1024w, https:\/\/digitalreportmx.com\/wp-content\/uploads\/2026\/05\/1000176017-300x200.jpg 300w, https:\/\/digitalreportmx.com\/wp-content\/uploads\/2026\/05\/1000176017-768x512.jpg 768w, https:\/\/digitalreportmx.com\/wp-content\/uploads\/2026\/05\/1000176017.jpg 1280w\" sizes=\"auto, (max-width: 1024px) 100vw, 1024px\" \/><\/figure>\n\n\n\n<p>En el contexto de la Copa Mundial de la FIFA 2026, el Secretario General de Gobierno asegur\u00f3 que Nuevo Le\u00f3n avanza en la planeaci\u00f3n operativa para recibir a miles de visitantes nacionales e internacionales bajo condiciones de seguridad y orden.<\/p>\n\n\n\n<figure class=\"wp-block-video\"><video controls src=\"https:\/\/digitalreportmx.com\/wp-content\/uploads\/2026\/05\/1000176079.mov\"><\/video><\/figure>\n\n\n\n<p>\u201cEstamos pr\u00f3ximos a vivir uno de los eventos m\u00e1s importantes a nivel mundial, y en Nuevo Le\u00f3n nos estamos preparando para recibirlo con organizaci\u00f3n, coordinaci\u00f3n y capacidad operativa. Queremos que se viva con entusiasmo, pero sobre todo con tranquilidad y seguridad para todas y todos\u201d, puntualiz\u00f3.<\/p>\n\n\n\n<figure class=\"wp-block-image size-large\"><img loading=\"lazy\" decoding=\"async\" width=\"1024\" height=\"682\" src=\"https:\/\/digitalreportmx.com\/wp-content\/uploads\/2026\/05\/1000176019-1024x682.jpg\" alt=\"\" class=\"wp-image-36548\" srcset=\"https:\/\/digitalreportmx.com\/wp-content\/uploads\/2026\/05\/1000176019-1024x682.jpg 1024w, https:\/\/digitalreportmx.com\/wp-content\/uploads\/2026\/05\/1000176019-300x200.jpg 300w, https:\/\/digitalreportmx.com\/wp-content\/uploads\/2026\/05\/1000176019-768x512.jpg 768w, https:\/\/digitalreportmx.com\/wp-content\/uploads\/2026\/05\/1000176019.jpg 1280w\" sizes=\"auto, (max-width: 1024px) 100vw, 1024px\" \/><\/figure>\n","protected":false},"excerpt":{"rendered":"<p>Monterrey, Nuevo Le\u00f3n El Secretario General de Gobierno, Miguel \u00c1ngel Flores Serna, se\u00f1al\u00f3 que la estrategia de seguridad en Nuevo Le\u00f3n se fortalece con la graduaci\u00f3n de mil 500 elementos de la nueva unidad de control de multitudes de Fuerza Civil, corporaci\u00f3n que reforzar\u00e1 la capacidad operativa del estado ante eventos de alta concentraci\u00f3n de [&hellip;]<\/p>\n","protected":false},"author":1,"featured_media":36544,"comment_status":"open","ping_status":"open","sticky":false,"template":"","format":"standard","meta":{"om_disable_all_campaigns":false,"_monsterinsights_skip_tracking":false,"_monsterinsights_sitenote_active":false,"_monsterinsights_sitenote_note":"","_monsterinsights_sitenote_category":0,"footnotes":""},"categories":[16,13],"tags":[],"class_list":["post-36543","post","type-post","status-publish","format-standard","has-post-thumbnail","hentry","category-relevante-2","category-reporte-local"],"aioseo_notices":[],"_links":{"self":[{"href":"https:\/\/digitalreportmx.com\/index.php\/wp-json\/wp\/v2\/posts\/36543","targetHints":{"allow":["GET"]}}],"collection":[{"href":"https:\/\/digitalreportmx.com\/index.php\/wp-json\/wp\/v2\/posts"}],"about":[{"href":"https:\/\/digitalreportmx.com\/index.php\/wp-json\/wp\/v2\/types\/post"}],"author":[{"embeddable":true,"href":"https:\/\/digitalreportmx.com\/index.php\/wp-json\/wp\/v2\/users\/1"}],"replies":[{"embeddable":true,"href":"https:\/\/digitalreportmx.com\/index.php\/wp-json\/wp\/v2\/comments?post=36543"}],"version-history":[{"count":2,"href":"https:\/\/digitalreportmx.com\/index.php\/wp-json\/wp\/v2\/posts\/36543\/revisions"}],"predecessor-version":[{"id":36552,"href":"https:\/\/digitalreportmx.com\/index.php\/wp-json\/wp\/v2\/posts\/36543\/revisions\/36552"}],"wp:featuredmedia":[{"embeddable":true,"href":"https:\/\/digitalreportmx.com\/index.php\/wp-json\/wp\/v2\/media\/36544"}],"wp:attachment":[{"href":"https:\/\/digitalreportmx.com\/index.php\/wp-json\/wp\/v2\/media?parent=36543"}],"wp:term":[{"taxonomy":"category","embeddable":true,"href":"https:\/\/digitalreportmx.com\/index.php\/wp-json\/wp\/v2\/categories?post=36543"},{"taxonomy":"post_tag","embeddable":true,"href":"https:\/\/digitalreportmx.com\/index.php\/wp-json\/wp\/v2\/tags?post=36543"}],"curies":[{"name":"wp","href":"https:\/\/api.w.org\/{rel}","templated":true}]}}