{"id":36564,"date":"2026-05-01T18:37:57","date_gmt":"2026-05-02T00:37:57","guid":{"rendered":"https:\/\/digitalreportmx.com\/?p=36564"},"modified":"2026-05-01T18:38:53","modified_gmt":"2026-05-02T00:38:53","slug":"estrena-udem-transicion-en-rectoria-eugenio-garza","status":"publish","type":"post","link":"https:\/\/digitalreportmx.com\/index.php\/2026\/05\/01\/estrena-udem-transicion-en-rectoria-eugenio-garza\/","title":{"rendered":"Estrena UDEM transici\u00f3n en Rector\u00eda: Eugenio Garza"},"content":{"rendered":"\n<p><kbd>San Pedro Garza Garc\u00eda,<\/kbd><strong> Nuevo Le\u00f3n<\/strong><\/p>\n\n\n\n<p>El Consejo de la Universidad de Monterrey anuncia formalmente el nombramiento de <strong>Eugenio Garza y Garza<\/strong> como nuevo rector de la instituci\u00f3n.&nbsp;<\/p>\n\n\n\n<p>La transici\u00f3n hacia una nueva etapa es el resultado de un proceso de reflexi\u00f3n profunda por parte del Consejo Ejecutivo ante los desaf\u00edos globales, y marca el inicio de un nuevo cap\u00edtulo de evoluci\u00f3n alineado con la identidad humanista de la universidad.<\/p>\n\n\n\n<p>Eugenio Garza y Garza asumir\u00e1 sus funciones oficialmente el <strong>3 de agosto de 2026<\/strong>. Con el fin de asegurar la estabilidad institucional, se llevar\u00e1 a cabo una transici\u00f3n planeada y ordenada durante los pr\u00f3ximos meses.&nbsp;<\/p>\n\n\n\n<p>En el mismo periodo, <strong>Mario Humberto P\u00e1ez Gonz\u00e1lez<\/strong> continuar\u00e1 liderando los esfuerzos estrat\u00e9gicos de la UDEM, tras haber encabezado la transformaci\u00f3n en una universidad&nbsp; \u00e1gil, innovadora y colaborativa, la cual es una realidad tangible en la cultura y los procesos de esta instituci\u00f3n educativa, en una gesti\u00f3n que se desarroll\u00f3 durante siete a\u00f1os.&nbsp;<\/p>\n\n\n\n<figure class=\"wp-block-image size-large\"><img loading=\"lazy\" decoding=\"async\" width=\"1024\" height=\"683\" src=\"https:\/\/digitalreportmx.com\/wp-content\/uploads\/2026\/05\/1000176160-1024x683.jpg\" alt=\"\" class=\"wp-image-36569\" srcset=\"https:\/\/digitalreportmx.com\/wp-content\/uploads\/2026\/05\/1000176160-1024x683.jpg 1024w, https:\/\/digitalreportmx.com\/wp-content\/uploads\/2026\/05\/1000176160-300x200.jpg 300w, https:\/\/digitalreportmx.com\/wp-content\/uploads\/2026\/05\/1000176160-768x512.jpg 768w, https:\/\/digitalreportmx.com\/wp-content\/uploads\/2026\/05\/1000176160.jpg 1200w\" sizes=\"auto, (max-width: 1024px) 100vw, 1024px\" \/><\/figure>\n\n\n\n<h3 class=\"wp-block-heading\">UN PERFIL DE LIDERAZGO GLOBAL Y PROP\u00d3SITO HUMANO<\/h3>\n\n\n\n<p>Eugenio Garza y Garza es Ingeniero Qu\u00edmico Administrador por el ITESM, donde se gradu\u00f3 con menci\u00f3n honor\u00edfica de excelencia, y posee un<em> <\/em>MBA<em> <\/em>por la Stanford Graduate School of Business, graduado tambi\u00e9n con honores.<\/p>\n\n\n\n<p>En el sector corporativo, destac\u00f3 como <strong>director general (CEO) de Javer<\/strong>, liderando su salida a bolsa, y como <strong>director de Finanzas (CFO) de FEMSA<\/strong>, donde particip\u00f3 en decisiones estrat\u00e9gicas de alta complejidad y creaci\u00f3n de valor a largo plazo.&nbsp;<\/p>\n\n\n\n<p>En paralelo a su trayectoria profesional, Eugenio Garza y Garza ha mantenido un fuerte v\u00ednculo con la educaci\u00f3n. Habiendo sido miembro del Advisory Board de Stanford Graduate School of Business y formando parte del consejo de la American School Foundation of Monterrey (ASFM) como consejero y tesorero, experiencias que han reforzado su convicci\u00f3n de que la educaci\u00f3n es uno de los principales motores de transformaci\u00f3n social.<\/p>\n\n\n\n<figure class=\"wp-block-image size-large\"><img loading=\"lazy\" decoding=\"async\" width=\"1024\" height=\"683\" src=\"https:\/\/digitalreportmx.com\/wp-content\/uploads\/2026\/05\/1000176162-1024x683.jpg\" alt=\"\" class=\"wp-image-36566\" srcset=\"https:\/\/digitalreportmx.com\/wp-content\/uploads\/2026\/05\/1000176162-1024x683.jpg 1024w, https:\/\/digitalreportmx.com\/wp-content\/uploads\/2026\/05\/1000176162-300x200.jpg 300w, https:\/\/digitalreportmx.com\/wp-content\/uploads\/2026\/05\/1000176162-768x512.jpg 768w, https:\/\/digitalreportmx.com\/wp-content\/uploads\/2026\/05\/1000176162.jpg 1200w\" sizes=\"auto, (max-width: 1024px) 100vw, 1024px\" \/><\/figure>\n\n\n\n<p>\u201cSiempre fui apasionado por el tema de la educaci\u00f3n. Soy fiel creyente que destapar el valor de la gente viene a trav\u00e9s de la educaci\u00f3n integral, no s\u00f3lo la acad\u00e9mica sino la personal. Y pienso que la integridad es un valor que hace falta cada vez m\u00e1s en este momento\u201d, coment\u00f3.&nbsp;<\/p>\n\n\n\n<h3 class=\"wp-block-heading\">EL LEGADO DE EVOLUCI\u00d3N DE MARIO P\u00c1EZ<\/h3>\n\n\n\n<p>Tras siete a\u00f1os de liderazgo, Mario Humberto P\u00e1ez Gonz\u00e1lez deja una instituci\u00f3n fortalecida y modernizada. Bajo su gesti\u00f3n, la UDEM evolucion\u00f3 a una organizaci\u00f3n \u00e1gil, innovadora y colaborativa.<\/p>\n\n\n\n<p>Entre sus logros m\u00e1s destacados se encuentran:<\/p>\n\n\n\n<ul class=\"wp-block-list\">\n<li><strong>Cumplimiento del Plan Estrat\u00e9gico 2019-2024:<\/strong> Consolidaci\u00f3n de la Vicerrector\u00eda de Evoluci\u00f3n Estrat\u00e9gica y Administraci\u00f3n (VEEA), lanzamiento de UDEM Health, nuevo Modelo Educativo basado en competencias y crecimiento sostenido en infraestructura.<\/li>\n\n\n\n<li><strong>Innovaci\u00f3n acad\u00e9mica:<\/strong> Implementaci\u00f3n de modelos educativos por competencias, modelos h\u00edbridos y el fortalecimiento de las <strong>Prepas UDEM<\/strong> como pilar estrat\u00e9gico.<\/li>\n\n\n\n<li><strong>Transformaci\u00f3n digital:<\/strong> Creaci\u00f3n y evoluci\u00f3n de la oferta educativa mediante el lanzamiento de <strong>UDEM Online<\/strong>.<\/li>\n<\/ul>\n\n\n\n<p>\u201cNo es una despedida de Mario, le quiero expresar a nombre de todo el consejo nuestro m\u00e1s profundo agradecimiento por estos \u00faltimos siete a\u00f1os, ya que&nbsp; bajo su liderazgo la UDEM vivi\u00f3 un periodo de transformaci\u00f3n institucional y acad\u00e9mica sin precedentes\u201d, asegur\u00f3 \u00c1lvaro Fern\u00e1ndez, presidente del Consejo UDEM en la presentaci\u00f3n del rector entrante ante directivos de la instituci\u00f3n.<\/p>\n\n\n\n<figure class=\"wp-block-image size-large\"><img loading=\"lazy\" decoding=\"async\" width=\"1024\" height=\"683\" src=\"https:\/\/digitalreportmx.com\/wp-content\/uploads\/2026\/05\/1000176159-1024x683.jpg\" alt=\"\" class=\"wp-image-36567\" srcset=\"https:\/\/digitalreportmx.com\/wp-content\/uploads\/2026\/05\/1000176159-1024x683.jpg 1024w, https:\/\/digitalreportmx.com\/wp-content\/uploads\/2026\/05\/1000176159-300x200.jpg 300w, https:\/\/digitalreportmx.com\/wp-content\/uploads\/2026\/05\/1000176159-768x512.jpg 768w, https:\/\/digitalreportmx.com\/wp-content\/uploads\/2026\/05\/1000176159.jpg 1200w\" sizes=\"auto, (max-width: 1024px) 100vw, 1024px\" \/><\/figure>\n\n\n\n<p>Por su parte, Mario P\u00e1ez, el rector saliente, agradeci\u00f3 a la comunidad universitaria por el apoyo a la Universidad recibido durante su gesti\u00f3n.&nbsp;<\/p>\n\n\n\n<p>\u201cHemos transitado por tiempos muy dif\u00edciles durante estos siete a\u00f1os y todos hemos salido adelante gracias al apoyo y al compromiso de todos ustedes. Me asombra mucho este gran trabajo\u201d, apunt\u00f3.&nbsp;<\/p>\n\n\n\n<p>\u201cLos felicito y les agradezco el compromiso que siempre han tenido para que la UDEM siga siempre adelante y estemos siempre en el primer lugar de todo lo que hacemos\u201d, se\u00f1al\u00f3.<\/p>\n\n\n\n<figure class=\"wp-block-image size-large\"><img loading=\"lazy\" decoding=\"async\" width=\"1024\" height=\"683\" src=\"https:\/\/digitalreportmx.com\/wp-content\/uploads\/2026\/05\/1000176161-1024x683.jpg\" alt=\"\" class=\"wp-image-36573\" srcset=\"https:\/\/digitalreportmx.com\/wp-content\/uploads\/2026\/05\/1000176161-1024x683.jpg 1024w, https:\/\/digitalreportmx.com\/wp-content\/uploads\/2026\/05\/1000176161-300x200.jpg 300w, https:\/\/digitalreportmx.com\/wp-content\/uploads\/2026\/05\/1000176161-768x512.jpg 768w, https:\/\/digitalreportmx.com\/wp-content\/uploads\/2026\/05\/1000176161.jpg 1200w\" sizes=\"auto, (max-width: 1024px) 100vw, 1024px\" \/><\/figure>\n\n\n\n<h3 class=\"wp-block-heading\">HACIA EL FUTURO: VISI\u00d3N 2031<\/h3>\n\n\n\n<p>Con esta combinaci\u00f3n de experiencia, curiosidad y sentido de prop\u00f3sito, Eugenio Garza y Garza asume el reto de liderar la UDEM en una nueva etapa, con la intenci\u00f3n de fortalecer su propuesta acad\u00e9mica y seguir formando personas que aporten valor a la sociedad.<\/p>\n\n\n\n<figure class=\"wp-block-image size-large\"><img loading=\"lazy\" decoding=\"async\" width=\"1024\" height=\"683\" src=\"https:\/\/digitalreportmx.com\/wp-content\/uploads\/2026\/05\/1000176158-1024x683.jpg\" alt=\"\" class=\"wp-image-36568\" srcset=\"https:\/\/digitalreportmx.com\/wp-content\/uploads\/2026\/05\/1000176158-1024x683.jpg 1024w, https:\/\/digitalreportmx.com\/wp-content\/uploads\/2026\/05\/1000176158-300x200.jpg 300w, https:\/\/digitalreportmx.com\/wp-content\/uploads\/2026\/05\/1000176158-768x512.jpg 768w, https:\/\/digitalreportmx.com\/wp-content\/uploads\/2026\/05\/1000176158.jpg 1200w\" sizes=\"auto, (max-width: 1024px) 100vw, 1024px\" \/><\/figure>\n\n\n\n<p>Su llegada potenciar\u00e1 la capacidad de la UDEM para navegar los retos de la inteligencia artificial, la sostenibilidad y las nuevas tendencias globales de aprendizaje. Con una filosof\u00eda de disciplina, el nuevo rector se integra para fortalecer la propuesta acad\u00e9mica y ampliar el impacto social de la Universidad<\/p>\n","protected":false},"excerpt":{"rendered":"<p>San Pedro Garza Garc\u00eda, Nuevo Le\u00f3n El Consejo de la Universidad de Monterrey anuncia formalmente el nombramiento de Eugenio Garza y Garza como nuevo rector de la instituci\u00f3n.&nbsp; La transici\u00f3n hacia una nueva etapa es el resultado de un proceso de reflexi\u00f3n profunda por parte del Consejo Ejecutivo ante los desaf\u00edos globales, y marca el [&hellip;]<\/p>\n","protected":false},"author":1,"featured_media":36571,"comment_status":"open","ping_status":"open","sticky":false,"template":"","format":"standard","meta":{"om_disable_all_campaigns":false,"_monsterinsights_skip_tracking":false,"_monsterinsights_sitenote_active":false,"_monsterinsights_sitenote_note":"","_monsterinsights_sitenote_category":0,"footnotes":""},"categories":[12,16],"tags":[],"class_list":["post-36564","post","type-post","status-publish","format-standard","has-post-thumbnail","hentry","category-cooltura","category-relevante-2"],"aioseo_notices":[],"_links":{"self":[{"href":"https:\/\/digitalreportmx.com\/index.php\/wp-json\/wp\/v2\/posts\/36564","targetHints":{"allow":["GET"]}}],"collection":[{"href":"https:\/\/digitalreportmx.com\/index.php\/wp-json\/wp\/v2\/posts"}],"about":[{"href":"https:\/\/digitalreportmx.com\/index.php\/wp-json\/wp\/v2\/types\/post"}],"author":[{"embeddable":true,"href":"https:\/\/digitalreportmx.com\/index.php\/wp-json\/wp\/v2\/users\/1"}],"replies":[{"embeddable":true,"href":"https:\/\/digitalreportmx.com\/index.php\/wp-json\/wp\/v2\/comments?post=36564"}],"version-history":[{"count":2,"href":"https:\/\/digitalreportmx.com\/index.php\/wp-json\/wp\/v2\/posts\/36564\/revisions"}],"predecessor-version":[{"id":36574,"href":"https:\/\/digitalreportmx.com\/index.php\/wp-json\/wp\/v2\/posts\/36564\/revisions\/36574"}],"wp:featuredmedia":[{"embeddable":true,"href":"https:\/\/digitalreportmx.com\/index.php\/wp-json\/wp\/v2\/media\/36571"}],"wp:attachment":[{"href":"https:\/\/digitalreportmx.com\/index.php\/wp-json\/wp\/v2\/media?parent=36564"}],"wp:term":[{"taxonomy":"category","embeddable":true,"href":"https:\/\/digitalreportmx.com\/index.php\/wp-json\/wp\/v2\/categories?post=36564"},{"taxonomy":"post_tag","embeddable":true,"href":"https:\/\/digitalreportmx.com\/index.php\/wp-json\/wp\/v2\/tags?post=36564"}],"curies":[{"name":"wp","href":"https:\/\/api.w.org\/{rel}","templated":true}]}}