{"id":405,"date":"2024-03-18T21:25:55","date_gmt":"2024-03-19T03:25:55","guid":{"rendered":"https:\/\/digitalreportmx.com\/?p=405"},"modified":"2024-03-18T21:25:56","modified_gmt":"2024-03-19T03:25:56","slug":"presume-samuel-una-cybertruck-con-sombrero-ajeno-y-prestado","status":"publish","type":"post","link":"https:\/\/digitalreportmx.com\/index.php\/2024\/03\/18\/presume-samuel-una-cybertruck-con-sombrero-ajeno-y-prestado\/","title":{"rendered":"Presume Samuel una Cybertruck&#8230; con sombrero ajeno y prestado"},"content":{"rendered":"\n<p><kbd>STAFF<\/kbd> <strong>Monterrey <\/strong><\/p>\n\n\n\n<p>El gobernador Samuel Garc\u00eda Sep\u00falveda presumi\u00f3 en redes sociales que la Cybertruck de Tesla que conduc\u00eda era la primera y \u00fanica en Am\u00e9rica Latina en Monterrey, pero la verdad es que era una camioneta el\u00e9ctrica con placas de Texas que un amigo de Laredo le prest\u00f3.<\/p>\n\n\n\n<p>\u201cLa primera y \u00fanica Cybertruck en toda Am\u00e9rica Latina, \u00a1Aj\u00fauuua! en Monterrey, \u00a1pap\u00e1!\u201d, se pavone\u00f3 al conducir el veh\u00edculo el\u00e9ctrico de la marca Tesla, cuyo due\u00f1o es Elon Musk.<\/p>\n\n\n\n<p>Sin embargo, al llegar a un evento p\u00fablico en el Macro estacionamiento frente al Pabell\u00f3n Ciudadano, dijo que no era de \u00e9l y que no la hab\u00eda comprado, pues era de un amigo texano.<\/p>\n\n\n\n<p>-\u00bfDe qui\u00e9n es?, se le pregunt\u00f3.<\/p>\n\n\n\n<p>-&#8220;De un cuate&#8221;.<\/p>\n\n\n\n<p>-\u00bfSe lo prest\u00f3 Elon Musk?<\/p>\n\n\n\n<p>-\u201cUn amigo de Laredo, es de la primera serie\u201d.<\/p>\n\n\n\n<p>-\u00bfCu\u00e1nto le cost\u00f3, gober?<\/p>\n\n\n\n<p>-&#8220;No, no es m\u00eda&#8221;.<\/p>\n\n\n\n<p>-\u00bfSe la prestaron?<\/p>\n\n\n\n<p>&#8220;S\u00ed, en lo que llega la m\u00eda&#8221;.<\/p>\n\n\n\n<p>Medios nacionales como Latinus se creyeron la versi\u00f3n se\u00f1alando que era la primera Cybertruck de Am\u00e9rica Latina, en dichos del gobernador.<\/p>\n","protected":false},"excerpt":{"rendered":"<p>Otra de sus mentiras del gobernador Samuel Garc\u00eda<\/p>\n","protected":false},"author":1,"featured_media":406,"comment_status":"open","ping_status":"open","sticky":false,"template":"","format":"standard","meta":{"om_disable_all_campaigns":false,"_monsterinsights_skip_tracking":false,"_monsterinsights_sitenote_active":false,"_monsterinsights_sitenote_note":"","_monsterinsights_sitenote_category":0,"footnotes":""},"categories":[16,13],"tags":[],"class_list":["post-405","post","type-post","status-publish","format-standard","has-post-thumbnail","hentry","category-relevante-2","category-reporte-local"],"aioseo_notices":[],"_links":{"self":[{"href":"https:\/\/digitalreportmx.com\/index.php\/wp-json\/wp\/v2\/posts\/405","targetHints":{"allow":["GET"]}}],"collection":[{"href":"https:\/\/digitalreportmx.com\/index.php\/wp-json\/wp\/v2\/posts"}],"about":[{"href":"https:\/\/digitalreportmx.com\/index.php\/wp-json\/wp\/v2\/types\/post"}],"author":[{"embeddable":true,"href":"https:\/\/digitalreportmx.com\/index.php\/wp-json\/wp\/v2\/users\/1"}],"replies":[{"embeddable":true,"href":"https:\/\/digitalreportmx.com\/index.php\/wp-json\/wp\/v2\/comments?post=405"}],"version-history":[{"count":1,"href":"https:\/\/digitalreportmx.com\/index.php\/wp-json\/wp\/v2\/posts\/405\/revisions"}],"predecessor-version":[{"id":407,"href":"https:\/\/digitalreportmx.com\/index.php\/wp-json\/wp\/v2\/posts\/405\/revisions\/407"}],"wp:featuredmedia":[{"embeddable":true,"href":"https:\/\/digitalreportmx.com\/index.php\/wp-json\/wp\/v2\/media\/406"}],"wp:attachment":[{"href":"https:\/\/digitalreportmx.com\/index.php\/wp-json\/wp\/v2\/media?parent=405"}],"wp:term":[{"taxonomy":"category","embeddable":true,"href":"https:\/\/digitalreportmx.com\/index.php\/wp-json\/wp\/v2\/categories?post=405"},{"taxonomy":"post_tag","embeddable":true,"href":"https:\/\/digitalreportmx.com\/index.php\/wp-json\/wp\/v2\/tags?post=405"}],"curies":[{"name":"wp","href":"https:\/\/api.w.org\/{rel}","templated":true}]}}