{"id":45625,"date":"2026-08-30T16:54:33","date_gmt":"2026-08-30T22:54:33","guid":{"rendered":"https:\/\/digitalreportmx.com\/?p=45625"},"modified":"2026-08-30T17:00:27","modified_gmt":"2026-08-30T23:00:27","slug":"llama-cedhnl-a-garantizar-derechos-humanos-en-ciclo-escolar","status":"publish","type":"post","link":"https:\/\/digitalreportmx.com\/index.php\/2026\/08\/30\/llama-cedhnl-a-garantizar-derechos-humanos-en-ciclo-escolar\/","title":{"rendered":"Llama CEDHNL a garantizar derechos humanos en ciclo escolar"},"content":{"rendered":"\n<p><kbd>Monterrey<\/kbd>, NL<\/p>\n\n\n\n<p>Con motivo del inicio del ciclo escolar 2026\u20132027, la Comisi\u00f3n Estatal de Derechos Humanos de Nuevo Le\u00f3n (CEDHNL) hace un llamado a las autoridades educativas a fortalecer las medidas de prevenci\u00f3n y atenci\u00f3n necesarias para garantizar un servicio educativo seguro, accesible e inclusivo, libre de discriminaci\u00f3n y con enfoque de derechos humanos.<\/p>\n\n\n\n<p>La Presidenta del organismo, Susana M\u00e9dez Arellano explic\u00f3 que han identificado diversas problem\u00e1ticas relacionadas con el ejercicio del derecho a la educaci\u00f3n. <\/p>\n\n\n\n<p>\u201cEn el periodo comprendido de 2021 al 25 de agosto de 2026, este Organismo registr\u00f3 1,476 expedientes de queja en los que se se\u00f1ala a la Secretar\u00eda de Educaci\u00f3n del Estado como autoridad presuntamente responsable, correspondientes a 1,840 personas agraviadas\u201d, puntualiz\u00f3.<\/p>\n\n\n\n<p>Asimismo, se advierte un incremento de 234% en el n\u00famero de expedientes registrados, al pasar de 91 en 2021 a 304 en 2025. <\/p>\n\n\n\n<p>Aunado a ello, durante el periodo que se informa se emitieron 328 medidas precautorias y cautelares.<\/p>\n\n\n\n<p>Entre las principales problem\u00e1ticas se\u00f1aladas se encuentran negativa de inscripci\u00f3n, cobro de cuotas obligatorias, falta de educaci\u00f3n inclusiva, deterioro de instalaciones, acoso y violencia escolar, agresiones f\u00edsicas entre estudiantes, falta de aplicaci\u00f3n de protocolos de seguridad y discriminaci\u00f3n, adem\u00e1s de otras situaciones relacionadas con la prestaci\u00f3n del servicio educativo.<\/p>\n\n\n\n<figure class=\"wp-block-image size-large\"><img loading=\"lazy\" decoding=\"async\" width=\"877\" height=\"1024\" src=\"https:\/\/digitalreportmx.com\/wp-content\/uploads\/2026\/08\/1000376548-877x1024.jpg\" alt=\"\" class=\"wp-image-45627\" srcset=\"https:\/\/digitalreportmx.com\/wp-content\/uploads\/2026\/08\/1000376548-877x1024.jpg 877w, https:\/\/digitalreportmx.com\/wp-content\/uploads\/2026\/08\/1000376548-257x300.jpg 257w, https:\/\/digitalreportmx.com\/wp-content\/uploads\/2026\/08\/1000376548-768x897.jpg 768w, https:\/\/digitalreportmx.com\/wp-content\/uploads\/2026\/08\/1000376548-1316x1536.jpg 1316w, https:\/\/digitalreportmx.com\/wp-content\/uploads\/2026\/08\/1000376548-1754x2048.jpg 1754w\" sizes=\"auto, (max-width: 877px) 100vw, 877px\" \/><\/figure>\n\n\n\n<p>De manera particular, la CEDHNL identific\u00f3 178 expedientes relacionados con personas con discapacidad, correspondientes a 266 personas agraviadas, en los que se advierten deficiencias en el cumplimiento de obligaciones vinculadas con los derechos a la educaci\u00f3n inclusiva, igualdad y no discriminaci\u00f3n, integridad personal y una vida libre de violencia.<\/p>\n\n\n\n<p>Ante este contexto, y a partir de la entrada en vigor de la nueva Ley de Educaci\u00f3n para el Estado de Nuevo Le\u00f3n, la CEDHNL emiti\u00f3 una solicitud dirigida a la Secretar\u00eda de Educaci\u00f3n para fortalecer, con motivo del inicio del ciclo escolar, medidas concretas en materia de accesibilidad, prevenci\u00f3n de riesgos derivados del deterioro de la infraestructura, acceso a la educaci\u00f3n sin condicionamientos, atenci\u00f3n educativa de estudiantes con discapacidad, mecanismos de seguimiento para las familias, prevenci\u00f3n y atenci\u00f3n de la violencia escolar y supervisi\u00f3n de escuelas particulares.<\/p>\n\n\n\n<p>Asimismo, el Organismo solicit\u00f3 implementar acciones para dar a conocer y facilitar la aplicaci\u00f3n de las disposiciones de la nueva Ley de Educaci\u00f3n, particularmente aquellas relacionadas con la educaci\u00f3n inclusiva y los derechos de las personas con discapacidad, as\u00ed como elaborar los instrumentos previstos en esta materia, entre ellos el Reglamento para la Educaci\u00f3n Inclusiva y el Protocolo de atenci\u00f3n, protecci\u00f3n e inclusi\u00f3n de los estudiantes que enfrentan barreras para el aprendizaje y la participaci\u00f3n.<\/p>\n\n\n\n<p>La Comisi\u00f3n Estatal solicit\u00f3 a la Secretar\u00eda de Educaci\u00f3n informar, en un plazo no mayor a 10 d\u00edas h\u00e1biles, sobre las acciones implementadas en atenci\u00f3n a las medidas planteadas, con el prop\u00f3sito de dar seguimiento a su cumplimiento.<\/p>\n\n\n\n<p>La Ombusperson destac\u00f3 la importancia de que las escuelas sean espacios seguros, inclusivos y libres de violencia y discriminaci\u00f3n, en los que, adem\u00e1s de garantizarse el derecho a la educaci\u00f3n, se fomente una cultura de paz y respeto a los derechos humanos.<\/p>\n\n\n\n<figure class=\"wp-block-image size-large\"><img loading=\"lazy\" decoding=\"async\" width=\"1024\" height=\"768\" src=\"https:\/\/digitalreportmx.com\/wp-content\/uploads\/2026\/08\/1000376547-1024x768.jpg\" alt=\"\" class=\"wp-image-45628\" srcset=\"https:\/\/digitalreportmx.com\/wp-content\/uploads\/2026\/08\/1000376547-1024x768.jpg 1024w, https:\/\/digitalreportmx.com\/wp-content\/uploads\/2026\/08\/1000376547-300x225.jpg 300w, https:\/\/digitalreportmx.com\/wp-content\/uploads\/2026\/08\/1000376547-768x576.jpg 768w, https:\/\/digitalreportmx.com\/wp-content\/uploads\/2026\/08\/1000376547-1536x1152.jpg 1536w, https:\/\/digitalreportmx.com\/wp-content\/uploads\/2026\/08\/1000376547.jpg 1600w\" sizes=\"auto, (max-width: 1024px) 100vw, 1024px\" \/><\/figure>\n\n\n\n<p>La CEDHNL pone a disposici\u00f3n de la poblaci\u00f3n sus mecanismos de atenci\u00f3n y orientaci\u00f3n para quienes requieran informaci\u00f3n o deseen presentar una queja ante posibles vulneraciones de derechos humanos relacionadas con la prestaci\u00f3n de los servicios educativos.<\/p>\n\n\n\n<p>Durante este ciclo escolar, la CEDHNL permanecer\u00e1 atenta a las condiciones en que se desarrolla el servicio educativo y dar\u00e1 seguimiento a las acciones de las autoridades competentes.<\/p>\n\n\n\n<figure class=\"wp-block-video\"><video controls src=\"https:\/\/digitalreportmx.com\/wp-content\/uploads\/2026\/08\/1000376542.mp4\"><\/video><\/figure>\n","protected":false},"excerpt":{"rendered":"<p>Monterrey, NL Con motivo del inicio del ciclo escolar 2026\u20132027, la Comisi\u00f3n Estatal de Derechos Humanos de Nuevo Le\u00f3n (CEDHNL) hace un llamado a las autoridades educativas a fortalecer las medidas de prevenci\u00f3n y atenci\u00f3n necesarias para garantizar un servicio educativo seguro, accesible e inclusivo, libre de discriminaci\u00f3n y con enfoque de derechos humanos. La [&hellip;]<\/p>\n","protected":false},"author":1,"featured_media":45626,"comment_status":"open","ping_status":"open","sticky":false,"template":"","format":"standard","meta":{"om_disable_all_campaigns":false,"_monsterinsights_skip_tracking":false,"_uf_show_specific_survey":0,"_uf_disable_surveys":false,"footnotes":""},"categories":[16,13],"tags":[],"class_list":["post-45625","post","type-post","status-publish","format-standard","has-post-thumbnail","hentry","category-relevante-2","category-reporte-local"],"aioseo_notices":[],"aioseo_head":"\n\t\t<!-- All in One SEO 5.0.1.1 - aioseo.com -->\n\t<meta name=\"description\" content=\"Monterrey, NL Con motivo del inicio del ciclo escolar 2026\u20132027, la Comisi\u00f3n Estatal de Derechos Humanos de Nuevo Le\u00f3n (CEDHNL) hace un llamado a las autoridades educativas a fortalecer las medidas de prevenci\u00f3n y atenci\u00f3n necesarias para garantizar un servicio educativo seguro, accesible e inclusivo, libre de discriminaci\u00f3n y con enfoque de derechos humanos. La\" \/>\n\t<meta name=\"robots\" content=\"max-image-preview:large\" \/>\n\t<meta name=\"author\" content=\"digitalreportmx.com\"\/>\n\t<link rel=\"canonical\" href=\"https:\/\/digitalreportmx.com\/index.php\/2026\/08\/30\/llama-cedhnl-a-garantizar-derechos-humanos-en-ciclo-escolar\/\" \/>\n\t<meta name=\"generator\" content=\"All in One SEO (AIOSEO) 5.0.1.1\" \/>\n\t\t<meta property=\"og:locale\" content=\"es_MX\" \/>\n\t\t<meta property=\"og:site_name\" content=\"-\" \/>\n\t\t<meta property=\"og:type\" content=\"article\" \/>\n\t\t<meta property=\"og:title\" content=\"Llama CEDHNL a garantizar derechos humanos en ciclo escolar -\" \/>\n\t\t<meta property=\"og:description\" content=\"Monterrey, NL Con motivo del inicio del ciclo escolar 2026\u20132027, la Comisi\u00f3n Estatal de Derechos Humanos de Nuevo Le\u00f3n (CEDHNL) hace un llamado a las autoridades educativas a fortalecer las medidas de prevenci\u00f3n y atenci\u00f3n necesarias para garantizar un servicio educativo seguro, accesible e inclusivo, libre de discriminaci\u00f3n y con enfoque de derechos humanos. La\" \/>\n\t\t<meta property=\"og:url\" content=\"https:\/\/digitalreportmx.com\/index.php\/2026\/08\/30\/llama-cedhnl-a-garantizar-derechos-humanos-en-ciclo-escolar\/\" \/>\n\t\t<meta property=\"og:image\" content=\"https:\/\/digitalreportmx.com\/wp-content\/uploads\/2024\/02\/cropped-cropped-DRLOGO-1.jpg\" \/>\n\t\t<meta property=\"og:image:secure_url\" content=\"https:\/\/digitalreportmx.com\/wp-content\/uploads\/2024\/02\/cropped-cropped-DRLOGO-1.jpg\" \/>\n\t\t<meta property=\"article:published_time\" content=\"2026-08-30T22:54:33+00:00\" \/>\n\t\t<meta property=\"article:modified_time\" content=\"2026-08-30T23:00:27+00:00\" \/>\n\t\t<meta name=\"twitter:card\" content=\"summary_large_image\" \/>\n\t\t<meta name=\"twitter:title\" content=\"Llama CEDHNL a garantizar derechos humanos en ciclo escolar -\" \/>\n\t\t<meta name=\"twitter:description\" content=\"Monterrey, NL Con motivo del inicio del ciclo escolar 2026\u20132027, la Comisi\u00f3n Estatal de Derechos Humanos de Nuevo Le\u00f3n (CEDHNL) hace un llamado a las autoridades educativas a fortalecer las medidas de prevenci\u00f3n y atenci\u00f3n necesarias para garantizar un servicio educativo seguro, accesible e inclusivo, libre de discriminaci\u00f3n y con enfoque de derechos humanos. La\" \/>\n\t\t<meta name=\"twitter:image\" content=\"https:\/\/digitalreportmx.com\/wp-content\/uploads\/2024\/02\/cropped-cropped-DRLOGO-1.jpg\" \/>\n\t\t<script type=\"application\/ld+json\" class=\"aioseo-schema\">\n\t\t\t{\"@context\":\"https:\\\/\\\/schema.org\",\"@graph\":[{\"@type\":\"BlogPosting\",\"@id\":\"https:\\\/\\\/digitalreportmx.com\\\/index.php\\\/2026\\\/08\\\/30\\\/llama-cedhnl-a-garantizar-derechos-humanos-en-ciclo-escolar\\\/#blogposting\",\"name\":\"Llama CEDHNL a garantizar derechos humanos en ciclo escolar -\",\"headline\":\"Llama CEDHNL a garantizar derechos humanos en ciclo escolar\",\"author\":{\"@id\":\"https:\\\/\\\/digitalreportmx.com\\\/index.php\\\/author\\\/digitalreportmx-com\\\/#author\"},\"publisher\":{\"@id\":\"https:\\\/\\\/digitalreportmx.com\\\/#organization\"},\"image\":{\"@type\":\"ImageObject\",\"url\":\"https:\\\/\\\/digitalreportmx.com\\\/wp-content\\\/uploads\\\/2026\\\/08\\\/IMG-20260830-WA0035.jpg\",\"width\":1600,\"height\":1600},\"datePublished\":\"2026-08-30T16:54:33-06:00\",\"dateModified\":\"2026-08-30T17:00:27-06:00\",\"inLanguage\":\"es-MX\",\"mainEntityOfPage\":{\"@id\":\"https:\\\/\\\/digitalreportmx.com\\\/index.php\\\/2026\\\/08\\\/30\\\/llama-cedhnl-a-garantizar-derechos-humanos-en-ciclo-escolar\\\/#webpage\"},\"isPartOf\":{\"@id\":\"https:\\\/\\\/digitalreportmx.com\\\/index.php\\\/2026\\\/08\\\/30\\\/llama-cedhnl-a-garantizar-derechos-humanos-en-ciclo-escolar\\\/#webpage\"},\"articleSection\":\"Relevante, REPORTE LOCAL\"},{\"@type\":\"BreadcrumbList\",\"@id\":\"https:\\\/\\\/digitalreportmx.com\\\/index.php\\\/2026\\\/08\\\/30\\\/llama-cedhnl-a-garantizar-derechos-humanos-en-ciclo-escolar\\\/#breadcrumblist\",\"itemListElement\":[{\"@type\":\"ListItem\",\"@id\":\"https:\\\/\\\/digitalreportmx.com#listItem\",\"position\":1,\"name\":\"Home\",\"item\":\"https:\\\/\\\/digitalreportmx.com\",\"nextItem\":{\"@type\":\"ListItem\",\"@id\":\"https:\\\/\\\/digitalreportmx.com\\\/index.php\\\/category\\\/relevante-2\\\/#listItem\",\"name\":\"Relevante\"}},{\"@type\":\"ListItem\",\"@id\":\"https:\\\/\\\/digitalreportmx.com\\\/index.php\\\/category\\\/relevante-2\\\/#listItem\",\"position\":2,\"name\":\"Relevante\",\"item\":\"https:\\\/\\\/digitalreportmx.com\\\/index.php\\\/category\\\/relevante-2\\\/\",\"nextItem\":{\"@type\":\"ListItem\",\"@id\":\"https:\\\/\\\/digitalreportmx.com\\\/index.php\\\/category\\\/relevante-2\\\/reporte-local\\\/#listItem\",\"name\":\"REPORTE LOCAL\"},\"previousItem\":{\"@type\":\"ListItem\",\"@id\":\"https:\\\/\\\/digitalreportmx.com#listItem\",\"name\":\"Home\"}},{\"@type\":\"ListItem\",\"@id\":\"https:\\\/\\\/digitalreportmx.com\\\/index.php\\\/category\\\/relevante-2\\\/reporte-local\\\/#listItem\",\"position\":3,\"name\":\"REPORTE LOCAL\",\"item\":\"https:\\\/\\\/digitalreportmx.com\\\/index.php\\\/category\\\/relevante-2\\\/reporte-local\\\/\",\"nextItem\":{\"@type\":\"ListItem\",\"@id\":\"https:\\\/\\\/digitalreportmx.com\\\/index.php\\\/2026\\\/08\\\/30\\\/llama-cedhnl-a-garantizar-derechos-humanos-en-ciclo-escolar\\\/#listItem\",\"name\":\"Llama CEDHNL a garantizar derechos humanos en ciclo escolar\"},\"previousItem\":{\"@type\":\"ListItem\",\"@id\":\"https:\\\/\\\/digitalreportmx.com\\\/index.php\\\/category\\\/relevante-2\\\/#listItem\",\"name\":\"Relevante\"}},{\"@type\":\"ListItem\",\"@id\":\"https:\\\/\\\/digitalreportmx.com\\\/index.php\\\/2026\\\/08\\\/30\\\/llama-cedhnl-a-garantizar-derechos-humanos-en-ciclo-escolar\\\/#listItem\",\"position\":4,\"name\":\"Llama CEDHNL a garantizar derechos humanos en ciclo escolar\",\"previousItem\":{\"@type\":\"ListItem\",\"@id\":\"https:\\\/\\\/digitalreportmx.com\\\/index.php\\\/category\\\/relevante-2\\\/reporte-local\\\/#listItem\",\"name\":\"REPORTE LOCAL\"}}]},{\"@type\":\"Organization\",\"@id\":\"https:\\\/\\\/digitalreportmx.com\\\/#organization\",\"name\":\"digitalreportmx.com\",\"url\":\"https:\\\/\\\/digitalreportmx.com\\\/\",\"logo\":{\"@type\":\"ImageObject\",\"url\":\"https:\\\/\\\/digitalreportmx.com\\\/wp-content\\\/uploads\\\/2024\\\/02\\\/cropped-cropped-DRLOGO-1.jpg\",\"@id\":\"https:\\\/\\\/digitalreportmx.com\\\/index.php\\\/2026\\\/08\\\/30\\\/llama-cedhnl-a-garantizar-derechos-humanos-en-ciclo-escolar\\\/#organizationLogo\",\"width\":1693,\"height\":281},\"image\":{\"@id\":\"https:\\\/\\\/digitalreportmx.com\\\/index.php\\\/2026\\\/08\\\/30\\\/llama-cedhnl-a-garantizar-derechos-humanos-en-ciclo-escolar\\\/#organizationLogo\"}},{\"@type\":\"Person\",\"@id\":\"https:\\\/\\\/digitalreportmx.com\\\/index.php\\\/author\\\/digitalreportmx-com\\\/#author\",\"url\":\"https:\\\/\\\/digitalreportmx.com\\\/index.php\\\/author\\\/digitalreportmx-com\\\/\",\"name\":\"digitalreportmx.com\",\"image\":{\"@type\":\"ImageObject\",\"@id\":\"https:\\\/\\\/digitalreportmx.com\\\/index.php\\\/2026\\\/08\\\/30\\\/llama-cedhnl-a-garantizar-derechos-humanos-en-ciclo-escolar\\\/#authorImage\",\"url\":\"https:\\\/\\\/secure.gravatar.com\\\/avatar\\\/2188078a0605d73ef57c1a9ac85e5a46c94d745432f7d01a9f4feac443943526?s=96&d=mm&r=g\",\"width\":96,\"height\":96,\"caption\":\"digitalreportmx.com\"}},{\"@type\":\"WebPage\",\"@id\":\"https:\\\/\\\/digitalreportmx.com\\\/index.php\\\/2026\\\/08\\\/30\\\/llama-cedhnl-a-garantizar-derechos-humanos-en-ciclo-escolar\\\/#webpage\",\"url\":\"https:\\\/\\\/digitalreportmx.com\\\/index.php\\\/2026\\\/08\\\/30\\\/llama-cedhnl-a-garantizar-derechos-humanos-en-ciclo-escolar\\\/\",\"name\":\"Llama CEDHNL a garantizar derechos humanos en ciclo escolar -\",\"description\":\"Monterrey, NL Con motivo del inicio del ciclo escolar 2026\\u20132027, la Comisi\\u00f3n Estatal de Derechos Humanos de Nuevo Le\\u00f3n (CEDHNL) hace un llamado a las autoridades educativas a fortalecer las medidas de prevenci\\u00f3n y atenci\\u00f3n necesarias para garantizar un servicio educativo seguro, accesible e inclusivo, libre de discriminaci\\u00f3n y con enfoque de derechos humanos. La\",\"inLanguage\":\"es-MX\",\"isPartOf\":{\"@id\":\"https:\\\/\\\/digitalreportmx.com\\\/#website\"},\"breadcrumb\":{\"@id\":\"https:\\\/\\\/digitalreportmx.com\\\/index.php\\\/2026\\\/08\\\/30\\\/llama-cedhnl-a-garantizar-derechos-humanos-en-ciclo-escolar\\\/#breadcrumblist\"},\"author\":{\"@id\":\"https:\\\/\\\/digitalreportmx.com\\\/index.php\\\/author\\\/digitalreportmx-com\\\/#author\"},\"creator\":{\"@id\":\"https:\\\/\\\/digitalreportmx.com\\\/index.php\\\/author\\\/digitalreportmx-com\\\/#author\"},\"image\":{\"@type\":\"ImageObject\",\"url\":\"https:\\\/\\\/digitalreportmx.com\\\/wp-content\\\/uploads\\\/2026\\\/08\\\/IMG-20260830-WA0035.jpg\",\"@id\":\"https:\\\/\\\/digitalreportmx.com\\\/index.php\\\/2026\\\/08\\\/30\\\/llama-cedhnl-a-garantizar-derechos-humanos-en-ciclo-escolar\\\/#mainImage\",\"width\":1600,\"height\":1600},\"primaryImageOfPage\":{\"@id\":\"https:\\\/\\\/digitalreportmx.com\\\/index.php\\\/2026\\\/08\\\/30\\\/llama-cedhnl-a-garantizar-derechos-humanos-en-ciclo-escolar\\\/#mainImage\"},\"datePublished\":\"2026-08-30T16:54:33-06:00\",\"dateModified\":\"2026-08-30T17:00:27-06:00\"},{\"@type\":\"WebSite\",\"@id\":\"https:\\\/\\\/digitalreportmx.com\\\/#website\",\"url\":\"https:\\\/\\\/digitalreportmx.com\\\/\",\"name\":\"digitalreportmx.com\",\"inLanguage\":\"es-MX\",\"publisher\":{\"@id\":\"https:\\\/\\\/digitalreportmx.com\\\/#organization\"}}]}\n\t\t<\/script>\n\t\t<!-- All in One SEO -->\n\n","aioseo_head_json":{"title":"Llama CEDHNL a garantizar derechos humanos en ciclo escolar -","description":"Monterrey, NL Con motivo del inicio del ciclo escolar 2026\u20132027, la Comisi\u00f3n Estatal de Derechos Humanos de Nuevo Le\u00f3n (CEDHNL) hace un llamado a las autoridades educativas a fortalecer las medidas de prevenci\u00f3n y atenci\u00f3n necesarias para garantizar un servicio educativo seguro, accesible e inclusivo, libre de discriminaci\u00f3n y con enfoque de derechos humanos. La","canonical_url":"https:\/\/digitalreportmx.com\/index.php\/2026\/08\/30\/llama-cedhnl-a-garantizar-derechos-humanos-en-ciclo-escolar\/","robots":"max-image-preview:large","keywords":"","webmasterTools":{"miscellaneous":""},"schema":{"@context":"https:\/\/schema.org","@graph":[{"@type":"BlogPosting","@id":"https:\/\/digitalreportmx.com\/index.php\/2026\/08\/30\/llama-cedhnl-a-garantizar-derechos-humanos-en-ciclo-escolar\/#blogposting","name":"Llama CEDHNL a garantizar derechos humanos en ciclo escolar -","headline":"Llama CEDHNL a garantizar derechos humanos en ciclo escolar","author":{"@id":"https:\/\/digitalreportmx.com\/index.php\/author\/digitalreportmx-com\/#author"},"publisher":{"@id":"https:\/\/digitalreportmx.com\/#organization"},"image":{"@type":"ImageObject","url":"https:\/\/digitalreportmx.com\/wp-content\/uploads\/2026\/08\/IMG-20260830-WA0035.jpg","width":1600,"height":1600},"datePublished":"2026-08-30T16:54:33-06:00","dateModified":"2026-08-30T17:00:27-06:00","inLanguage":"es-MX","mainEntityOfPage":{"@id":"https:\/\/digitalreportmx.com\/index.php\/2026\/08\/30\/llama-cedhnl-a-garantizar-derechos-humanos-en-ciclo-escolar\/#webpage"},"isPartOf":{"@id":"https:\/\/digitalreportmx.com\/index.php\/2026\/08\/30\/llama-cedhnl-a-garantizar-derechos-humanos-en-ciclo-escolar\/#webpage"},"articleSection":"Relevante, REPORTE LOCAL"},{"@type":"BreadcrumbList","@id":"https:\/\/digitalreportmx.com\/index.php\/2026\/08\/30\/llama-cedhnl-a-garantizar-derechos-humanos-en-ciclo-escolar\/#breadcrumblist","itemListElement":[{"@type":"ListItem","@id":"https:\/\/digitalreportmx.com#listItem","position":1,"name":"Home","item":"https:\/\/digitalreportmx.com","nextItem":{"@type":"ListItem","@id":"https:\/\/digitalreportmx.com\/index.php\/category\/relevante-2\/#listItem","name":"Relevante"}},{"@type":"ListItem","@id":"https:\/\/digitalreportmx.com\/index.php\/category\/relevante-2\/#listItem","position":2,"name":"Relevante","item":"https:\/\/digitalreportmx.com\/index.php\/category\/relevante-2\/","nextItem":{"@type":"ListItem","@id":"https:\/\/digitalreportmx.com\/index.php\/category\/relevante-2\/reporte-local\/#listItem","name":"REPORTE LOCAL"},"previousItem":{"@type":"ListItem","@id":"https:\/\/digitalreportmx.com#listItem","name":"Home"}},{"@type":"ListItem","@id":"https:\/\/digitalreportmx.com\/index.php\/category\/relevante-2\/reporte-local\/#listItem","position":3,"name":"REPORTE LOCAL","item":"https:\/\/digitalreportmx.com\/index.php\/category\/relevante-2\/reporte-local\/","nextItem":{"@type":"ListItem","@id":"https:\/\/digitalreportmx.com\/index.php\/2026\/08\/30\/llama-cedhnl-a-garantizar-derechos-humanos-en-ciclo-escolar\/#listItem","name":"Llama CEDHNL a garantizar derechos humanos en ciclo escolar"},"previousItem":{"@type":"ListItem","@id":"https:\/\/digitalreportmx.com\/index.php\/category\/relevante-2\/#listItem","name":"Relevante"}},{"@type":"ListItem","@id":"https:\/\/digitalreportmx.com\/index.php\/2026\/08\/30\/llama-cedhnl-a-garantizar-derechos-humanos-en-ciclo-escolar\/#listItem","position":4,"name":"Llama CEDHNL a garantizar derechos humanos en ciclo escolar","previousItem":{"@type":"ListItem","@id":"https:\/\/digitalreportmx.com\/index.php\/category\/relevante-2\/reporte-local\/#listItem","name":"REPORTE LOCAL"}}]},{"@type":"Organization","@id":"https:\/\/digitalreportmx.com\/#organization","name":"digitalreportmx.com","url":"https:\/\/digitalreportmx.com\/","logo":{"@type":"ImageObject","url":"https:\/\/digitalreportmx.com\/wp-content\/uploads\/2024\/02\/cropped-cropped-DRLOGO-1.jpg","@id":"https:\/\/digitalreportmx.com\/index.php\/2026\/08\/30\/llama-cedhnl-a-garantizar-derechos-humanos-en-ciclo-escolar\/#organizationLogo","width":1693,"height":281},"image":{"@id":"https:\/\/digitalreportmx.com\/index.php\/2026\/08\/30\/llama-cedhnl-a-garantizar-derechos-humanos-en-ciclo-escolar\/#organizationLogo"}},{"@type":"Person","@id":"https:\/\/digitalreportmx.com\/index.php\/author\/digitalreportmx-com\/#author","url":"https:\/\/digitalreportmx.com\/index.php\/author\/digitalreportmx-com\/","name":"digitalreportmx.com","image":{"@type":"ImageObject","@id":"https:\/\/digitalreportmx.com\/index.php\/2026\/08\/30\/llama-cedhnl-a-garantizar-derechos-humanos-en-ciclo-escolar\/#authorImage","url":"https:\/\/secure.gravatar.com\/avatar\/2188078a0605d73ef57c1a9ac85e5a46c94d745432f7d01a9f4feac443943526?s=96&d=mm&r=g","width":96,"height":96,"caption":"digitalreportmx.com"}},{"@type":"WebPage","@id":"https:\/\/digitalreportmx.com\/index.php\/2026\/08\/30\/llama-cedhnl-a-garantizar-derechos-humanos-en-ciclo-escolar\/#webpage","url":"https:\/\/digitalreportmx.com\/index.php\/2026\/08\/30\/llama-cedhnl-a-garantizar-derechos-humanos-en-ciclo-escolar\/","name":"Llama CEDHNL a garantizar derechos humanos en ciclo escolar -","description":"Monterrey, NL Con motivo del inicio del ciclo escolar 2026\u20132027, la Comisi\u00f3n Estatal de Derechos Humanos de Nuevo Le\u00f3n (CEDHNL) hace un llamado a las autoridades educativas a fortalecer las medidas de prevenci\u00f3n y atenci\u00f3n necesarias para garantizar un servicio educativo seguro, accesible e inclusivo, libre de discriminaci\u00f3n y con enfoque de derechos humanos. La","inLanguage":"es-MX","isPartOf":{"@id":"https:\/\/digitalreportmx.com\/#website"},"breadcrumb":{"@id":"https:\/\/digitalreportmx.com\/index.php\/2026\/08\/30\/llama-cedhnl-a-garantizar-derechos-humanos-en-ciclo-escolar\/#breadcrumblist"},"author":{"@id":"https:\/\/digitalreportmx.com\/index.php\/author\/digitalreportmx-com\/#author"},"creator":{"@id":"https:\/\/digitalreportmx.com\/index.php\/author\/digitalreportmx-com\/#author"},"image":{"@type":"ImageObject","url":"https:\/\/digitalreportmx.com\/wp-content\/uploads\/2026\/08\/IMG-20260830-WA0035.jpg","@id":"https:\/\/digitalreportmx.com\/index.php\/2026\/08\/30\/llama-cedhnl-a-garantizar-derechos-humanos-en-ciclo-escolar\/#mainImage","width":1600,"height":1600},"primaryImageOfPage":{"@id":"https:\/\/digitalreportmx.com\/index.php\/2026\/08\/30\/llama-cedhnl-a-garantizar-derechos-humanos-en-ciclo-escolar\/#mainImage"},"datePublished":"2026-08-30T16:54:33-06:00","dateModified":"2026-08-30T17:00:27-06:00"},{"@type":"WebSite","@id":"https:\/\/digitalreportmx.com\/#website","url":"https:\/\/digitalreportmx.com\/","name":"digitalreportmx.com","inLanguage":"es-MX","publisher":{"@id":"https:\/\/digitalreportmx.com\/#organization"}}]},"og:locale":"es_MX","og:site_name":"-","og:type":"article","og:title":"Llama CEDHNL a garantizar derechos humanos en ciclo escolar -","og:description":"Monterrey, NL Con motivo del inicio del ciclo escolar 2026\u20132027, la Comisi\u00f3n Estatal de Derechos Humanos de Nuevo Le\u00f3n (CEDHNL) hace un llamado a las autoridades educativas a fortalecer las medidas de prevenci\u00f3n y atenci\u00f3n necesarias para garantizar un servicio educativo seguro, accesible e inclusivo, libre de discriminaci\u00f3n y con enfoque de derechos humanos. La","og:url":"https:\/\/digitalreportmx.com\/index.php\/2026\/08\/30\/llama-cedhnl-a-garantizar-derechos-humanos-en-ciclo-escolar\/","og:image":"https:\/\/digitalreportmx.com\/wp-content\/uploads\/2024\/02\/cropped-cropped-DRLOGO-1.jpg","og:image:secure_url":"https:\/\/digitalreportmx.com\/wp-content\/uploads\/2024\/02\/cropped-cropped-DRLOGO-1.jpg","article:published_time":"2026-08-30T22:54:33+00:00","article:modified_time":"2026-08-30T23:00:27+00:00","twitter:card":"summary_large_image","twitter:title":"Llama CEDHNL a garantizar derechos humanos en ciclo escolar -","twitter:description":"Monterrey, NL Con motivo del inicio del ciclo escolar 2026\u20132027, la Comisi\u00f3n Estatal de Derechos Humanos de Nuevo Le\u00f3n (CEDHNL) hace un llamado a las autoridades educativas a fortalecer las medidas de prevenci\u00f3n y atenci\u00f3n necesarias para garantizar un servicio educativo seguro, accesible e inclusivo, libre de discriminaci\u00f3n y con enfoque de derechos humanos. La","twitter:image":"https:\/\/digitalreportmx.com\/wp-content\/uploads\/2024\/02\/cropped-cropped-DRLOGO-1.jpg"},"aioseo_meta_data":{"post_id":"45625","title":null,"description":null,"keywords":null,"keyphrases":{"focus":{"keyphrase":"","score":0,"analysis":{"keyphraseInTitle":{"score":0,"maxScore":9,"error":1}}},"additional":[]},"primary_term":null,"canonical_url":null,"og_title":null,"og_description":null,"og_object_type":"default","og_image_type":"default","og_image_url":null,"og_image_width":null,"og_image_height":null,"og_image_custom_url":null,"og_image_custom_fields":null,"og_video":"","og_custom_url":null,"og_article_section":null,"og_article_tags":null,"twitter_use_og":false,"twitter_card":"default","twitter_image_type":"default","twitter_image_url":null,"twitter_image_custom_url":null,"twitter_image_custom_fields":null,"twitter_title":null,"twitter_description":null,"schema":{"blockGraphs":[],"customGraphs":[],"default":{"data":{"Article":[],"Course":[],"Dataset":[],"FAQPage":[],"Movie":[],"Person":[],"Product":[],"ProductReview":[],"Car":[],"Recipe":[],"Service":[],"SoftwareApplication":[],"WebPage":[]},"graphName":"BlogPosting","isEnabled":true},"graphs":[]},"schema_type":"default","schema_type_options":null,"pillar_content":false,"robots_default":true,"robots_noindex":false,"robots_noarchive":false,"robots_nosnippet":false,"robots_nofollow":false,"robots_noimageindex":false,"robots_noodp":false,"robots_notranslate":false,"robots_max_snippet":"-1","robots_max_videopreview":"-1","robots_max_imagepreview":"large","priority":null,"frequency":"default","local_seo":null,"breadcrumb_settings":null,"limit_modified_date":false,"ai":{"faqs":[],"keyPoints":[],"schemas":[],"titles":[],"descriptions":[],"socialPosts":{"email":{"subject":"","preview":"","content":""},"linkedin":[],"twitter":[],"facebook":[],"instagram":[]}},"created":"2026-08-30 22:54:34","updated":"2026-08-30 23:01:08","seo_analyzer_scan_date":null,"focus_keyword":null,"additional_keywords":null,"truseo_locale":null},"aioseo_breadcrumb":"<div class=\"aioseo-breadcrumbs\"><span class=\"aioseo-breadcrumb\">\n\t\t\t<a href=\"https:\/\/digitalreportmx.com\" title=\"Home\">Home<\/a>\n\t\t<\/span><span class=\"aioseo-breadcrumb-separator\">&raquo;<\/span><span class=\"aioseo-breadcrumb\">\n\t\t\t<a href=\"https:\/\/digitalreportmx.com\/index.php\/category\/relevante-2\/\" title=\"Relevante\">Relevante<\/a>\n\t\t<\/span><span class=\"aioseo-breadcrumb-separator\">&raquo;<\/span><span class=\"aioseo-breadcrumb\">\n\t\t\t<a href=\"https:\/\/digitalreportmx.com\/index.php\/category\/relevante-2\/reporte-local\/\" title=\"REPORTE LOCAL\">REPORTE LOCAL<\/a>\n\t\t<\/span><span class=\"aioseo-breadcrumb-separator\">&raquo;<\/span><span class=\"aioseo-breadcrumb\">\n\t\t\tLlama CEDHNL a garantizar derechos humanos en ciclo escolar\n\t\t<\/span><\/div>","aioseo_breadcrumb_json":[{"label":"Home","link":"https:\/\/digitalreportmx.com"},{"label":"Relevante","link":"https:\/\/digitalreportmx.com\/index.php\/category\/relevante-2\/"},{"label":"REPORTE LOCAL","link":"https:\/\/digitalreportmx.com\/index.php\/category\/relevante-2\/reporte-local\/"},{"label":"Llama CEDHNL a garantizar derechos humanos en ciclo escolar","link":"https:\/\/digitalreportmx.com\/index.php\/2026\/08\/30\/llama-cedhnl-a-garantizar-derechos-humanos-en-ciclo-escolar\/"}],"_links":{"self":[{"href":"https:\/\/digitalreportmx.com\/index.php\/wp-json\/wp\/v2\/posts\/45625","targetHints":{"allow":["GET"]}}],"collection":[{"href":"https:\/\/digitalreportmx.com\/index.php\/wp-json\/wp\/v2\/posts"}],"about":[{"href":"https:\/\/digitalreportmx.com\/index.php\/wp-json\/wp\/v2\/types\/post"}],"author":[{"embeddable":true,"href":"https:\/\/digitalreportmx.com\/index.php\/wp-json\/wp\/v2\/users\/1"}],"replies":[{"embeddable":true,"href":"https:\/\/digitalreportmx.com\/index.php\/wp-json\/wp\/v2\/comments?post=45625"}],"version-history":[{"count":3,"href":"https:\/\/digitalreportmx.com\/index.php\/wp-json\/wp\/v2\/posts\/45625\/revisions"}],"predecessor-version":[{"id":45638,"href":"https:\/\/digitalreportmx.com\/index.php\/wp-json\/wp\/v2\/posts\/45625\/revisions\/45638"}],"wp:featuredmedia":[{"embeddable":true,"href":"https:\/\/digitalreportmx.com\/index.php\/wp-json\/wp\/v2\/media\/45626"}],"wp:attachment":[{"href":"https:\/\/digitalreportmx.com\/index.php\/wp-json\/wp\/v2\/media?parent=45625"}],"wp:term":[{"taxonomy":"category","embeddable":true,"href":"https:\/\/digitalreportmx.com\/index.php\/wp-json\/wp\/v2\/categories?post=45625"},{"taxonomy":"post_tag","embeddable":true,"href":"https:\/\/digitalreportmx.com\/index.php\/wp-json\/wp\/v2\/tags?post=45625"}],"curies":[{"name":"wp","href":"https:\/\/api.w.org\/{rel}","templated":true}]}}