{"id":45640,"date":"2026-08-30T18:38:25","date_gmt":"2026-08-31T00:38:25","guid":{"rendered":"https:\/\/digitalreportmx.com\/?p=45640"},"modified":"2026-08-30T18:39:07","modified_gmt":"2026-08-31T00:39:07","slug":"da-santa-catarina-tijeretazo-gratis-a-menores","status":"publish","type":"post","link":"https:\/\/digitalreportmx.com\/index.php\/2026\/08\/30\/da-santa-catarina-tijeretazo-gratis-a-menores\/","title":{"rendered":"Da Santa Catarina &#8216;tijeretazo&#8217; gratis a menores"},"content":{"rendered":"\n<p><kbd>Santa Catarina<\/kbd>, NL<\/p>\n\n\n\n<p>Cientos de ni\u00f1as, ni\u00f1os y adolescentes se benefician con el corte de cabello gratis que el Gobierno de Santa Catarina brind\u00f3 con el programa \u201cTijeretazo\u201d en apoyo a la econom\u00eda familiar con motivo del regreso a clases.<\/p>\n\n\n\n<p>Elizabeth Galicia Ruiz, titular del DIF Municipal, supervis\u00f3 las actividades del Tijeretazo, donde se instalaron 19 puntos, entre ellos el DIF Municipal, bibliotecas y salones polivalentes en los que estilistas y barberos realizaron cortes de cabello a los menores de nivel preescolar, primaria y secundaria.<\/p>\n\n\n\n<figure class=\"wp-block-video\"><video controls src=\"https:\/\/digitalreportmx.com\/wp-content\/uploads\/2026\/08\/1000376650.mp4\"><\/video><\/figure>\n\n\n\n<p>\u201cPor segundo a\u00f1o consecutivo se realiza el tijeretazo, contamos con estilistas y barberos en las diferentes sedes para realizar los cortes de cabello gratis, con esto apoyamos a los padres de familia en su econom\u00eda en este regreso a clases\u201d, expres\u00f3.<\/p>\n\n\n\n<figure class=\"wp-block-image size-large\"><img loading=\"lazy\" decoding=\"async\" width=\"1024\" height=\"768\" src=\"https:\/\/digitalreportmx.com\/wp-content\/uploads\/2026\/08\/1000376645-1024x768.jpg\" alt=\"\" class=\"wp-image-45642\" srcset=\"https:\/\/digitalreportmx.com\/wp-content\/uploads\/2026\/08\/1000376645-1024x768.jpg 1024w, https:\/\/digitalreportmx.com\/wp-content\/uploads\/2026\/08\/1000376645-300x225.jpg 300w, https:\/\/digitalreportmx.com\/wp-content\/uploads\/2026\/08\/1000376645-768x576.jpg 768w, https:\/\/digitalreportmx.com\/wp-content\/uploads\/2026\/08\/1000376645-1536x1152.jpg 1536w, https:\/\/digitalreportmx.com\/wp-content\/uploads\/2026\/08\/1000376645-2048x1536.jpg 2048w\" sizes=\"auto, (max-width: 1024px) 100vw, 1024px\" \/><\/figure>\n\n\n\n<p>Las 19 sedes que operaron de 9:00 de la ma\u00f1ana a 4:00 de la tarde son: Polivalente Puerta Mitras, Polivalente Residencial Santa Catarina, Polivalente Cananeas, Polivalente Ayacucho, Museo Blanqueo, Casa de la Cultura, Centro Cultural Cumbres, Centro Comunitario Robles, Centro Comunitario L\u00f3pez Mateos, Centro Comunitario Cima de las Mitras, Centro Comunitario La Ermita,, Centro Comunitario Sendero, DIF Santa Catarina, Unidad Deportiva Coatlicue, Biblioteca Dr. Eduardo Aguirre Peque\u00f1o, Biblioteca Infonavit Jorge Trevi\u00f1o, Biblioteca Hildebrando Garza Sep\u00falveda, Biblioteca Ra\u00fal Rangel Fr\u00edas yBiblioteca Prof. Leonor Garc\u00eda Arizpe.<\/p>\n\n\n\n<figure class=\"wp-block-image size-large\"><img loading=\"lazy\" decoding=\"async\" width=\"1024\" height=\"768\" src=\"https:\/\/digitalreportmx.com\/wp-content\/uploads\/2026\/08\/1000376645-1-1024x768.jpg\" alt=\"\" class=\"wp-image-45643\" srcset=\"https:\/\/digitalreportmx.com\/wp-content\/uploads\/2026\/08\/1000376645-1-1024x768.jpg 1024w, https:\/\/digitalreportmx.com\/wp-content\/uploads\/2026\/08\/1000376645-1-300x225.jpg 300w, https:\/\/digitalreportmx.com\/wp-content\/uploads\/2026\/08\/1000376645-1-768x576.jpg 768w, https:\/\/digitalreportmx.com\/wp-content\/uploads\/2026\/08\/1000376645-1-1536x1152.jpg 1536w, https:\/\/digitalreportmx.com\/wp-content\/uploads\/2026\/08\/1000376645-1-2048x1536.jpg 2048w\" sizes=\"auto, (max-width: 1024px) 100vw, 1024px\" \/><\/figure>\n","protected":false},"excerpt":{"rendered":"<p>Santa Catarina, NL Cientos de ni\u00f1as, ni\u00f1os y adolescentes se benefician con el corte de cabello gratis que el Gobierno de Santa Catarina brind\u00f3 con el programa \u201cTijeretazo\u201d en apoyo a la econom\u00eda familiar con motivo del regreso a clases. Elizabeth Galicia Ruiz, titular del DIF Municipal, supervis\u00f3 las actividades del Tijeretazo, donde se instalaron [&hellip;]<\/p>\n","protected":false},"author":1,"featured_media":45641,"comment_status":"open","ping_status":"open","sticky":false,"template":"","format":"standard","meta":{"om_disable_all_campaigns":false,"_monsterinsights_skip_tracking":false,"_uf_show_specific_survey":0,"_uf_disable_surveys":false,"footnotes":""},"categories":[16,13],"tags":[],"class_list":["post-45640","post","type-post","status-publish","format-standard","has-post-thumbnail","hentry","category-relevante-2","category-reporte-local"],"aioseo_notices":[],"aioseo_head":"\n\t\t<!-- All in One SEO 5.0.1.1 - aioseo.com -->\n\t<meta name=\"description\" content=\"Santa Catarina, NL Cientos de ni\u00f1as, ni\u00f1os y adolescentes se benefician con el corte de cabello gratis que el Gobierno de Santa Catarina brind\u00f3 con el programa \u201cTijeretazo\u201d en apoyo a la econom\u00eda familiar con motivo del regreso a clases. Elizabeth Galicia Ruiz, titular del DIF Municipal, supervis\u00f3 las actividades del Tijeretazo, donde se instalaron\" \/>\n\t<meta name=\"robots\" content=\"max-image-preview:large\" \/>\n\t<meta name=\"author\" content=\"digitalreportmx.com\"\/>\n\t<link rel=\"canonical\" href=\"https:\/\/digitalreportmx.com\/index.php\/2026\/08\/30\/da-santa-catarina-tijeretazo-gratis-a-menores\/\" \/>\n\t<meta name=\"generator\" content=\"All in One SEO (AIOSEO) 5.0.1.1\" \/>\n\t\t<meta property=\"og:locale\" content=\"es_MX\" \/>\n\t\t<meta property=\"og:site_name\" content=\"-\" \/>\n\t\t<meta property=\"og:type\" content=\"article\" \/>\n\t\t<meta property=\"og:title\" content=\"Da Santa Catarina \u2018tijeretazo\u2019 gratis a menores -\" \/>\n\t\t<meta property=\"og:description\" content=\"Santa Catarina, NL Cientos de ni\u00f1as, ni\u00f1os y adolescentes se benefician con el corte de cabello gratis que el Gobierno de Santa Catarina brind\u00f3 con el programa \u201cTijeretazo\u201d en apoyo a la econom\u00eda familiar con motivo del regreso a clases. Elizabeth Galicia Ruiz, titular del DIF Municipal, supervis\u00f3 las actividades del Tijeretazo, donde se instalaron\" \/>\n\t\t<meta property=\"og:url\" content=\"https:\/\/digitalreportmx.com\/index.php\/2026\/08\/30\/da-santa-catarina-tijeretazo-gratis-a-menores\/\" \/>\n\t\t<meta property=\"og:image\" content=\"https:\/\/digitalreportmx.com\/wp-content\/uploads\/2024\/02\/cropped-cropped-DRLOGO-1.jpg\" \/>\n\t\t<meta property=\"og:image:secure_url\" content=\"https:\/\/digitalreportmx.com\/wp-content\/uploads\/2024\/02\/cropped-cropped-DRLOGO-1.jpg\" \/>\n\t\t<meta property=\"article:published_time\" content=\"2026-08-31T00:38:25+00:00\" \/>\n\t\t<meta property=\"article:modified_time\" content=\"2026-08-31T00:39:07+00:00\" \/>\n\t\t<meta name=\"twitter:card\" content=\"summary_large_image\" \/>\n\t\t<meta name=\"twitter:title\" content=\"Da Santa Catarina \u2018tijeretazo\u2019 gratis a menores -\" \/>\n\t\t<meta name=\"twitter:description\" content=\"Santa Catarina, NL Cientos de ni\u00f1as, ni\u00f1os y adolescentes se benefician con el corte de cabello gratis que el Gobierno de Santa Catarina brind\u00f3 con el programa \u201cTijeretazo\u201d en apoyo a la econom\u00eda familiar con motivo del regreso a clases. Elizabeth Galicia Ruiz, titular del DIF Municipal, supervis\u00f3 las actividades del Tijeretazo, donde se instalaron\" \/>\n\t\t<meta name=\"twitter:image\" content=\"https:\/\/digitalreportmx.com\/wp-content\/uploads\/2024\/02\/cropped-cropped-DRLOGO-1.jpg\" \/>\n\t\t<script type=\"application\/ld+json\" class=\"aioseo-schema\">\n\t\t\t{\"@context\":\"https:\\\/\\\/schema.org\",\"@graph\":[{\"@type\":\"BlogPosting\",\"@id\":\"https:\\\/\\\/digitalreportmx.com\\\/index.php\\\/2026\\\/08\\\/30\\\/da-santa-catarina-tijeretazo-gratis-a-menores\\\/#blogposting\",\"name\":\"Da Santa Catarina \\u2018tijeretazo\\u2019 gratis a menores -\",\"headline\":\"Da Santa Catarina &#8216;tijeretazo&#8217; gratis a menores\",\"author\":{\"@id\":\"https:\\\/\\\/digitalreportmx.com\\\/index.php\\\/author\\\/digitalreportmx-com\\\/#author\"},\"publisher\":{\"@id\":\"https:\\\/\\\/digitalreportmx.com\\\/#organization\"},\"image\":{\"@type\":\"ImageObject\",\"url\":\"https:\\\/\\\/digitalreportmx.com\\\/wp-content\\\/uploads\\\/2026\\\/08\\\/IMG-20260830-WA0101-scaled.jpg\",\"width\":2560,\"height\":1920},\"datePublished\":\"2026-08-30T18:38:25-06:00\",\"dateModified\":\"2026-08-30T18:39:07-06:00\",\"inLanguage\":\"es-MX\",\"mainEntityOfPage\":{\"@id\":\"https:\\\/\\\/digitalreportmx.com\\\/index.php\\\/2026\\\/08\\\/30\\\/da-santa-catarina-tijeretazo-gratis-a-menores\\\/#webpage\"},\"isPartOf\":{\"@id\":\"https:\\\/\\\/digitalreportmx.com\\\/index.php\\\/2026\\\/08\\\/30\\\/da-santa-catarina-tijeretazo-gratis-a-menores\\\/#webpage\"},\"articleSection\":\"Relevante, REPORTE LOCAL\"},{\"@type\":\"BreadcrumbList\",\"@id\":\"https:\\\/\\\/digitalreportmx.com\\\/index.php\\\/2026\\\/08\\\/30\\\/da-santa-catarina-tijeretazo-gratis-a-menores\\\/#breadcrumblist\",\"itemListElement\":[{\"@type\":\"ListItem\",\"@id\":\"https:\\\/\\\/digitalreportmx.com#listItem\",\"position\":1,\"name\":\"Home\",\"item\":\"https:\\\/\\\/digitalreportmx.com\",\"nextItem\":{\"@type\":\"ListItem\",\"@id\":\"https:\\\/\\\/digitalreportmx.com\\\/index.php\\\/category\\\/relevante-2\\\/#listItem\",\"name\":\"Relevante\"}},{\"@type\":\"ListItem\",\"@id\":\"https:\\\/\\\/digitalreportmx.com\\\/index.php\\\/category\\\/relevante-2\\\/#listItem\",\"position\":2,\"name\":\"Relevante\",\"item\":\"https:\\\/\\\/digitalreportmx.com\\\/index.php\\\/category\\\/relevante-2\\\/\",\"nextItem\":{\"@type\":\"ListItem\",\"@id\":\"https:\\\/\\\/digitalreportmx.com\\\/index.php\\\/category\\\/relevante-2\\\/reporte-local\\\/#listItem\",\"name\":\"REPORTE LOCAL\"},\"previousItem\":{\"@type\":\"ListItem\",\"@id\":\"https:\\\/\\\/digitalreportmx.com#listItem\",\"name\":\"Home\"}},{\"@type\":\"ListItem\",\"@id\":\"https:\\\/\\\/digitalreportmx.com\\\/index.php\\\/category\\\/relevante-2\\\/reporte-local\\\/#listItem\",\"position\":3,\"name\":\"REPORTE LOCAL\",\"item\":\"https:\\\/\\\/digitalreportmx.com\\\/index.php\\\/category\\\/relevante-2\\\/reporte-local\\\/\",\"nextItem\":{\"@type\":\"ListItem\",\"@id\":\"https:\\\/\\\/digitalreportmx.com\\\/index.php\\\/2026\\\/08\\\/30\\\/da-santa-catarina-tijeretazo-gratis-a-menores\\\/#listItem\",\"name\":\"Da Santa Catarina &#8216;tijeretazo&#8217; gratis a menores\"},\"previousItem\":{\"@type\":\"ListItem\",\"@id\":\"https:\\\/\\\/digitalreportmx.com\\\/index.php\\\/category\\\/relevante-2\\\/#listItem\",\"name\":\"Relevante\"}},{\"@type\":\"ListItem\",\"@id\":\"https:\\\/\\\/digitalreportmx.com\\\/index.php\\\/2026\\\/08\\\/30\\\/da-santa-catarina-tijeretazo-gratis-a-menores\\\/#listItem\",\"position\":4,\"name\":\"Da Santa Catarina &#8216;tijeretazo&#8217; gratis a menores\",\"previousItem\":{\"@type\":\"ListItem\",\"@id\":\"https:\\\/\\\/digitalreportmx.com\\\/index.php\\\/category\\\/relevante-2\\\/reporte-local\\\/#listItem\",\"name\":\"REPORTE LOCAL\"}}]},{\"@type\":\"Organization\",\"@id\":\"https:\\\/\\\/digitalreportmx.com\\\/#organization\",\"name\":\"digitalreportmx.com\",\"url\":\"https:\\\/\\\/digitalreportmx.com\\\/\",\"logo\":{\"@type\":\"ImageObject\",\"url\":\"https:\\\/\\\/digitalreportmx.com\\\/wp-content\\\/uploads\\\/2024\\\/02\\\/cropped-cropped-DRLOGO-1.jpg\",\"@id\":\"https:\\\/\\\/digitalreportmx.com\\\/index.php\\\/2026\\\/08\\\/30\\\/da-santa-catarina-tijeretazo-gratis-a-menores\\\/#organizationLogo\",\"width\":1693,\"height\":281},\"image\":{\"@id\":\"https:\\\/\\\/digitalreportmx.com\\\/index.php\\\/2026\\\/08\\\/30\\\/da-santa-catarina-tijeretazo-gratis-a-menores\\\/#organizationLogo\"}},{\"@type\":\"Person\",\"@id\":\"https:\\\/\\\/digitalreportmx.com\\\/index.php\\\/author\\\/digitalreportmx-com\\\/#author\",\"url\":\"https:\\\/\\\/digitalreportmx.com\\\/index.php\\\/author\\\/digitalreportmx-com\\\/\",\"name\":\"digitalreportmx.com\",\"image\":{\"@type\":\"ImageObject\",\"@id\":\"https:\\\/\\\/digitalreportmx.com\\\/index.php\\\/2026\\\/08\\\/30\\\/da-santa-catarina-tijeretazo-gratis-a-menores\\\/#authorImage\",\"url\":\"https:\\\/\\\/secure.gravatar.com\\\/avatar\\\/2188078a0605d73ef57c1a9ac85e5a46c94d745432f7d01a9f4feac443943526?s=96&d=mm&r=g\",\"width\":96,\"height\":96,\"caption\":\"digitalreportmx.com\"}},{\"@type\":\"WebPage\",\"@id\":\"https:\\\/\\\/digitalreportmx.com\\\/index.php\\\/2026\\\/08\\\/30\\\/da-santa-catarina-tijeretazo-gratis-a-menores\\\/#webpage\",\"url\":\"https:\\\/\\\/digitalreportmx.com\\\/index.php\\\/2026\\\/08\\\/30\\\/da-santa-catarina-tijeretazo-gratis-a-menores\\\/\",\"name\":\"Da Santa Catarina \\u2018tijeretazo\\u2019 gratis a menores -\",\"description\":\"Santa Catarina, NL Cientos de ni\\u00f1as, ni\\u00f1os y adolescentes se benefician con el corte de cabello gratis que el Gobierno de Santa Catarina brind\\u00f3 con el programa \\u201cTijeretazo\\u201d en apoyo a la econom\\u00eda familiar con motivo del regreso a clases. Elizabeth Galicia Ruiz, titular del DIF Municipal, supervis\\u00f3 las actividades del Tijeretazo, donde se instalaron\",\"inLanguage\":\"es-MX\",\"isPartOf\":{\"@id\":\"https:\\\/\\\/digitalreportmx.com\\\/#website\"},\"breadcrumb\":{\"@id\":\"https:\\\/\\\/digitalreportmx.com\\\/index.php\\\/2026\\\/08\\\/30\\\/da-santa-catarina-tijeretazo-gratis-a-menores\\\/#breadcrumblist\"},\"author\":{\"@id\":\"https:\\\/\\\/digitalreportmx.com\\\/index.php\\\/author\\\/digitalreportmx-com\\\/#author\"},\"creator\":{\"@id\":\"https:\\\/\\\/digitalreportmx.com\\\/index.php\\\/author\\\/digitalreportmx-com\\\/#author\"},\"image\":{\"@type\":\"ImageObject\",\"url\":\"https:\\\/\\\/digitalreportmx.com\\\/wp-content\\\/uploads\\\/2026\\\/08\\\/IMG-20260830-WA0101-scaled.jpg\",\"@id\":\"https:\\\/\\\/digitalreportmx.com\\\/index.php\\\/2026\\\/08\\\/30\\\/da-santa-catarina-tijeretazo-gratis-a-menores\\\/#mainImage\",\"width\":2560,\"height\":1920},\"primaryImageOfPage\":{\"@id\":\"https:\\\/\\\/digitalreportmx.com\\\/index.php\\\/2026\\\/08\\\/30\\\/da-santa-catarina-tijeretazo-gratis-a-menores\\\/#mainImage\"},\"datePublished\":\"2026-08-30T18:38:25-06:00\",\"dateModified\":\"2026-08-30T18:39:07-06:00\"},{\"@type\":\"WebSite\",\"@id\":\"https:\\\/\\\/digitalreportmx.com\\\/#website\",\"url\":\"https:\\\/\\\/digitalreportmx.com\\\/\",\"name\":\"digitalreportmx.com\",\"inLanguage\":\"es-MX\",\"publisher\":{\"@id\":\"https:\\\/\\\/digitalreportmx.com\\\/#organization\"}}]}\n\t\t<\/script>\n\t\t<!-- All in One SEO -->\n\n","aioseo_head_json":{"title":"Da Santa Catarina \u2018tijeretazo\u2019 gratis a menores -","description":"Santa Catarina, NL Cientos de ni\u00f1as, ni\u00f1os y adolescentes se benefician con el corte de cabello gratis que el Gobierno de Santa Catarina brind\u00f3 con el programa \u201cTijeretazo\u201d en apoyo a la econom\u00eda familiar con motivo del regreso a clases. Elizabeth Galicia Ruiz, titular del DIF Municipal, supervis\u00f3 las actividades del Tijeretazo, donde se instalaron","canonical_url":"https:\/\/digitalreportmx.com\/index.php\/2026\/08\/30\/da-santa-catarina-tijeretazo-gratis-a-menores\/","robots":"max-image-preview:large","keywords":"","webmasterTools":{"miscellaneous":""},"schema":{"@context":"https:\/\/schema.org","@graph":[{"@type":"BlogPosting","@id":"https:\/\/digitalreportmx.com\/index.php\/2026\/08\/30\/da-santa-catarina-tijeretazo-gratis-a-menores\/#blogposting","name":"Da Santa Catarina \u2018tijeretazo\u2019 gratis a menores -","headline":"Da Santa Catarina &#8216;tijeretazo&#8217; gratis a menores","author":{"@id":"https:\/\/digitalreportmx.com\/index.php\/author\/digitalreportmx-com\/#author"},"publisher":{"@id":"https:\/\/digitalreportmx.com\/#organization"},"image":{"@type":"ImageObject","url":"https:\/\/digitalreportmx.com\/wp-content\/uploads\/2026\/08\/IMG-20260830-WA0101-scaled.jpg","width":2560,"height":1920},"datePublished":"2026-08-30T18:38:25-06:00","dateModified":"2026-08-30T18:39:07-06:00","inLanguage":"es-MX","mainEntityOfPage":{"@id":"https:\/\/digitalreportmx.com\/index.php\/2026\/08\/30\/da-santa-catarina-tijeretazo-gratis-a-menores\/#webpage"},"isPartOf":{"@id":"https:\/\/digitalreportmx.com\/index.php\/2026\/08\/30\/da-santa-catarina-tijeretazo-gratis-a-menores\/#webpage"},"articleSection":"Relevante, REPORTE LOCAL"},{"@type":"BreadcrumbList","@id":"https:\/\/digitalreportmx.com\/index.php\/2026\/08\/30\/da-santa-catarina-tijeretazo-gratis-a-menores\/#breadcrumblist","itemListElement":[{"@type":"ListItem","@id":"https:\/\/digitalreportmx.com#listItem","position":1,"name":"Home","item":"https:\/\/digitalreportmx.com","nextItem":{"@type":"ListItem","@id":"https:\/\/digitalreportmx.com\/index.php\/category\/relevante-2\/#listItem","name":"Relevante"}},{"@type":"ListItem","@id":"https:\/\/digitalreportmx.com\/index.php\/category\/relevante-2\/#listItem","position":2,"name":"Relevante","item":"https:\/\/digitalreportmx.com\/index.php\/category\/relevante-2\/","nextItem":{"@type":"ListItem","@id":"https:\/\/digitalreportmx.com\/index.php\/category\/relevante-2\/reporte-local\/#listItem","name":"REPORTE LOCAL"},"previousItem":{"@type":"ListItem","@id":"https:\/\/digitalreportmx.com#listItem","name":"Home"}},{"@type":"ListItem","@id":"https:\/\/digitalreportmx.com\/index.php\/category\/relevante-2\/reporte-local\/#listItem","position":3,"name":"REPORTE LOCAL","item":"https:\/\/digitalreportmx.com\/index.php\/category\/relevante-2\/reporte-local\/","nextItem":{"@type":"ListItem","@id":"https:\/\/digitalreportmx.com\/index.php\/2026\/08\/30\/da-santa-catarina-tijeretazo-gratis-a-menores\/#listItem","name":"Da Santa Catarina &#8216;tijeretazo&#8217; gratis a menores"},"previousItem":{"@type":"ListItem","@id":"https:\/\/digitalreportmx.com\/index.php\/category\/relevante-2\/#listItem","name":"Relevante"}},{"@type":"ListItem","@id":"https:\/\/digitalreportmx.com\/index.php\/2026\/08\/30\/da-santa-catarina-tijeretazo-gratis-a-menores\/#listItem","position":4,"name":"Da Santa Catarina &#8216;tijeretazo&#8217; gratis a menores","previousItem":{"@type":"ListItem","@id":"https:\/\/digitalreportmx.com\/index.php\/category\/relevante-2\/reporte-local\/#listItem","name":"REPORTE LOCAL"}}]},{"@type":"Organization","@id":"https:\/\/digitalreportmx.com\/#organization","name":"digitalreportmx.com","url":"https:\/\/digitalreportmx.com\/","logo":{"@type":"ImageObject","url":"https:\/\/digitalreportmx.com\/wp-content\/uploads\/2024\/02\/cropped-cropped-DRLOGO-1.jpg","@id":"https:\/\/digitalreportmx.com\/index.php\/2026\/08\/30\/da-santa-catarina-tijeretazo-gratis-a-menores\/#organizationLogo","width":1693,"height":281},"image":{"@id":"https:\/\/digitalreportmx.com\/index.php\/2026\/08\/30\/da-santa-catarina-tijeretazo-gratis-a-menores\/#organizationLogo"}},{"@type":"Person","@id":"https:\/\/digitalreportmx.com\/index.php\/author\/digitalreportmx-com\/#author","url":"https:\/\/digitalreportmx.com\/index.php\/author\/digitalreportmx-com\/","name":"digitalreportmx.com","image":{"@type":"ImageObject","@id":"https:\/\/digitalreportmx.com\/index.php\/2026\/08\/30\/da-santa-catarina-tijeretazo-gratis-a-menores\/#authorImage","url":"https:\/\/secure.gravatar.com\/avatar\/2188078a0605d73ef57c1a9ac85e5a46c94d745432f7d01a9f4feac443943526?s=96&d=mm&r=g","width":96,"height":96,"caption":"digitalreportmx.com"}},{"@type":"WebPage","@id":"https:\/\/digitalreportmx.com\/index.php\/2026\/08\/30\/da-santa-catarina-tijeretazo-gratis-a-menores\/#webpage","url":"https:\/\/digitalreportmx.com\/index.php\/2026\/08\/30\/da-santa-catarina-tijeretazo-gratis-a-menores\/","name":"Da Santa Catarina \u2018tijeretazo\u2019 gratis a menores -","description":"Santa Catarina, NL Cientos de ni\u00f1as, ni\u00f1os y adolescentes se benefician con el corte de cabello gratis que el Gobierno de Santa Catarina brind\u00f3 con el programa \u201cTijeretazo\u201d en apoyo a la econom\u00eda familiar con motivo del regreso a clases. Elizabeth Galicia Ruiz, titular del DIF Municipal, supervis\u00f3 las actividades del Tijeretazo, donde se instalaron","inLanguage":"es-MX","isPartOf":{"@id":"https:\/\/digitalreportmx.com\/#website"},"breadcrumb":{"@id":"https:\/\/digitalreportmx.com\/index.php\/2026\/08\/30\/da-santa-catarina-tijeretazo-gratis-a-menores\/#breadcrumblist"},"author":{"@id":"https:\/\/digitalreportmx.com\/index.php\/author\/digitalreportmx-com\/#author"},"creator":{"@id":"https:\/\/digitalreportmx.com\/index.php\/author\/digitalreportmx-com\/#author"},"image":{"@type":"ImageObject","url":"https:\/\/digitalreportmx.com\/wp-content\/uploads\/2026\/08\/IMG-20260830-WA0101-scaled.jpg","@id":"https:\/\/digitalreportmx.com\/index.php\/2026\/08\/30\/da-santa-catarina-tijeretazo-gratis-a-menores\/#mainImage","width":2560,"height":1920},"primaryImageOfPage":{"@id":"https:\/\/digitalreportmx.com\/index.php\/2026\/08\/30\/da-santa-catarina-tijeretazo-gratis-a-menores\/#mainImage"},"datePublished":"2026-08-30T18:38:25-06:00","dateModified":"2026-08-30T18:39:07-06:00"},{"@type":"WebSite","@id":"https:\/\/digitalreportmx.com\/#website","url":"https:\/\/digitalreportmx.com\/","name":"digitalreportmx.com","inLanguage":"es-MX","publisher":{"@id":"https:\/\/digitalreportmx.com\/#organization"}}]},"og:locale":"es_MX","og:site_name":"-","og:type":"article","og:title":"Da Santa Catarina \u2018tijeretazo\u2019 gratis a menores -","og:description":"Santa Catarina, NL Cientos de ni\u00f1as, ni\u00f1os y adolescentes se benefician con el corte de cabello gratis que el Gobierno de Santa Catarina brind\u00f3 con el programa \u201cTijeretazo\u201d en apoyo a la econom\u00eda familiar con motivo del regreso a clases. Elizabeth Galicia Ruiz, titular del DIF Municipal, supervis\u00f3 las actividades del Tijeretazo, donde se instalaron","og:url":"https:\/\/digitalreportmx.com\/index.php\/2026\/08\/30\/da-santa-catarina-tijeretazo-gratis-a-menores\/","og:image":"https:\/\/digitalreportmx.com\/wp-content\/uploads\/2024\/02\/cropped-cropped-DRLOGO-1.jpg","og:image:secure_url":"https:\/\/digitalreportmx.com\/wp-content\/uploads\/2024\/02\/cropped-cropped-DRLOGO-1.jpg","article:published_time":"2026-08-31T00:38:25+00:00","article:modified_time":"2026-08-31T00:39:07+00:00","twitter:card":"summary_large_image","twitter:title":"Da Santa Catarina \u2018tijeretazo\u2019 gratis a menores -","twitter:description":"Santa Catarina, NL Cientos de ni\u00f1as, ni\u00f1os y adolescentes se benefician con el corte de cabello gratis que el Gobierno de Santa Catarina brind\u00f3 con el programa \u201cTijeretazo\u201d en apoyo a la econom\u00eda familiar con motivo del regreso a clases. Elizabeth Galicia Ruiz, titular del DIF Municipal, supervis\u00f3 las actividades del Tijeretazo, donde se instalaron","twitter:image":"https:\/\/digitalreportmx.com\/wp-content\/uploads\/2024\/02\/cropped-cropped-DRLOGO-1.jpg"},"aioseo_meta_data":{"post_id":"45640","title":null,"description":null,"keywords":null,"keyphrases":{"focus":{"keyphrase":"","score":0,"analysis":{"keyphraseInTitle":{"score":0,"maxScore":9,"error":1}}},"additional":[]},"primary_term":null,"canonical_url":null,"og_title":null,"og_description":null,"og_object_type":"default","og_image_type":"default","og_image_url":null,"og_image_width":null,"og_image_height":null,"og_image_custom_url":null,"og_image_custom_fields":null,"og_video":"","og_custom_url":null,"og_article_section":null,"og_article_tags":null,"twitter_use_og":false,"twitter_card":"default","twitter_image_type":"default","twitter_image_url":null,"twitter_image_custom_url":null,"twitter_image_custom_fields":null,"twitter_title":null,"twitter_description":null,"schema":{"blockGraphs":[],"customGraphs":[],"default":{"data":{"Article":[],"Course":[],"Dataset":[],"FAQPage":[],"Movie":[],"Person":[],"Product":[],"ProductReview":[],"Car":[],"Recipe":[],"Service":[],"SoftwareApplication":[],"WebPage":[]},"graphName":"BlogPosting","isEnabled":true},"graphs":[]},"schema_type":"default","schema_type_options":null,"pillar_content":false,"robots_default":true,"robots_noindex":false,"robots_noarchive":false,"robots_nosnippet":false,"robots_nofollow":false,"robots_noimageindex":false,"robots_noodp":false,"robots_notranslate":false,"robots_max_snippet":"-1","robots_max_videopreview":"-1","robots_max_imagepreview":"large","priority":null,"frequency":"default","local_seo":null,"breadcrumb_settings":null,"limit_modified_date":false,"ai":{"faqs":[],"keyPoints":[],"schemas":[],"titles":[],"descriptions":[],"socialPosts":{"email":{"subject":"","preview":"","content":""},"linkedin":[],"twitter":[],"facebook":[],"instagram":[]}},"created":"2026-08-31 00:38:25","updated":"2026-08-31 00:39:29","seo_analyzer_scan_date":null,"focus_keyword":null,"additional_keywords":null,"truseo_locale":null},"aioseo_breadcrumb":"<div class=\"aioseo-breadcrumbs\"><span class=\"aioseo-breadcrumb\">\n\t\t\t<a href=\"https:\/\/digitalreportmx.com\" title=\"Home\">Home<\/a>\n\t\t<\/span><span class=\"aioseo-breadcrumb-separator\">&raquo;<\/span><span class=\"aioseo-breadcrumb\">\n\t\t\t<a href=\"https:\/\/digitalreportmx.com\/index.php\/category\/relevante-2\/\" title=\"Relevante\">Relevante<\/a>\n\t\t<\/span><span class=\"aioseo-breadcrumb-separator\">&raquo;<\/span><span class=\"aioseo-breadcrumb\">\n\t\t\t<a href=\"https:\/\/digitalreportmx.com\/index.php\/category\/relevante-2\/reporte-local\/\" title=\"REPORTE LOCAL\">REPORTE LOCAL<\/a>\n\t\t<\/span><span class=\"aioseo-breadcrumb-separator\">&raquo;<\/span><span class=\"aioseo-breadcrumb\">\n\t\t\tDa Santa Catarina \u2018tijeretazo\u2019 gratis a menores\n\t\t<\/span><\/div>","aioseo_breadcrumb_json":[{"label":"Home","link":"https:\/\/digitalreportmx.com"},{"label":"Relevante","link":"https:\/\/digitalreportmx.com\/index.php\/category\/relevante-2\/"},{"label":"REPORTE LOCAL","link":"https:\/\/digitalreportmx.com\/index.php\/category\/relevante-2\/reporte-local\/"},{"label":"Da Santa Catarina &#8216;tijeretazo&#8217; gratis a menores","link":"https:\/\/digitalreportmx.com\/index.php\/2026\/08\/30\/da-santa-catarina-tijeretazo-gratis-a-menores\/"}],"_links":{"self":[{"href":"https:\/\/digitalreportmx.com\/index.php\/wp-json\/wp\/v2\/posts\/45640","targetHints":{"allow":["GET"]}}],"collection":[{"href":"https:\/\/digitalreportmx.com\/index.php\/wp-json\/wp\/v2\/posts"}],"about":[{"href":"https:\/\/digitalreportmx.com\/index.php\/wp-json\/wp\/v2\/types\/post"}],"author":[{"embeddable":true,"href":"https:\/\/digitalreportmx.com\/index.php\/wp-json\/wp\/v2\/users\/1"}],"replies":[{"embeddable":true,"href":"https:\/\/digitalreportmx.com\/index.php\/wp-json\/wp\/v2\/comments?post=45640"}],"version-history":[{"count":2,"href":"https:\/\/digitalreportmx.com\/index.php\/wp-json\/wp\/v2\/posts\/45640\/revisions"}],"predecessor-version":[{"id":45646,"href":"https:\/\/digitalreportmx.com\/index.php\/wp-json\/wp\/v2\/posts\/45640\/revisions\/45646"}],"wp:featuredmedia":[{"embeddable":true,"href":"https:\/\/digitalreportmx.com\/index.php\/wp-json\/wp\/v2\/media\/45641"}],"wp:attachment":[{"href":"https:\/\/digitalreportmx.com\/index.php\/wp-json\/wp\/v2\/media?parent=45640"}],"wp:term":[{"taxonomy":"category","embeddable":true,"href":"https:\/\/digitalreportmx.com\/index.php\/wp-json\/wp\/v2\/categories?post=45640"},{"taxonomy":"post_tag","embeddable":true,"href":"https:\/\/digitalreportmx.com\/index.php\/wp-json\/wp\/v2\/tags?post=45640"}],"curies":[{"name":"wp","href":"https:\/\/api.w.org\/{rel}","templated":true}]}}