{"id":45685,"date":"2026-08-31T10:12:17","date_gmt":"2026-08-31T16:12:17","guid":{"rendered":"https:\/\/digitalreportmx.com\/?p=45685"},"modified":"2026-08-31T10:12:18","modified_gmt":"2026-08-31T16:12:18","slug":"da-guadalupe-bienvenida-a-nuevo-ciclo-escolar","status":"publish","type":"post","link":"https:\/\/digitalreportmx.com\/index.php\/2026\/08\/31\/da-guadalupe-bienvenida-a-nuevo-ciclo-escolar\/","title":{"rendered":"Da Guadalupe bienvenida a nuevo ciclo escolar"},"content":{"rendered":"\n<p><kbd>Guadalupe<\/kbd>, NL<\/p>\n\n\n\n<p>Con el compromiso de acompa\u00f1ar a la comunidad educativa y fortalecer las condiciones para un regreso seguro a las aulas, en Guadalupe inici\u00f3 el ciclo escolar 2026-2027, con la presencia del Alcalde H\u00e9ctor Garc\u00eda en la Escuela Secundaria No. 18 Cincuentenario de la Expropiaci\u00f3n Petrolera.<\/p>\n\n\n\n<p>Durante el arranque oficial, el Mun\u00edcipe destac\u00f3 la importancia de brindar a ni\u00f1as, ni\u00f1os y adolescentes espacios adecuados para su formaci\u00f3n, as\u00ed como mantener una coordinaci\u00f3n permanente con autoridades educativas, docentes y familias, para favorecer el desarrollo acad\u00e9mico de los estudiantes.<\/p>\n\n\n\n<figure class=\"wp-block-image size-large\"><img loading=\"lazy\" decoding=\"async\" width=\"1024\" height=\"682\" src=\"https:\/\/digitalreportmx.com\/wp-content\/uploads\/2026\/08\/IMG-20260831-WA0060-1-1024x682.jpg\" alt=\"\" class=\"wp-image-45689\" srcset=\"https:\/\/digitalreportmx.com\/wp-content\/uploads\/2026\/08\/IMG-20260831-WA0060-1-1024x682.jpg 1024w, https:\/\/digitalreportmx.com\/wp-content\/uploads\/2026\/08\/IMG-20260831-WA0060-1-300x200.jpg 300w, https:\/\/digitalreportmx.com\/wp-content\/uploads\/2026\/08\/IMG-20260831-WA0060-1-768x512.jpg 768w, https:\/\/digitalreportmx.com\/wp-content\/uploads\/2026\/08\/IMG-20260831-WA0060-1-1536x1023.jpg 1536w, https:\/\/digitalreportmx.com\/wp-content\/uploads\/2026\/08\/IMG-20260831-WA0060-1.jpg 1600w\" sizes=\"auto, (max-width: 1024px) 100vw, 1024px\" \/><\/figure>\n\n\n\n<p>Como parte de las acciones implementadas ante el regreso a clases, el Gobierno de Guadalupe entreg\u00f3 m\u00e1s de 500 mochilas para contribuir a la educaci\u00f3n y a la econom\u00eda de las familias. <\/p>\n\n\n\n<p>\u201cHoy quisimos colaborar un poco como Municipio y trajimos 520 mochilas con sus \u00fatiles escolares para que al menos sus papas tengan un gasto menos, les quiero desear a todas y todos mucho \u00e9xito, que sea el mejor ciclo escolar en esta gran escuela que tiene historia\u201d, extern\u00f3 el Alcalde. <\/p>\n\n\n\n<figure class=\"wp-block-image size-large\"><img loading=\"lazy\" decoding=\"async\" width=\"1024\" height=\"683\" src=\"https:\/\/digitalreportmx.com\/wp-content\/uploads\/2026\/08\/IMG-20260831-WA0062-1024x683.jpg\" alt=\"\" class=\"wp-image-45686\" srcset=\"https:\/\/digitalreportmx.com\/wp-content\/uploads\/2026\/08\/IMG-20260831-WA0062-1024x683.jpg 1024w, https:\/\/digitalreportmx.com\/wp-content\/uploads\/2026\/08\/IMG-20260831-WA0062-300x200.jpg 300w, https:\/\/digitalreportmx.com\/wp-content\/uploads\/2026\/08\/IMG-20260831-WA0062-768x512.jpg 768w, https:\/\/digitalreportmx.com\/wp-content\/uploads\/2026\/08\/IMG-20260831-WA0062.jpg 1330w\" sizes=\"auto, (max-width: 1024px) 100vw, 1024px\" \/><\/figure>\n\n\n\n<p>H\u00e9ctor Garc\u00eda se\u00f1al\u00f3 que el inicio de un nuevo ciclo escolar representa una oportunidad para que los alumnos retomen sus actividades con entusiasmo y felicit\u00f3 a los directivos de la Secundaria por crear un plantel inclusivo que brinda posibilidades a estudiantes con capacidades diferentes, para que puedan aprender, convivir y desarrollar sus capacidades.<\/p>\n\n\n\n<p>Tras la ceremonia y entrega de \u00fatiles escolares, el Edil recorri\u00f3 parte de las instalaciones del plantel, junto con el Director Leobardo Elizondo, quien reconoci\u00f3 el trabajo que realiza el Municipio al interior de escuelas p\u00fablicas de Guadalupe.\u00a0\u00a0<\/p>\n\n\n\n<figure class=\"wp-block-image size-large\"><img loading=\"lazy\" decoding=\"async\" width=\"1024\" height=\"683\" src=\"https:\/\/digitalreportmx.com\/wp-content\/uploads\/2026\/08\/IMG-20260831-WA0061-1024x683.jpg\" alt=\"\" class=\"wp-image-45690\" srcset=\"https:\/\/digitalreportmx.com\/wp-content\/uploads\/2026\/08\/IMG-20260831-WA0061-1024x683.jpg 1024w, https:\/\/digitalreportmx.com\/wp-content\/uploads\/2026\/08\/IMG-20260831-WA0061-300x200.jpg 300w, https:\/\/digitalreportmx.com\/wp-content\/uploads\/2026\/08\/IMG-20260831-WA0061-768x512.jpg 768w, https:\/\/digitalreportmx.com\/wp-content\/uploads\/2026\/08\/IMG-20260831-WA0061.jpg 1483w\" sizes=\"auto, (max-width: 1024px) 100vw, 1024px\" \/><\/figure>\n","protected":false},"excerpt":{"rendered":"<p>Guadalupe, NL Con el compromiso de acompa\u00f1ar a la comunidad educativa y fortalecer las condiciones para un regreso seguro a las aulas, en Guadalupe inici\u00f3 el ciclo escolar 2026-2027, con la presencia del Alcalde H\u00e9ctor Garc\u00eda en la Escuela Secundaria No. 18 Cincuentenario de la Expropiaci\u00f3n Petrolera. Durante el arranque oficial, el Mun\u00edcipe destac\u00f3 la [&hellip;]<\/p>\n","protected":false},"author":1,"featured_media":45687,"comment_status":"open","ping_status":"open","sticky":false,"template":"","format":"standard","meta":{"om_disable_all_campaigns":false,"_monsterinsights_skip_tracking":false,"_uf_show_specific_survey":0,"_uf_disable_surveys":false,"footnotes":""},"categories":[17,13],"tags":[],"class_list":["post-45685","post","type-post","status-publish","format-standard","has-post-thumbnail","hentry","category-principal","category-reporte-local"],"aioseo_notices":[],"aioseo_head":"\n\t\t<!-- All in One SEO 5.0.1.1 - aioseo.com -->\n\t<meta name=\"description\" content=\"Guadalupe, NL Con el compromiso de acompa\u00f1ar a la comunidad educativa y fortalecer las condiciones para un regreso seguro a las aulas, en Guadalupe inici\u00f3 el ciclo escolar 2026-2027, con la presencia del Alcalde H\u00e9ctor Garc\u00eda en la Escuela Secundaria No. 18 Cincuentenario de la Expropiaci\u00f3n Petrolera. Durante el arranque oficial, el Mun\u00edcipe destac\u00f3 la\" \/>\n\t<meta name=\"robots\" content=\"max-image-preview:large\" \/>\n\t<meta name=\"author\" content=\"digitalreportmx.com\"\/>\n\t<link rel=\"canonical\" href=\"https:\/\/digitalreportmx.com\/index.php\/2026\/08\/31\/da-guadalupe-bienvenida-a-nuevo-ciclo-escolar\/\" \/>\n\t<meta name=\"generator\" content=\"All in One SEO (AIOSEO) 5.0.1.1\" \/>\n\t\t<meta property=\"og:locale\" content=\"es_MX\" \/>\n\t\t<meta property=\"og:site_name\" content=\"-\" \/>\n\t\t<meta property=\"og:type\" content=\"article\" \/>\n\t\t<meta property=\"og:title\" content=\"Da Guadalupe bienvenida a nuevo ciclo escolar -\" \/>\n\t\t<meta property=\"og:description\" content=\"Guadalupe, NL Con el compromiso de acompa\u00f1ar a la comunidad educativa y fortalecer las condiciones para un regreso seguro a las aulas, en Guadalupe inici\u00f3 el ciclo escolar 2026-2027, con la presencia del Alcalde H\u00e9ctor Garc\u00eda en la Escuela Secundaria No. 18 Cincuentenario de la Expropiaci\u00f3n Petrolera. Durante el arranque oficial, el Mun\u00edcipe destac\u00f3 la\" \/>\n\t\t<meta property=\"og:url\" content=\"https:\/\/digitalreportmx.com\/index.php\/2026\/08\/31\/da-guadalupe-bienvenida-a-nuevo-ciclo-escolar\/\" \/>\n\t\t<meta property=\"og:image\" content=\"https:\/\/digitalreportmx.com\/wp-content\/uploads\/2024\/02\/cropped-cropped-DRLOGO-1.jpg\" \/>\n\t\t<meta property=\"og:image:secure_url\" content=\"https:\/\/digitalreportmx.com\/wp-content\/uploads\/2024\/02\/cropped-cropped-DRLOGO-1.jpg\" \/>\n\t\t<meta property=\"article:published_time\" content=\"2026-08-31T16:12:17+00:00\" \/>\n\t\t<meta property=\"article:modified_time\" content=\"2026-08-31T16:12:18+00:00\" \/>\n\t\t<meta name=\"twitter:card\" content=\"summary_large_image\" \/>\n\t\t<meta name=\"twitter:title\" content=\"Da Guadalupe bienvenida a nuevo ciclo escolar -\" \/>\n\t\t<meta name=\"twitter:description\" content=\"Guadalupe, NL Con el compromiso de acompa\u00f1ar a la comunidad educativa y fortalecer las condiciones para un regreso seguro a las aulas, en Guadalupe inici\u00f3 el ciclo escolar 2026-2027, con la presencia del Alcalde H\u00e9ctor Garc\u00eda en la Escuela Secundaria No. 18 Cincuentenario de la Expropiaci\u00f3n Petrolera. Durante el arranque oficial, el Mun\u00edcipe destac\u00f3 la\" \/>\n\t\t<meta name=\"twitter:image\" content=\"https:\/\/digitalreportmx.com\/wp-content\/uploads\/2024\/02\/cropped-cropped-DRLOGO-1.jpg\" \/>\n\t\t<script type=\"application\/ld+json\" class=\"aioseo-schema\">\n\t\t\t{\"@context\":\"https:\\\/\\\/schema.org\",\"@graph\":[{\"@type\":\"BlogPosting\",\"@id\":\"https:\\\/\\\/digitalreportmx.com\\\/index.php\\\/2026\\\/08\\\/31\\\/da-guadalupe-bienvenida-a-nuevo-ciclo-escolar\\\/#blogposting\",\"name\":\"Da Guadalupe bienvenida a nuevo ciclo escolar -\",\"headline\":\"Da Guadalupe bienvenida a nuevo ciclo escolar\",\"author\":{\"@id\":\"https:\\\/\\\/digitalreportmx.com\\\/index.php\\\/author\\\/digitalreportmx-com\\\/#author\"},\"publisher\":{\"@id\":\"https:\\\/\\\/digitalreportmx.com\\\/#organization\"},\"image\":{\"@type\":\"ImageObject\",\"url\":\"https:\\\/\\\/digitalreportmx.com\\\/wp-content\\\/uploads\\\/2026\\\/08\\\/IMG-20260831-WA0059.jpg\",\"width\":1600,\"height\":1066},\"datePublished\":\"2026-08-31T10:12:17-06:00\",\"dateModified\":\"2026-08-31T10:12:18-06:00\",\"inLanguage\":\"es-MX\",\"mainEntityOfPage\":{\"@id\":\"https:\\\/\\\/digitalreportmx.com\\\/index.php\\\/2026\\\/08\\\/31\\\/da-guadalupe-bienvenida-a-nuevo-ciclo-escolar\\\/#webpage\"},\"isPartOf\":{\"@id\":\"https:\\\/\\\/digitalreportmx.com\\\/index.php\\\/2026\\\/08\\\/31\\\/da-guadalupe-bienvenida-a-nuevo-ciclo-escolar\\\/#webpage\"},\"articleSection\":\"Principal, REPORTE LOCAL\"},{\"@type\":\"BreadcrumbList\",\"@id\":\"https:\\\/\\\/digitalreportmx.com\\\/index.php\\\/2026\\\/08\\\/31\\\/da-guadalupe-bienvenida-a-nuevo-ciclo-escolar\\\/#breadcrumblist\",\"itemListElement\":[{\"@type\":\"ListItem\",\"@id\":\"https:\\\/\\\/digitalreportmx.com#listItem\",\"position\":1,\"name\":\"Home\",\"item\":\"https:\\\/\\\/digitalreportmx.com\",\"nextItem\":{\"@type\":\"ListItem\",\"@id\":\"https:\\\/\\\/digitalreportmx.com\\\/index.php\\\/category\\\/relevante-2\\\/#listItem\",\"name\":\"Relevante\"}},{\"@type\":\"ListItem\",\"@id\":\"https:\\\/\\\/digitalreportmx.com\\\/index.php\\\/category\\\/relevante-2\\\/#listItem\",\"position\":2,\"name\":\"Relevante\",\"item\":\"https:\\\/\\\/digitalreportmx.com\\\/index.php\\\/category\\\/relevante-2\\\/\",\"nextItem\":{\"@type\":\"ListItem\",\"@id\":\"https:\\\/\\\/digitalreportmx.com\\\/index.php\\\/category\\\/relevante-2\\\/reporte-local\\\/#listItem\",\"name\":\"REPORTE LOCAL\"},\"previousItem\":{\"@type\":\"ListItem\",\"@id\":\"https:\\\/\\\/digitalreportmx.com#listItem\",\"name\":\"Home\"}},{\"@type\":\"ListItem\",\"@id\":\"https:\\\/\\\/digitalreportmx.com\\\/index.php\\\/category\\\/relevante-2\\\/reporte-local\\\/#listItem\",\"position\":3,\"name\":\"REPORTE LOCAL\",\"item\":\"https:\\\/\\\/digitalreportmx.com\\\/index.php\\\/category\\\/relevante-2\\\/reporte-local\\\/\",\"nextItem\":{\"@type\":\"ListItem\",\"@id\":\"https:\\\/\\\/digitalreportmx.com\\\/index.php\\\/2026\\\/08\\\/31\\\/da-guadalupe-bienvenida-a-nuevo-ciclo-escolar\\\/#listItem\",\"name\":\"Da Guadalupe bienvenida a nuevo ciclo escolar\"},\"previousItem\":{\"@type\":\"ListItem\",\"@id\":\"https:\\\/\\\/digitalreportmx.com\\\/index.php\\\/category\\\/relevante-2\\\/#listItem\",\"name\":\"Relevante\"}},{\"@type\":\"ListItem\",\"@id\":\"https:\\\/\\\/digitalreportmx.com\\\/index.php\\\/2026\\\/08\\\/31\\\/da-guadalupe-bienvenida-a-nuevo-ciclo-escolar\\\/#listItem\",\"position\":4,\"name\":\"Da Guadalupe bienvenida a nuevo ciclo escolar\",\"previousItem\":{\"@type\":\"ListItem\",\"@id\":\"https:\\\/\\\/digitalreportmx.com\\\/index.php\\\/category\\\/relevante-2\\\/reporte-local\\\/#listItem\",\"name\":\"REPORTE LOCAL\"}}]},{\"@type\":\"Organization\",\"@id\":\"https:\\\/\\\/digitalreportmx.com\\\/#organization\",\"name\":\"digitalreportmx.com\",\"url\":\"https:\\\/\\\/digitalreportmx.com\\\/\",\"logo\":{\"@type\":\"ImageObject\",\"url\":\"https:\\\/\\\/digitalreportmx.com\\\/wp-content\\\/uploads\\\/2024\\\/02\\\/cropped-cropped-DRLOGO-1.jpg\",\"@id\":\"https:\\\/\\\/digitalreportmx.com\\\/index.php\\\/2026\\\/08\\\/31\\\/da-guadalupe-bienvenida-a-nuevo-ciclo-escolar\\\/#organizationLogo\",\"width\":1693,\"height\":281},\"image\":{\"@id\":\"https:\\\/\\\/digitalreportmx.com\\\/index.php\\\/2026\\\/08\\\/31\\\/da-guadalupe-bienvenida-a-nuevo-ciclo-escolar\\\/#organizationLogo\"}},{\"@type\":\"Person\",\"@id\":\"https:\\\/\\\/digitalreportmx.com\\\/index.php\\\/author\\\/digitalreportmx-com\\\/#author\",\"url\":\"https:\\\/\\\/digitalreportmx.com\\\/index.php\\\/author\\\/digitalreportmx-com\\\/\",\"name\":\"digitalreportmx.com\",\"image\":{\"@type\":\"ImageObject\",\"@id\":\"https:\\\/\\\/digitalreportmx.com\\\/index.php\\\/2026\\\/08\\\/31\\\/da-guadalupe-bienvenida-a-nuevo-ciclo-escolar\\\/#authorImage\",\"url\":\"https:\\\/\\\/secure.gravatar.com\\\/avatar\\\/2188078a0605d73ef57c1a9ac85e5a46c94d745432f7d01a9f4feac443943526?s=96&d=mm&r=g\",\"width\":96,\"height\":96,\"caption\":\"digitalreportmx.com\"}},{\"@type\":\"WebPage\",\"@id\":\"https:\\\/\\\/digitalreportmx.com\\\/index.php\\\/2026\\\/08\\\/31\\\/da-guadalupe-bienvenida-a-nuevo-ciclo-escolar\\\/#webpage\",\"url\":\"https:\\\/\\\/digitalreportmx.com\\\/index.php\\\/2026\\\/08\\\/31\\\/da-guadalupe-bienvenida-a-nuevo-ciclo-escolar\\\/\",\"name\":\"Da Guadalupe bienvenida a nuevo ciclo escolar -\",\"description\":\"Guadalupe, NL Con el compromiso de acompa\\u00f1ar a la comunidad educativa y fortalecer las condiciones para un regreso seguro a las aulas, en Guadalupe inici\\u00f3 el ciclo escolar 2026-2027, con la presencia del Alcalde H\\u00e9ctor Garc\\u00eda en la Escuela Secundaria No. 18 Cincuentenario de la Expropiaci\\u00f3n Petrolera. Durante el arranque oficial, el Mun\\u00edcipe destac\\u00f3 la\",\"inLanguage\":\"es-MX\",\"isPartOf\":{\"@id\":\"https:\\\/\\\/digitalreportmx.com\\\/#website\"},\"breadcrumb\":{\"@id\":\"https:\\\/\\\/digitalreportmx.com\\\/index.php\\\/2026\\\/08\\\/31\\\/da-guadalupe-bienvenida-a-nuevo-ciclo-escolar\\\/#breadcrumblist\"},\"author\":{\"@id\":\"https:\\\/\\\/digitalreportmx.com\\\/index.php\\\/author\\\/digitalreportmx-com\\\/#author\"},\"creator\":{\"@id\":\"https:\\\/\\\/digitalreportmx.com\\\/index.php\\\/author\\\/digitalreportmx-com\\\/#author\"},\"image\":{\"@type\":\"ImageObject\",\"url\":\"https:\\\/\\\/digitalreportmx.com\\\/wp-content\\\/uploads\\\/2026\\\/08\\\/IMG-20260831-WA0059.jpg\",\"@id\":\"https:\\\/\\\/digitalreportmx.com\\\/index.php\\\/2026\\\/08\\\/31\\\/da-guadalupe-bienvenida-a-nuevo-ciclo-escolar\\\/#mainImage\",\"width\":1600,\"height\":1066},\"primaryImageOfPage\":{\"@id\":\"https:\\\/\\\/digitalreportmx.com\\\/index.php\\\/2026\\\/08\\\/31\\\/da-guadalupe-bienvenida-a-nuevo-ciclo-escolar\\\/#mainImage\"},\"datePublished\":\"2026-08-31T10:12:17-06:00\",\"dateModified\":\"2026-08-31T10:12:18-06:00\"},{\"@type\":\"WebSite\",\"@id\":\"https:\\\/\\\/digitalreportmx.com\\\/#website\",\"url\":\"https:\\\/\\\/digitalreportmx.com\\\/\",\"name\":\"digitalreportmx.com\",\"inLanguage\":\"es-MX\",\"publisher\":{\"@id\":\"https:\\\/\\\/digitalreportmx.com\\\/#organization\"}}]}\n\t\t<\/script>\n\t\t<!-- All in One SEO -->\n\n","aioseo_head_json":{"title":"Da Guadalupe bienvenida a nuevo ciclo escolar -","description":"Guadalupe, NL Con el compromiso de acompa\u00f1ar a la comunidad educativa y fortalecer las condiciones para un regreso seguro a las aulas, en Guadalupe inici\u00f3 el ciclo escolar 2026-2027, con la presencia del Alcalde H\u00e9ctor Garc\u00eda en la Escuela Secundaria No. 18 Cincuentenario de la Expropiaci\u00f3n Petrolera. Durante el arranque oficial, el Mun\u00edcipe destac\u00f3 la","canonical_url":"https:\/\/digitalreportmx.com\/index.php\/2026\/08\/31\/da-guadalupe-bienvenida-a-nuevo-ciclo-escolar\/","robots":"max-image-preview:large","keywords":"","webmasterTools":{"miscellaneous":""},"schema":{"@context":"https:\/\/schema.org","@graph":[{"@type":"BlogPosting","@id":"https:\/\/digitalreportmx.com\/index.php\/2026\/08\/31\/da-guadalupe-bienvenida-a-nuevo-ciclo-escolar\/#blogposting","name":"Da Guadalupe bienvenida a nuevo ciclo escolar -","headline":"Da Guadalupe bienvenida a nuevo ciclo escolar","author":{"@id":"https:\/\/digitalreportmx.com\/index.php\/author\/digitalreportmx-com\/#author"},"publisher":{"@id":"https:\/\/digitalreportmx.com\/#organization"},"image":{"@type":"ImageObject","url":"https:\/\/digitalreportmx.com\/wp-content\/uploads\/2026\/08\/IMG-20260831-WA0059.jpg","width":1600,"height":1066},"datePublished":"2026-08-31T10:12:17-06:00","dateModified":"2026-08-31T10:12:18-06:00","inLanguage":"es-MX","mainEntityOfPage":{"@id":"https:\/\/digitalreportmx.com\/index.php\/2026\/08\/31\/da-guadalupe-bienvenida-a-nuevo-ciclo-escolar\/#webpage"},"isPartOf":{"@id":"https:\/\/digitalreportmx.com\/index.php\/2026\/08\/31\/da-guadalupe-bienvenida-a-nuevo-ciclo-escolar\/#webpage"},"articleSection":"Principal, REPORTE LOCAL"},{"@type":"BreadcrumbList","@id":"https:\/\/digitalreportmx.com\/index.php\/2026\/08\/31\/da-guadalupe-bienvenida-a-nuevo-ciclo-escolar\/#breadcrumblist","itemListElement":[{"@type":"ListItem","@id":"https:\/\/digitalreportmx.com#listItem","position":1,"name":"Home","item":"https:\/\/digitalreportmx.com","nextItem":{"@type":"ListItem","@id":"https:\/\/digitalreportmx.com\/index.php\/category\/relevante-2\/#listItem","name":"Relevante"}},{"@type":"ListItem","@id":"https:\/\/digitalreportmx.com\/index.php\/category\/relevante-2\/#listItem","position":2,"name":"Relevante","item":"https:\/\/digitalreportmx.com\/index.php\/category\/relevante-2\/","nextItem":{"@type":"ListItem","@id":"https:\/\/digitalreportmx.com\/index.php\/category\/relevante-2\/reporte-local\/#listItem","name":"REPORTE LOCAL"},"previousItem":{"@type":"ListItem","@id":"https:\/\/digitalreportmx.com#listItem","name":"Home"}},{"@type":"ListItem","@id":"https:\/\/digitalreportmx.com\/index.php\/category\/relevante-2\/reporte-local\/#listItem","position":3,"name":"REPORTE LOCAL","item":"https:\/\/digitalreportmx.com\/index.php\/category\/relevante-2\/reporte-local\/","nextItem":{"@type":"ListItem","@id":"https:\/\/digitalreportmx.com\/index.php\/2026\/08\/31\/da-guadalupe-bienvenida-a-nuevo-ciclo-escolar\/#listItem","name":"Da Guadalupe bienvenida a nuevo ciclo escolar"},"previousItem":{"@type":"ListItem","@id":"https:\/\/digitalreportmx.com\/index.php\/category\/relevante-2\/#listItem","name":"Relevante"}},{"@type":"ListItem","@id":"https:\/\/digitalreportmx.com\/index.php\/2026\/08\/31\/da-guadalupe-bienvenida-a-nuevo-ciclo-escolar\/#listItem","position":4,"name":"Da Guadalupe bienvenida a nuevo ciclo escolar","previousItem":{"@type":"ListItem","@id":"https:\/\/digitalreportmx.com\/index.php\/category\/relevante-2\/reporte-local\/#listItem","name":"REPORTE LOCAL"}}]},{"@type":"Organization","@id":"https:\/\/digitalreportmx.com\/#organization","name":"digitalreportmx.com","url":"https:\/\/digitalreportmx.com\/","logo":{"@type":"ImageObject","url":"https:\/\/digitalreportmx.com\/wp-content\/uploads\/2024\/02\/cropped-cropped-DRLOGO-1.jpg","@id":"https:\/\/digitalreportmx.com\/index.php\/2026\/08\/31\/da-guadalupe-bienvenida-a-nuevo-ciclo-escolar\/#organizationLogo","width":1693,"height":281},"image":{"@id":"https:\/\/digitalreportmx.com\/index.php\/2026\/08\/31\/da-guadalupe-bienvenida-a-nuevo-ciclo-escolar\/#organizationLogo"}},{"@type":"Person","@id":"https:\/\/digitalreportmx.com\/index.php\/author\/digitalreportmx-com\/#author","url":"https:\/\/digitalreportmx.com\/index.php\/author\/digitalreportmx-com\/","name":"digitalreportmx.com","image":{"@type":"ImageObject","@id":"https:\/\/digitalreportmx.com\/index.php\/2026\/08\/31\/da-guadalupe-bienvenida-a-nuevo-ciclo-escolar\/#authorImage","url":"https:\/\/secure.gravatar.com\/avatar\/2188078a0605d73ef57c1a9ac85e5a46c94d745432f7d01a9f4feac443943526?s=96&d=mm&r=g","width":96,"height":96,"caption":"digitalreportmx.com"}},{"@type":"WebPage","@id":"https:\/\/digitalreportmx.com\/index.php\/2026\/08\/31\/da-guadalupe-bienvenida-a-nuevo-ciclo-escolar\/#webpage","url":"https:\/\/digitalreportmx.com\/index.php\/2026\/08\/31\/da-guadalupe-bienvenida-a-nuevo-ciclo-escolar\/","name":"Da Guadalupe bienvenida a nuevo ciclo escolar -","description":"Guadalupe, NL Con el compromiso de acompa\u00f1ar a la comunidad educativa y fortalecer las condiciones para un regreso seguro a las aulas, en Guadalupe inici\u00f3 el ciclo escolar 2026-2027, con la presencia del Alcalde H\u00e9ctor Garc\u00eda en la Escuela Secundaria No. 18 Cincuentenario de la Expropiaci\u00f3n Petrolera. Durante el arranque oficial, el Mun\u00edcipe destac\u00f3 la","inLanguage":"es-MX","isPartOf":{"@id":"https:\/\/digitalreportmx.com\/#website"},"breadcrumb":{"@id":"https:\/\/digitalreportmx.com\/index.php\/2026\/08\/31\/da-guadalupe-bienvenida-a-nuevo-ciclo-escolar\/#breadcrumblist"},"author":{"@id":"https:\/\/digitalreportmx.com\/index.php\/author\/digitalreportmx-com\/#author"},"creator":{"@id":"https:\/\/digitalreportmx.com\/index.php\/author\/digitalreportmx-com\/#author"},"image":{"@type":"ImageObject","url":"https:\/\/digitalreportmx.com\/wp-content\/uploads\/2026\/08\/IMG-20260831-WA0059.jpg","@id":"https:\/\/digitalreportmx.com\/index.php\/2026\/08\/31\/da-guadalupe-bienvenida-a-nuevo-ciclo-escolar\/#mainImage","width":1600,"height":1066},"primaryImageOfPage":{"@id":"https:\/\/digitalreportmx.com\/index.php\/2026\/08\/31\/da-guadalupe-bienvenida-a-nuevo-ciclo-escolar\/#mainImage"},"datePublished":"2026-08-31T10:12:17-06:00","dateModified":"2026-08-31T10:12:18-06:00"},{"@type":"WebSite","@id":"https:\/\/digitalreportmx.com\/#website","url":"https:\/\/digitalreportmx.com\/","name":"digitalreportmx.com","inLanguage":"es-MX","publisher":{"@id":"https:\/\/digitalreportmx.com\/#organization"}}]},"og:locale":"es_MX","og:site_name":"-","og:type":"article","og:title":"Da Guadalupe bienvenida a nuevo ciclo escolar -","og:description":"Guadalupe, NL Con el compromiso de acompa\u00f1ar a la comunidad educativa y fortalecer las condiciones para un regreso seguro a las aulas, en Guadalupe inici\u00f3 el ciclo escolar 2026-2027, con la presencia del Alcalde H\u00e9ctor Garc\u00eda en la Escuela Secundaria No. 18 Cincuentenario de la Expropiaci\u00f3n Petrolera. Durante el arranque oficial, el Mun\u00edcipe destac\u00f3 la","og:url":"https:\/\/digitalreportmx.com\/index.php\/2026\/08\/31\/da-guadalupe-bienvenida-a-nuevo-ciclo-escolar\/","og:image":"https:\/\/digitalreportmx.com\/wp-content\/uploads\/2024\/02\/cropped-cropped-DRLOGO-1.jpg","og:image:secure_url":"https:\/\/digitalreportmx.com\/wp-content\/uploads\/2024\/02\/cropped-cropped-DRLOGO-1.jpg","article:published_time":"2026-08-31T16:12:17+00:00","article:modified_time":"2026-08-31T16:12:18+00:00","twitter:card":"summary_large_image","twitter:title":"Da Guadalupe bienvenida a nuevo ciclo escolar -","twitter:description":"Guadalupe, NL Con el compromiso de acompa\u00f1ar a la comunidad educativa y fortalecer las condiciones para un regreso seguro a las aulas, en Guadalupe inici\u00f3 el ciclo escolar 2026-2027, con la presencia del Alcalde H\u00e9ctor Garc\u00eda en la Escuela Secundaria No. 18 Cincuentenario de la Expropiaci\u00f3n Petrolera. Durante el arranque oficial, el Mun\u00edcipe destac\u00f3 la","twitter:image":"https:\/\/digitalreportmx.com\/wp-content\/uploads\/2024\/02\/cropped-cropped-DRLOGO-1.jpg"},"aioseo_meta_data":{"post_id":"45685","title":null,"description":null,"keywords":null,"keyphrases":{"focus":{"keyphrase":"","score":0,"analysis":{"keyphraseInTitle":{"score":0,"maxScore":9,"error":1}}},"additional":[]},"primary_term":null,"canonical_url":null,"og_title":null,"og_description":null,"og_object_type":"default","og_image_type":"default","og_image_url":null,"og_image_width":null,"og_image_height":null,"og_image_custom_url":null,"og_image_custom_fields":null,"og_video":"","og_custom_url":null,"og_article_section":null,"og_article_tags":null,"twitter_use_og":false,"twitter_card":"default","twitter_image_type":"default","twitter_image_url":null,"twitter_image_custom_url":null,"twitter_image_custom_fields":null,"twitter_title":null,"twitter_description":null,"schema":{"blockGraphs":[],"customGraphs":[],"default":{"data":{"Article":[],"Course":[],"Dataset":[],"FAQPage":[],"Movie":[],"Person":[],"Product":[],"ProductReview":[],"Car":[],"Recipe":[],"Service":[],"SoftwareApplication":[],"WebPage":[]},"graphName":"BlogPosting","isEnabled":true},"graphs":[]},"schema_type":"default","schema_type_options":null,"pillar_content":false,"robots_default":true,"robots_noindex":false,"robots_noarchive":false,"robots_nosnippet":false,"robots_nofollow":false,"robots_noimageindex":false,"robots_noodp":false,"robots_notranslate":false,"robots_max_snippet":"-1","robots_max_videopreview":"-1","robots_max_imagepreview":"large","priority":null,"frequency":"default","local_seo":null,"breadcrumb_settings":null,"limit_modified_date":false,"ai":{"faqs":[],"keyPoints":[],"schemas":[],"titles":[],"descriptions":[],"socialPosts":{"email":{"subject":"","preview":"","content":""},"linkedin":[],"twitter":[],"facebook":[],"instagram":[]}},"created":"2026-08-31 16:12:18","updated":"2026-08-31 16:13:15","seo_analyzer_scan_date":null,"focus_keyword":null,"additional_keywords":null,"truseo_locale":null},"aioseo_breadcrumb":"<div class=\"aioseo-breadcrumbs\"><span class=\"aioseo-breadcrumb\">\n\t\t\t<a href=\"https:\/\/digitalreportmx.com\" title=\"Home\">Home<\/a>\n\t\t<\/span><span class=\"aioseo-breadcrumb-separator\">&raquo;<\/span><span class=\"aioseo-breadcrumb\">\n\t\t\t<a href=\"https:\/\/digitalreportmx.com\/index.php\/category\/relevante-2\/\" title=\"Relevante\">Relevante<\/a>\n\t\t<\/span><span class=\"aioseo-breadcrumb-separator\">&raquo;<\/span><span class=\"aioseo-breadcrumb\">\n\t\t\t<a href=\"https:\/\/digitalreportmx.com\/index.php\/category\/relevante-2\/reporte-local\/\" title=\"REPORTE LOCAL\">REPORTE LOCAL<\/a>\n\t\t<\/span><span class=\"aioseo-breadcrumb-separator\">&raquo;<\/span><span class=\"aioseo-breadcrumb\">\n\t\t\tDa Guadalupe bienvenida a nuevo ciclo escolar\n\t\t<\/span><\/div>","aioseo_breadcrumb_json":[{"label":"Home","link":"https:\/\/digitalreportmx.com"},{"label":"Relevante","link":"https:\/\/digitalreportmx.com\/index.php\/category\/relevante-2\/"},{"label":"REPORTE LOCAL","link":"https:\/\/digitalreportmx.com\/index.php\/category\/relevante-2\/reporte-local\/"},{"label":"Da Guadalupe bienvenida a nuevo ciclo escolar","link":"https:\/\/digitalreportmx.com\/index.php\/2026\/08\/31\/da-guadalupe-bienvenida-a-nuevo-ciclo-escolar\/"}],"_links":{"self":[{"href":"https:\/\/digitalreportmx.com\/index.php\/wp-json\/wp\/v2\/posts\/45685","targetHints":{"allow":["GET"]}}],"collection":[{"href":"https:\/\/digitalreportmx.com\/index.php\/wp-json\/wp\/v2\/posts"}],"about":[{"href":"https:\/\/digitalreportmx.com\/index.php\/wp-json\/wp\/v2\/types\/post"}],"author":[{"embeddable":true,"href":"https:\/\/digitalreportmx.com\/index.php\/wp-json\/wp\/v2\/users\/1"}],"replies":[{"embeddable":true,"href":"https:\/\/digitalreportmx.com\/index.php\/wp-json\/wp\/v2\/comments?post=45685"}],"version-history":[{"count":1,"href":"https:\/\/digitalreportmx.com\/index.php\/wp-json\/wp\/v2\/posts\/45685\/revisions"}],"predecessor-version":[{"id":45691,"href":"https:\/\/digitalreportmx.com\/index.php\/wp-json\/wp\/v2\/posts\/45685\/revisions\/45691"}],"wp:featuredmedia":[{"embeddable":true,"href":"https:\/\/digitalreportmx.com\/index.php\/wp-json\/wp\/v2\/media\/45687"}],"wp:attachment":[{"href":"https:\/\/digitalreportmx.com\/index.php\/wp-json\/wp\/v2\/media?parent=45685"}],"wp:term":[{"taxonomy":"category","embeddable":true,"href":"https:\/\/digitalreportmx.com\/index.php\/wp-json\/wp\/v2\/categories?post=45685"},{"taxonomy":"post_tag","embeddable":true,"href":"https:\/\/digitalreportmx.com\/index.php\/wp-json\/wp\/v2\/tags?post=45685"}],"curies":[{"name":"wp","href":"https:\/\/api.w.org\/{rel}","templated":true}]}}