{"id":45716,"date":"2026-08-31T16:58:59","date_gmt":"2026-08-31T22:58:59","guid":{"rendered":"https:\/\/digitalreportmx.com\/?p=45716"},"modified":"2026-08-31T17:02:25","modified_gmt":"2026-08-31T23:02:25","slug":"enrique-calderon-vp-de-posadas-representara-a-mexico-en-the-summit-2027-en-monaco","status":"publish","type":"post","link":"https:\/\/digitalreportmx.com\/index.php\/2026\/08\/31\/enrique-calderon-vp-de-posadas-representara-a-mexico-en-the-summit-2027-en-monaco\/","title":{"rendered":"Enrique Calder\u00f3n, VP de Posadas representar\u00e1 a M\u00e9xico en The Summit 2027 en M\u00f3naco"},"content":{"rendered":"\n<p><strong>M\u00e9xico, 31 de agosto de 2026 \u2013<\/strong>&nbsp;Posadas, cadena l\u00edder en hospitalidad en el pa\u00eds, contin\u00faa posicionando el nombre de M\u00e9xico a nivel internacional, en esta ocasi\u00f3n al recibir el nombramiento de Enrique Calder\u00f3n, VP de operaci\u00f3n hotelera de Posadas como Delegado Internacional para The Summit 2027 de Forbes Travel Guide, a celebrarse en M\u00f3naco el pr\u00f3ximo mes de febrero.<\/p>\n\n\n\n<p>Esta participaci\u00f3n se encuentra reservada para un grupo selecto y reducido de l\u00edderes en hospitalidad a nivel internacional, por su compromiso con el servicio, la creatividad y la excelencia.<\/p>\n\n\n\n<p> Enrique Calder\u00f3n ser\u00e1 el delegado representante de M\u00e9xico y Centroam\u00e9rica convirti\u00e9ndose en la voz oficial y referente de la industria hotelera y tur\u00edstica de lujo de la regi\u00f3n, por lo que su participaci\u00f3n reconoce los altos est\u00e1ndares con los que trabaja en las distintas marcas de Posadas, as\u00ed como por la hospitalidad en cada hotel.<\/p>\n\n\n\n<p>The Summit es la principal conferencia anual de viajes de lujo, organizada por Forbes Travel Guide, creadora de las estrellas, y que define los est\u00e1ndares de excelencia en hospitalidad a nivel global.<\/p>\n\n\n\n<figure class=\"wp-block-image size-large\"><img loading=\"lazy\" decoding=\"async\" width=\"1024\" height=\"683\" src=\"https:\/\/digitalreportmx.com\/wp-content\/uploads\/2026\/08\/1000377940-1024x683.jpg\" alt=\"\" class=\"wp-image-45719\" srcset=\"https:\/\/digitalreportmx.com\/wp-content\/uploads\/2026\/08\/1000377940-1024x683.jpg 1024w, https:\/\/digitalreportmx.com\/wp-content\/uploads\/2026\/08\/1000377940-300x200.jpg 300w, https:\/\/digitalreportmx.com\/wp-content\/uploads\/2026\/08\/1000377940-768x512.jpg 768w, https:\/\/digitalreportmx.com\/wp-content\/uploads\/2026\/08\/1000377940.jpg 1200w\" sizes=\"auto, (max-width: 1024px) 100vw, 1024px\" \/><\/figure>\n\n\n\n<p>El evento re\u00fane a lo mejor del sector de viajes y el lujo, en donde las personalidades m\u00e1s relevantes del sector intercambian mejores pr\u00e1cticas, adem\u00e1s de acudir a clases magistrales impartidas por expertos a nivel internacional.<\/p>\n\n\n\n<p>La participaci\u00f3n de Enrique Calder\u00f3n impulsa el trabajo entre Forbes Travel Guide y Posadas para fortalecer la experiencia de cada viajero a los hoteles de la compa\u00f1\u00eda, hoy hoteles como Live Aqua Bosques, Live Aqua San Miguel de Allende, Devossi\u00f3n by Live Aqua Playa del Carmen, Grand Fiesta Americana Guadalajara, Grand Fiesta Americana Puebla Angel\u00f3polis, entre otras propiedades, cuentan con unas de las m\u00e1s altas calificaciones en la hospitalidad que reconoce la gu\u00eda de Forbes en 2026, reflejando el compromiso por crear experiencias \u00fanicas desde la reservaci\u00f3n, durante la estancia y hasta la salida de cada hu\u00e9sped.<\/p>\n\n\n\n<p>Enrique Calder\u00f3n, es actualmente Vicepresidente de Operaci\u00f3n Hotelera de Posadas, posici\u00f3n que ocupa desde el 6 de febrero de 2015; donde ha tenido entre sus principales responsabilidades la gesti\u00f3n de la operaci\u00f3n hotelera y la implementaci\u00f3n de la estrategia de la empresa, adem\u00e1s de participar en el crecimiento y apertura de nuevos hoteles. Ha formado parte de asociaciones como SITE y MPI, organizaci\u00f3n de la que fue presidente en M\u00e9xico durante 2007 y 2008, adem\u00e1s de haber impartido conferencias y cursos en instituciones.<\/p>\n\n\n\n<figure class=\"wp-block-image size-large\"><img loading=\"lazy\" decoding=\"async\" width=\"683\" height=\"1024\" src=\"https:\/\/digitalreportmx.com\/wp-content\/uploads\/2026\/08\/1000377939-683x1024.jpg\" alt=\"\" class=\"wp-image-45720\" srcset=\"https:\/\/digitalreportmx.com\/wp-content\/uploads\/2026\/08\/1000377939-683x1024.jpg 683w, https:\/\/digitalreportmx.com\/wp-content\/uploads\/2026\/08\/1000377939-200x300.jpg 200w, https:\/\/digitalreportmx.com\/wp-content\/uploads\/2026\/08\/1000377939-768x1152.jpg 768w, https:\/\/digitalreportmx.com\/wp-content\/uploads\/2026\/08\/1000377939-1024x1536.jpg 1024w, https:\/\/digitalreportmx.com\/wp-content\/uploads\/2026\/08\/1000377939.jpg 1200w\" sizes=\"auto, (max-width: 683px) 100vw, 683px\" \/><\/figure>\n\n\n\n<p>Entre sus reconocimientos m\u00e1s recientes destaca el \u00c1ngel del Turismo 2024 en la categor\u00eda de Trayectoria Profesional Tur\u00edstica, distinci\u00f3n que reconoce su carrera y aportaciones a la industria tur\u00edstica mexicana. En 2025 recibi\u00f3 el reconocimiento \u201cBest Hotel Industry Leader\u201d de los Industry Leader Awards de Global Traveler, de acuerdo con Global Traveler, el reconocimiento destac\u00f3 su liderazgo en la expansi\u00f3n de Fiesta Americana Travelty a m\u00e1s de 200 hoteles en M\u00e9xico y el Caribe, as\u00ed como su responsabilidad sobre los segmentos Upscale y Luxury de Posadas.<\/p>\n\n\n\n<p><strong>Acerca de Posadas<\/strong><\/p>\n\n\n\n<p>Posadas es la operadora de hoteles l\u00edder en M\u00e9xico con m\u00e1s de 200 hoteles y m\u00e1s de 30,000 cuartos propios, arrendados, franquiciados y administrados en los destinos de ciudad y playa m\u00e1s importantes y visitados en M\u00e9xico.<\/p>\n\n\n\n<p> El 86% de los cuartos se encuentran en destinos de ciudad y el 14% en destinos de playa. Posadas opera con las marcas: Devossion by Live Aqua, Live Aqua, Curamoria Collection, Grand Fiesta Americana, Fiesta Americana, Fiesta Americana Collection, The Explorean, Fiesta Inn, Gamma y one Hoteles. Posadas cotiza en la BMV desde 1992.<\/p>\n\n\n\n<figure class=\"wp-block-image size-large\"><img loading=\"lazy\" decoding=\"async\" width=\"1024\" height=\"684\" src=\"https:\/\/digitalreportmx.com\/wp-content\/uploads\/2026\/08\/1000377941-1024x684.jpg\" alt=\"\" class=\"wp-image-45721\" srcset=\"https:\/\/digitalreportmx.com\/wp-content\/uploads\/2026\/08\/1000377941-1024x684.jpg 1024w, https:\/\/digitalreportmx.com\/wp-content\/uploads\/2026\/08\/1000377941-300x201.jpg 300w, https:\/\/digitalreportmx.com\/wp-content\/uploads\/2026\/08\/1000377941-768x513.jpg 768w, https:\/\/digitalreportmx.com\/wp-content\/uploads\/2026\/08\/1000377941.jpg 1200w\" sizes=\"auto, (max-width: 1024px) 100vw, 1024px\" \/><\/figure>\n","protected":false},"excerpt":{"rendered":"<p>M\u00e9xico, 31 de agosto de 2026 \u2013&nbsp;Posadas, cadena l\u00edder en hospitalidad en el pa\u00eds, contin\u00faa posicionando el nombre de M\u00e9xico a nivel internacional, en esta ocasi\u00f3n al recibir el nombramiento de Enrique Calder\u00f3n, VP de operaci\u00f3n hotelera de Posadas como Delegado Internacional para The Summit 2027 de Forbes Travel Guide, a celebrarse en M\u00f3naco el [&hellip;]<\/p>\n","protected":false},"author":1,"featured_media":45717,"comment_status":"open","ping_status":"open","sticky":false,"template":"","format":"standard","meta":{"om_disable_all_campaigns":false,"_monsterinsights_skip_tracking":false,"_uf_show_specific_survey":0,"_uf_disable_surveys":false,"footnotes":""},"categories":[16,13],"tags":[],"class_list":["post-45716","post","type-post","status-publish","format-standard","has-post-thumbnail","hentry","category-relevante-2","category-reporte-local"],"aioseo_notices":[],"aioseo_head":"\n\t\t<!-- All in One SEO 5.0.1.1 - aioseo.com -->\n\t<meta name=\"description\" content=\"M\u00e9xico, 31 de agosto de 2026 \u2013 Posadas, cadena l\u00edder en hospitalidad en el pa\u00eds, contin\u00faa posicionando el nombre de M\u00e9xico a nivel internacional, en esta ocasi\u00f3n al recibir el nombramiento de Enrique Calder\u00f3n, VP de operaci\u00f3n hotelera de Posadas como Delegado Internacional para The Summit 2027 de Forbes Travel Guide, a celebrarse en M\u00f3naco el\" \/>\n\t<meta name=\"robots\" content=\"max-image-preview:large\" \/>\n\t<meta name=\"author\" content=\"digitalreportmx.com\"\/>\n\t<link rel=\"canonical\" href=\"https:\/\/digitalreportmx.com\/index.php\/2026\/08\/31\/enrique-calderon-vp-de-posadas-representara-a-mexico-en-the-summit-2027-en-monaco\/\" \/>\n\t<meta name=\"generator\" content=\"All in One SEO (AIOSEO) 5.0.1.1\" \/>\n\t\t<meta property=\"og:locale\" content=\"es_MX\" \/>\n\t\t<meta property=\"og:site_name\" content=\"-\" \/>\n\t\t<meta property=\"og:type\" content=\"article\" \/>\n\t\t<meta property=\"og:title\" content=\"Enrique Calder\u00f3n, VP de Posadas representar\u00e1 a M\u00e9xico en The Summit 2027 en M\u00f3naco -\" \/>\n\t\t<meta property=\"og:description\" content=\"M\u00e9xico, 31 de agosto de 2026 \u2013 Posadas, cadena l\u00edder en hospitalidad en el pa\u00eds, contin\u00faa posicionando el nombre de M\u00e9xico a nivel internacional, en esta ocasi\u00f3n al recibir el nombramiento de Enrique Calder\u00f3n, VP de operaci\u00f3n hotelera de Posadas como Delegado Internacional para The Summit 2027 de Forbes Travel Guide, a celebrarse en M\u00f3naco el\" \/>\n\t\t<meta property=\"og:url\" content=\"https:\/\/digitalreportmx.com\/index.php\/2026\/08\/31\/enrique-calderon-vp-de-posadas-representara-a-mexico-en-the-summit-2027-en-monaco\/\" \/>\n\t\t<meta property=\"og:image\" content=\"https:\/\/digitalreportmx.com\/wp-content\/uploads\/2024\/02\/cropped-cropped-DRLOGO-1.jpg\" \/>\n\t\t<meta property=\"og:image:secure_url\" content=\"https:\/\/digitalreportmx.com\/wp-content\/uploads\/2024\/02\/cropped-cropped-DRLOGO-1.jpg\" \/>\n\t\t<meta property=\"article:published_time\" content=\"2026-08-31T22:58:59+00:00\" \/>\n\t\t<meta property=\"article:modified_time\" content=\"2026-08-31T23:02:25+00:00\" \/>\n\t\t<meta name=\"twitter:card\" content=\"summary_large_image\" \/>\n\t\t<meta name=\"twitter:title\" content=\"Enrique Calder\u00f3n, VP de Posadas representar\u00e1 a M\u00e9xico en The Summit 2027 en M\u00f3naco -\" \/>\n\t\t<meta name=\"twitter:description\" content=\"M\u00e9xico, 31 de agosto de 2026 \u2013 Posadas, cadena l\u00edder en hospitalidad en el pa\u00eds, contin\u00faa posicionando el nombre de M\u00e9xico a nivel internacional, en esta ocasi\u00f3n al recibir el nombramiento de Enrique Calder\u00f3n, VP de operaci\u00f3n hotelera de Posadas como Delegado Internacional para The Summit 2027 de Forbes Travel Guide, a celebrarse en M\u00f3naco el\" \/>\n\t\t<meta name=\"twitter:image\" content=\"https:\/\/digitalreportmx.com\/wp-content\/uploads\/2024\/02\/cropped-cropped-DRLOGO-1.jpg\" \/>\n\t\t<script type=\"application\/ld+json\" class=\"aioseo-schema\">\n\t\t\t{\"@context\":\"https:\\\/\\\/schema.org\",\"@graph\":[{\"@type\":\"BlogPosting\",\"@id\":\"https:\\\/\\\/digitalreportmx.com\\\/index.php\\\/2026\\\/08\\\/31\\\/enrique-calderon-vp-de-posadas-representara-a-mexico-en-the-summit-2027-en-monaco\\\/#blogposting\",\"name\":\"Enrique Calder\\u00f3n, VP de Posadas representar\\u00e1 a M\\u00e9xico en The Summit 2027 en M\\u00f3naco -\",\"headline\":\"Enrique Calder\\u00f3n, VP de Posadas representar\\u00e1 a M\\u00e9xico en The Summit 2027 en M\\u00f3naco\",\"author\":{\"@id\":\"https:\\\/\\\/digitalreportmx.com\\\/index.php\\\/author\\\/digitalreportmx-com\\\/#author\"},\"publisher\":{\"@id\":\"https:\\\/\\\/digitalreportmx.com\\\/#organization\"},\"image\":{\"@type\":\"ImageObject\",\"url\":\"https:\\\/\\\/digitalreportmx.com\\\/wp-content\\\/uploads\\\/2026\\\/08\\\/Pool5.jpg\",\"width\":1200,\"height\":900},\"datePublished\":\"2026-08-31T16:58:59-06:00\",\"dateModified\":\"2026-08-31T17:02:25-06:00\",\"inLanguage\":\"es-MX\",\"mainEntityOfPage\":{\"@id\":\"https:\\\/\\\/digitalreportmx.com\\\/index.php\\\/2026\\\/08\\\/31\\\/enrique-calderon-vp-de-posadas-representara-a-mexico-en-the-summit-2027-en-monaco\\\/#webpage\"},\"isPartOf\":{\"@id\":\"https:\\\/\\\/digitalreportmx.com\\\/index.php\\\/2026\\\/08\\\/31\\\/enrique-calderon-vp-de-posadas-representara-a-mexico-en-the-summit-2027-en-monaco\\\/#webpage\"},\"articleSection\":\"Relevante, REPORTE LOCAL\"},{\"@type\":\"BreadcrumbList\",\"@id\":\"https:\\\/\\\/digitalreportmx.com\\\/index.php\\\/2026\\\/08\\\/31\\\/enrique-calderon-vp-de-posadas-representara-a-mexico-en-the-summit-2027-en-monaco\\\/#breadcrumblist\",\"itemListElement\":[{\"@type\":\"ListItem\",\"@id\":\"https:\\\/\\\/digitalreportmx.com#listItem\",\"position\":1,\"name\":\"Home\",\"item\":\"https:\\\/\\\/digitalreportmx.com\",\"nextItem\":{\"@type\":\"ListItem\",\"@id\":\"https:\\\/\\\/digitalreportmx.com\\\/index.php\\\/category\\\/relevante-2\\\/#listItem\",\"name\":\"Relevante\"}},{\"@type\":\"ListItem\",\"@id\":\"https:\\\/\\\/digitalreportmx.com\\\/index.php\\\/category\\\/relevante-2\\\/#listItem\",\"position\":2,\"name\":\"Relevante\",\"item\":\"https:\\\/\\\/digitalreportmx.com\\\/index.php\\\/category\\\/relevante-2\\\/\",\"nextItem\":{\"@type\":\"ListItem\",\"@id\":\"https:\\\/\\\/digitalreportmx.com\\\/index.php\\\/category\\\/relevante-2\\\/reporte-local\\\/#listItem\",\"name\":\"REPORTE LOCAL\"},\"previousItem\":{\"@type\":\"ListItem\",\"@id\":\"https:\\\/\\\/digitalreportmx.com#listItem\",\"name\":\"Home\"}},{\"@type\":\"ListItem\",\"@id\":\"https:\\\/\\\/digitalreportmx.com\\\/index.php\\\/category\\\/relevante-2\\\/reporte-local\\\/#listItem\",\"position\":3,\"name\":\"REPORTE LOCAL\",\"item\":\"https:\\\/\\\/digitalreportmx.com\\\/index.php\\\/category\\\/relevante-2\\\/reporte-local\\\/\",\"nextItem\":{\"@type\":\"ListItem\",\"@id\":\"https:\\\/\\\/digitalreportmx.com\\\/index.php\\\/2026\\\/08\\\/31\\\/enrique-calderon-vp-de-posadas-representara-a-mexico-en-the-summit-2027-en-monaco\\\/#listItem\",\"name\":\"Enrique Calder\\u00f3n, VP de Posadas representar\\u00e1 a M\\u00e9xico en The Summit 2027 en M\\u00f3naco\"},\"previousItem\":{\"@type\":\"ListItem\",\"@id\":\"https:\\\/\\\/digitalreportmx.com\\\/index.php\\\/category\\\/relevante-2\\\/#listItem\",\"name\":\"Relevante\"}},{\"@type\":\"ListItem\",\"@id\":\"https:\\\/\\\/digitalreportmx.com\\\/index.php\\\/2026\\\/08\\\/31\\\/enrique-calderon-vp-de-posadas-representara-a-mexico-en-the-summit-2027-en-monaco\\\/#listItem\",\"position\":4,\"name\":\"Enrique Calder\\u00f3n, VP de Posadas representar\\u00e1 a M\\u00e9xico en The Summit 2027 en M\\u00f3naco\",\"previousItem\":{\"@type\":\"ListItem\",\"@id\":\"https:\\\/\\\/digitalreportmx.com\\\/index.php\\\/category\\\/relevante-2\\\/reporte-local\\\/#listItem\",\"name\":\"REPORTE LOCAL\"}}]},{\"@type\":\"Organization\",\"@id\":\"https:\\\/\\\/digitalreportmx.com\\\/#organization\",\"name\":\"digitalreportmx.com\",\"url\":\"https:\\\/\\\/digitalreportmx.com\\\/\",\"logo\":{\"@type\":\"ImageObject\",\"url\":\"https:\\\/\\\/digitalreportmx.com\\\/wp-content\\\/uploads\\\/2024\\\/02\\\/cropped-cropped-DRLOGO-1.jpg\",\"@id\":\"https:\\\/\\\/digitalreportmx.com\\\/index.php\\\/2026\\\/08\\\/31\\\/enrique-calderon-vp-de-posadas-representara-a-mexico-en-the-summit-2027-en-monaco\\\/#organizationLogo\",\"width\":1693,\"height\":281},\"image\":{\"@id\":\"https:\\\/\\\/digitalreportmx.com\\\/index.php\\\/2026\\\/08\\\/31\\\/enrique-calderon-vp-de-posadas-representara-a-mexico-en-the-summit-2027-en-monaco\\\/#organizationLogo\"}},{\"@type\":\"Person\",\"@id\":\"https:\\\/\\\/digitalreportmx.com\\\/index.php\\\/author\\\/digitalreportmx-com\\\/#author\",\"url\":\"https:\\\/\\\/digitalreportmx.com\\\/index.php\\\/author\\\/digitalreportmx-com\\\/\",\"name\":\"digitalreportmx.com\",\"image\":{\"@type\":\"ImageObject\",\"@id\":\"https:\\\/\\\/digitalreportmx.com\\\/index.php\\\/2026\\\/08\\\/31\\\/enrique-calderon-vp-de-posadas-representara-a-mexico-en-the-summit-2027-en-monaco\\\/#authorImage\",\"url\":\"https:\\\/\\\/secure.gravatar.com\\\/avatar\\\/2188078a0605d73ef57c1a9ac85e5a46c94d745432f7d01a9f4feac443943526?s=96&d=mm&r=g\",\"width\":96,\"height\":96,\"caption\":\"digitalreportmx.com\"}},{\"@type\":\"WebPage\",\"@id\":\"https:\\\/\\\/digitalreportmx.com\\\/index.php\\\/2026\\\/08\\\/31\\\/enrique-calderon-vp-de-posadas-representara-a-mexico-en-the-summit-2027-en-monaco\\\/#webpage\",\"url\":\"https:\\\/\\\/digitalreportmx.com\\\/index.php\\\/2026\\\/08\\\/31\\\/enrique-calderon-vp-de-posadas-representara-a-mexico-en-the-summit-2027-en-monaco\\\/\",\"name\":\"Enrique Calder\\u00f3n, VP de Posadas representar\\u00e1 a M\\u00e9xico en The Summit 2027 en M\\u00f3naco -\",\"description\":\"M\\u00e9xico, 31 de agosto de 2026 \\u2013 Posadas, cadena l\\u00edder en hospitalidad en el pa\\u00eds, contin\\u00faa posicionando el nombre de M\\u00e9xico a nivel internacional, en esta ocasi\\u00f3n al recibir el nombramiento de Enrique Calder\\u00f3n, VP de operaci\\u00f3n hotelera de Posadas como Delegado Internacional para The Summit 2027 de Forbes Travel Guide, a celebrarse en M\\u00f3naco el\",\"inLanguage\":\"es-MX\",\"isPartOf\":{\"@id\":\"https:\\\/\\\/digitalreportmx.com\\\/#website\"},\"breadcrumb\":{\"@id\":\"https:\\\/\\\/digitalreportmx.com\\\/index.php\\\/2026\\\/08\\\/31\\\/enrique-calderon-vp-de-posadas-representara-a-mexico-en-the-summit-2027-en-monaco\\\/#breadcrumblist\"},\"author\":{\"@id\":\"https:\\\/\\\/digitalreportmx.com\\\/index.php\\\/author\\\/digitalreportmx-com\\\/#author\"},\"creator\":{\"@id\":\"https:\\\/\\\/digitalreportmx.com\\\/index.php\\\/author\\\/digitalreportmx-com\\\/#author\"},\"image\":{\"@type\":\"ImageObject\",\"url\":\"https:\\\/\\\/digitalreportmx.com\\\/wp-content\\\/uploads\\\/2026\\\/08\\\/Pool5.jpg\",\"@id\":\"https:\\\/\\\/digitalreportmx.com\\\/index.php\\\/2026\\\/08\\\/31\\\/enrique-calderon-vp-de-posadas-representara-a-mexico-en-the-summit-2027-en-monaco\\\/#mainImage\",\"width\":1200,\"height\":900},\"primaryImageOfPage\":{\"@id\":\"https:\\\/\\\/digitalreportmx.com\\\/index.php\\\/2026\\\/08\\\/31\\\/enrique-calderon-vp-de-posadas-representara-a-mexico-en-the-summit-2027-en-monaco\\\/#mainImage\"},\"datePublished\":\"2026-08-31T16:58:59-06:00\",\"dateModified\":\"2026-08-31T17:02:25-06:00\"},{\"@type\":\"WebSite\",\"@id\":\"https:\\\/\\\/digitalreportmx.com\\\/#website\",\"url\":\"https:\\\/\\\/digitalreportmx.com\\\/\",\"name\":\"digitalreportmx.com\",\"inLanguage\":\"es-MX\",\"publisher\":{\"@id\":\"https:\\\/\\\/digitalreportmx.com\\\/#organization\"}}]}\n\t\t<\/script>\n\t\t<!-- All in One SEO -->\n\n","aioseo_head_json":{"title":"Enrique Calder\u00f3n, VP de Posadas representar\u00e1 a M\u00e9xico en The Summit 2027 en M\u00f3naco -","description":"M\u00e9xico, 31 de agosto de 2026 \u2013 Posadas, cadena l\u00edder en hospitalidad en el pa\u00eds, contin\u00faa posicionando el nombre de M\u00e9xico a nivel internacional, en esta ocasi\u00f3n al recibir el nombramiento de Enrique Calder\u00f3n, VP de operaci\u00f3n hotelera de Posadas como Delegado Internacional para The Summit 2027 de Forbes Travel Guide, a celebrarse en M\u00f3naco el","canonical_url":"https:\/\/digitalreportmx.com\/index.php\/2026\/08\/31\/enrique-calderon-vp-de-posadas-representara-a-mexico-en-the-summit-2027-en-monaco\/","robots":"max-image-preview:large","keywords":"","webmasterTools":{"miscellaneous":""},"schema":{"@context":"https:\/\/schema.org","@graph":[{"@type":"BlogPosting","@id":"https:\/\/digitalreportmx.com\/index.php\/2026\/08\/31\/enrique-calderon-vp-de-posadas-representara-a-mexico-en-the-summit-2027-en-monaco\/#blogposting","name":"Enrique Calder\u00f3n, VP de Posadas representar\u00e1 a M\u00e9xico en The Summit 2027 en M\u00f3naco -","headline":"Enrique Calder\u00f3n, VP de Posadas representar\u00e1 a M\u00e9xico en The Summit 2027 en M\u00f3naco","author":{"@id":"https:\/\/digitalreportmx.com\/index.php\/author\/digitalreportmx-com\/#author"},"publisher":{"@id":"https:\/\/digitalreportmx.com\/#organization"},"image":{"@type":"ImageObject","url":"https:\/\/digitalreportmx.com\/wp-content\/uploads\/2026\/08\/Pool5.jpg","width":1200,"height":900},"datePublished":"2026-08-31T16:58:59-06:00","dateModified":"2026-08-31T17:02:25-06:00","inLanguage":"es-MX","mainEntityOfPage":{"@id":"https:\/\/digitalreportmx.com\/index.php\/2026\/08\/31\/enrique-calderon-vp-de-posadas-representara-a-mexico-en-the-summit-2027-en-monaco\/#webpage"},"isPartOf":{"@id":"https:\/\/digitalreportmx.com\/index.php\/2026\/08\/31\/enrique-calderon-vp-de-posadas-representara-a-mexico-en-the-summit-2027-en-monaco\/#webpage"},"articleSection":"Relevante, REPORTE LOCAL"},{"@type":"BreadcrumbList","@id":"https:\/\/digitalreportmx.com\/index.php\/2026\/08\/31\/enrique-calderon-vp-de-posadas-representara-a-mexico-en-the-summit-2027-en-monaco\/#breadcrumblist","itemListElement":[{"@type":"ListItem","@id":"https:\/\/digitalreportmx.com#listItem","position":1,"name":"Home","item":"https:\/\/digitalreportmx.com","nextItem":{"@type":"ListItem","@id":"https:\/\/digitalreportmx.com\/index.php\/category\/relevante-2\/#listItem","name":"Relevante"}},{"@type":"ListItem","@id":"https:\/\/digitalreportmx.com\/index.php\/category\/relevante-2\/#listItem","position":2,"name":"Relevante","item":"https:\/\/digitalreportmx.com\/index.php\/category\/relevante-2\/","nextItem":{"@type":"ListItem","@id":"https:\/\/digitalreportmx.com\/index.php\/category\/relevante-2\/reporte-local\/#listItem","name":"REPORTE LOCAL"},"previousItem":{"@type":"ListItem","@id":"https:\/\/digitalreportmx.com#listItem","name":"Home"}},{"@type":"ListItem","@id":"https:\/\/digitalreportmx.com\/index.php\/category\/relevante-2\/reporte-local\/#listItem","position":3,"name":"REPORTE LOCAL","item":"https:\/\/digitalreportmx.com\/index.php\/category\/relevante-2\/reporte-local\/","nextItem":{"@type":"ListItem","@id":"https:\/\/digitalreportmx.com\/index.php\/2026\/08\/31\/enrique-calderon-vp-de-posadas-representara-a-mexico-en-the-summit-2027-en-monaco\/#listItem","name":"Enrique Calder\u00f3n, VP de Posadas representar\u00e1 a M\u00e9xico en The Summit 2027 en M\u00f3naco"},"previousItem":{"@type":"ListItem","@id":"https:\/\/digitalreportmx.com\/index.php\/category\/relevante-2\/#listItem","name":"Relevante"}},{"@type":"ListItem","@id":"https:\/\/digitalreportmx.com\/index.php\/2026\/08\/31\/enrique-calderon-vp-de-posadas-representara-a-mexico-en-the-summit-2027-en-monaco\/#listItem","position":4,"name":"Enrique Calder\u00f3n, VP de Posadas representar\u00e1 a M\u00e9xico en The Summit 2027 en M\u00f3naco","previousItem":{"@type":"ListItem","@id":"https:\/\/digitalreportmx.com\/index.php\/category\/relevante-2\/reporte-local\/#listItem","name":"REPORTE LOCAL"}}]},{"@type":"Organization","@id":"https:\/\/digitalreportmx.com\/#organization","name":"digitalreportmx.com","url":"https:\/\/digitalreportmx.com\/","logo":{"@type":"ImageObject","url":"https:\/\/digitalreportmx.com\/wp-content\/uploads\/2024\/02\/cropped-cropped-DRLOGO-1.jpg","@id":"https:\/\/digitalreportmx.com\/index.php\/2026\/08\/31\/enrique-calderon-vp-de-posadas-representara-a-mexico-en-the-summit-2027-en-monaco\/#organizationLogo","width":1693,"height":281},"image":{"@id":"https:\/\/digitalreportmx.com\/index.php\/2026\/08\/31\/enrique-calderon-vp-de-posadas-representara-a-mexico-en-the-summit-2027-en-monaco\/#organizationLogo"}},{"@type":"Person","@id":"https:\/\/digitalreportmx.com\/index.php\/author\/digitalreportmx-com\/#author","url":"https:\/\/digitalreportmx.com\/index.php\/author\/digitalreportmx-com\/","name":"digitalreportmx.com","image":{"@type":"ImageObject","@id":"https:\/\/digitalreportmx.com\/index.php\/2026\/08\/31\/enrique-calderon-vp-de-posadas-representara-a-mexico-en-the-summit-2027-en-monaco\/#authorImage","url":"https:\/\/secure.gravatar.com\/avatar\/2188078a0605d73ef57c1a9ac85e5a46c94d745432f7d01a9f4feac443943526?s=96&d=mm&r=g","width":96,"height":96,"caption":"digitalreportmx.com"}},{"@type":"WebPage","@id":"https:\/\/digitalreportmx.com\/index.php\/2026\/08\/31\/enrique-calderon-vp-de-posadas-representara-a-mexico-en-the-summit-2027-en-monaco\/#webpage","url":"https:\/\/digitalreportmx.com\/index.php\/2026\/08\/31\/enrique-calderon-vp-de-posadas-representara-a-mexico-en-the-summit-2027-en-monaco\/","name":"Enrique Calder\u00f3n, VP de Posadas representar\u00e1 a M\u00e9xico en The Summit 2027 en M\u00f3naco -","description":"M\u00e9xico, 31 de agosto de 2026 \u2013 Posadas, cadena l\u00edder en hospitalidad en el pa\u00eds, contin\u00faa posicionando el nombre de M\u00e9xico a nivel internacional, en esta ocasi\u00f3n al recibir el nombramiento de Enrique Calder\u00f3n, VP de operaci\u00f3n hotelera de Posadas como Delegado Internacional para The Summit 2027 de Forbes Travel Guide, a celebrarse en M\u00f3naco el","inLanguage":"es-MX","isPartOf":{"@id":"https:\/\/digitalreportmx.com\/#website"},"breadcrumb":{"@id":"https:\/\/digitalreportmx.com\/index.php\/2026\/08\/31\/enrique-calderon-vp-de-posadas-representara-a-mexico-en-the-summit-2027-en-monaco\/#breadcrumblist"},"author":{"@id":"https:\/\/digitalreportmx.com\/index.php\/author\/digitalreportmx-com\/#author"},"creator":{"@id":"https:\/\/digitalreportmx.com\/index.php\/author\/digitalreportmx-com\/#author"},"image":{"@type":"ImageObject","url":"https:\/\/digitalreportmx.com\/wp-content\/uploads\/2026\/08\/Pool5.jpg","@id":"https:\/\/digitalreportmx.com\/index.php\/2026\/08\/31\/enrique-calderon-vp-de-posadas-representara-a-mexico-en-the-summit-2027-en-monaco\/#mainImage","width":1200,"height":900},"primaryImageOfPage":{"@id":"https:\/\/digitalreportmx.com\/index.php\/2026\/08\/31\/enrique-calderon-vp-de-posadas-representara-a-mexico-en-the-summit-2027-en-monaco\/#mainImage"},"datePublished":"2026-08-31T16:58:59-06:00","dateModified":"2026-08-31T17:02:25-06:00"},{"@type":"WebSite","@id":"https:\/\/digitalreportmx.com\/#website","url":"https:\/\/digitalreportmx.com\/","name":"digitalreportmx.com","inLanguage":"es-MX","publisher":{"@id":"https:\/\/digitalreportmx.com\/#organization"}}]},"og:locale":"es_MX","og:site_name":"-","og:type":"article","og:title":"Enrique Calder\u00f3n, VP de Posadas representar\u00e1 a M\u00e9xico en The Summit 2027 en M\u00f3naco -","og:description":"M\u00e9xico, 31 de agosto de 2026 \u2013 Posadas, cadena l\u00edder en hospitalidad en el pa\u00eds, contin\u00faa posicionando el nombre de M\u00e9xico a nivel internacional, en esta ocasi\u00f3n al recibir el nombramiento de Enrique Calder\u00f3n, VP de operaci\u00f3n hotelera de Posadas como Delegado Internacional para The Summit 2027 de Forbes Travel Guide, a celebrarse en M\u00f3naco el","og:url":"https:\/\/digitalreportmx.com\/index.php\/2026\/08\/31\/enrique-calderon-vp-de-posadas-representara-a-mexico-en-the-summit-2027-en-monaco\/","og:image":"https:\/\/digitalreportmx.com\/wp-content\/uploads\/2024\/02\/cropped-cropped-DRLOGO-1.jpg","og:image:secure_url":"https:\/\/digitalreportmx.com\/wp-content\/uploads\/2024\/02\/cropped-cropped-DRLOGO-1.jpg","article:published_time":"2026-08-31T22:58:59+00:00","article:modified_time":"2026-08-31T23:02:25+00:00","twitter:card":"summary_large_image","twitter:title":"Enrique Calder\u00f3n, VP de Posadas representar\u00e1 a M\u00e9xico en The Summit 2027 en M\u00f3naco -","twitter:description":"M\u00e9xico, 31 de agosto de 2026 \u2013 Posadas, cadena l\u00edder en hospitalidad en el pa\u00eds, contin\u00faa posicionando el nombre de M\u00e9xico a nivel internacional, en esta ocasi\u00f3n al recibir el nombramiento de Enrique Calder\u00f3n, VP de operaci\u00f3n hotelera de Posadas como Delegado Internacional para The Summit 2027 de Forbes Travel Guide, a celebrarse en M\u00f3naco el","twitter:image":"https:\/\/digitalreportmx.com\/wp-content\/uploads\/2024\/02\/cropped-cropped-DRLOGO-1.jpg"},"aioseo_meta_data":{"post_id":"45716","title":null,"description":null,"keywords":null,"keyphrases":{"focus":{"keyphrase":"","score":0,"analysis":{"keyphraseInTitle":{"score":0,"maxScore":9,"error":1}}},"additional":[]},"primary_term":null,"canonical_url":null,"og_title":null,"og_description":null,"og_object_type":"default","og_image_type":"default","og_image_url":null,"og_image_width":null,"og_image_height":null,"og_image_custom_url":null,"og_image_custom_fields":null,"og_video":"","og_custom_url":null,"og_article_section":null,"og_article_tags":null,"twitter_use_og":false,"twitter_card":"default","twitter_image_type":"default","twitter_image_url":null,"twitter_image_custom_url":null,"twitter_image_custom_fields":null,"twitter_title":null,"twitter_description":null,"schema":{"blockGraphs":[],"customGraphs":[],"default":{"data":{"Article":[],"Course":[],"Dataset":[],"FAQPage":[],"Movie":[],"Person":[],"Product":[],"ProductReview":[],"Car":[],"Recipe":[],"Service":[],"SoftwareApplication":[],"WebPage":[]},"graphName":"BlogPosting","isEnabled":true},"graphs":[]},"schema_type":"default","schema_type_options":null,"pillar_content":false,"robots_default":true,"robots_noindex":false,"robots_noarchive":false,"robots_nosnippet":false,"robots_nofollow":false,"robots_noimageindex":false,"robots_noodp":false,"robots_notranslate":false,"robots_max_snippet":"-1","robots_max_videopreview":"-1","robots_max_imagepreview":"large","priority":null,"frequency":"default","local_seo":null,"breadcrumb_settings":null,"limit_modified_date":false,"ai":{"faqs":[],"keyPoints":[],"schemas":[],"titles":[],"descriptions":[],"socialPosts":{"email":{"subject":"","preview":"","content":""},"linkedin":[],"twitter":[],"facebook":[],"instagram":[]}},"created":"2026-08-31 22:59:00","updated":"2026-08-31 23:03:05","seo_analyzer_scan_date":null,"focus_keyword":null,"additional_keywords":null,"truseo_locale":null},"aioseo_breadcrumb":"<div class=\"aioseo-breadcrumbs\"><span class=\"aioseo-breadcrumb\">\n\t\t\t<a href=\"https:\/\/digitalreportmx.com\" title=\"Home\">Home<\/a>\n\t\t<\/span><span class=\"aioseo-breadcrumb-separator\">&raquo;<\/span><span class=\"aioseo-breadcrumb\">\n\t\t\t<a href=\"https:\/\/digitalreportmx.com\/index.php\/category\/relevante-2\/\" title=\"Relevante\">Relevante<\/a>\n\t\t<\/span><span class=\"aioseo-breadcrumb-separator\">&raquo;<\/span><span class=\"aioseo-breadcrumb\">\n\t\t\t<a href=\"https:\/\/digitalreportmx.com\/index.php\/category\/relevante-2\/reporte-local\/\" title=\"REPORTE LOCAL\">REPORTE LOCAL<\/a>\n\t\t<\/span><span class=\"aioseo-breadcrumb-separator\">&raquo;<\/span><span class=\"aioseo-breadcrumb\">\n\t\t\tEnrique Calder\u00f3n, VP de Posadas representar\u00e1 a M\u00e9xico en The Summit 2027 en M\u00f3naco\n\t\t<\/span><\/div>","aioseo_breadcrumb_json":[{"label":"Home","link":"https:\/\/digitalreportmx.com"},{"label":"Relevante","link":"https:\/\/digitalreportmx.com\/index.php\/category\/relevante-2\/"},{"label":"REPORTE LOCAL","link":"https:\/\/digitalreportmx.com\/index.php\/category\/relevante-2\/reporte-local\/"},{"label":"Enrique Calder\u00f3n, VP de Posadas representar\u00e1 a M\u00e9xico en The Summit 2027 en M\u00f3naco","link":"https:\/\/digitalreportmx.com\/index.php\/2026\/08\/31\/enrique-calderon-vp-de-posadas-representara-a-mexico-en-the-summit-2027-en-monaco\/"}],"_links":{"self":[{"href":"https:\/\/digitalreportmx.com\/index.php\/wp-json\/wp\/v2\/posts\/45716","targetHints":{"allow":["GET"]}}],"collection":[{"href":"https:\/\/digitalreportmx.com\/index.php\/wp-json\/wp\/v2\/posts"}],"about":[{"href":"https:\/\/digitalreportmx.com\/index.php\/wp-json\/wp\/v2\/types\/post"}],"author":[{"embeddable":true,"href":"https:\/\/digitalreportmx.com\/index.php\/wp-json\/wp\/v2\/users\/1"}],"replies":[{"embeddable":true,"href":"https:\/\/digitalreportmx.com\/index.php\/wp-json\/wp\/v2\/comments?post=45716"}],"version-history":[{"count":3,"href":"https:\/\/digitalreportmx.com\/index.php\/wp-json\/wp\/v2\/posts\/45716\/revisions"}],"predecessor-version":[{"id":45724,"href":"https:\/\/digitalreportmx.com\/index.php\/wp-json\/wp\/v2\/posts\/45716\/revisions\/45724"}],"wp:featuredmedia":[{"embeddable":true,"href":"https:\/\/digitalreportmx.com\/index.php\/wp-json\/wp\/v2\/media\/45717"}],"wp:attachment":[{"href":"https:\/\/digitalreportmx.com\/index.php\/wp-json\/wp\/v2\/media?parent=45716"}],"wp:term":[{"taxonomy":"category","embeddable":true,"href":"https:\/\/digitalreportmx.com\/index.php\/wp-json\/wp\/v2\/categories?post=45716"},{"taxonomy":"post_tag","embeddable":true,"href":"https:\/\/digitalreportmx.com\/index.php\/wp-json\/wp\/v2\/tags?post=45716"}],"curies":[{"name":"wp","href":"https:\/\/api.w.org\/{rel}","templated":true}]}}