{"id":45729,"date":"2026-08-31T17:59:33","date_gmt":"2026-08-31T23:59:33","guid":{"rendered":"https:\/\/digitalreportmx.com\/?p=45729"},"modified":"2026-08-31T18:34:41","modified_gmt":"2026-09-01T00:34:41","slug":"inauguran-samuel-y-mariana-secundaria-en-juarez","status":"publish","type":"post","link":"https:\/\/digitalreportmx.com\/index.php\/2026\/08\/31\/inauguran-samuel-y-mariana-secundaria-en-juarez\/","title":{"rendered":"Inauguran Samuel y Mariana secu en Ju\u00e1rez"},"content":{"rendered":"\n<p><kbd>Ju\u00e1rez<\/kbd>, NL<\/p>\n\n\n\n<p>El Gobernador dijo que con m\u00e1s de 50 mil maestros e inversiones sin precedentes en infraestructura escolar, Nuevo Le\u00f3n es el Estado del pa\u00eds con menor rezago educativo.<br>La titular de Amar a Nuevo Le\u00f3n, Mariana Rodr\u00edguez reafirm\u00f3 el compromiso del Gobierno del Estado de entregar una escuela por semana; y destac\u00f3 que el nuevo plantel educativo cuenta con una infraestructura tecnol\u00f3gica de primer nivel y es referente en modernizaci\u00f3n y en innovaci\u00f3n educativa.<br>El Ciclo Escolar 2026-2027 proyecta un mill\u00f3n 28 mil 830 alumnos de los niveles de educaci\u00f3n especial, inicial, preescolar, primaria y secundaria.<br>Ser\u00e1n atendidos por 49 mil 10 docentes en 5 mil 987 escuelas p\u00fablicas y particulares.<\/p>\n\n\n\n<figure class=\"wp-block-image size-large\"><img loading=\"lazy\" decoding=\"async\" width=\"1024\" height=\"682\" src=\"https:\/\/digitalreportmx.com\/wp-content\/uploads\/2026\/08\/1000378097-1024x682.jpg\" alt=\"\" class=\"wp-image-45738\" srcset=\"https:\/\/digitalreportmx.com\/wp-content\/uploads\/2026\/08\/1000378097-1024x682.jpg 1024w, https:\/\/digitalreportmx.com\/wp-content\/uploads\/2026\/08\/1000378097-300x200.jpg 300w, https:\/\/digitalreportmx.com\/wp-content\/uploads\/2026\/08\/1000378097-768x512.jpg 768w, https:\/\/digitalreportmx.com\/wp-content\/uploads\/2026\/08\/1000378097-1536x1023.jpg 1536w, https:\/\/digitalreportmx.com\/wp-content\/uploads\/2026\/08\/1000378097.jpg 1600w\" sizes=\"auto, (max-width: 1024px) 100vw, 1024px\" \/><\/figure>\n\n\n\n<p>Ju\u00e1rez, Nuevo Le\u00f3n.- Tras inaugurar en el Municipio de Ju\u00e1rez la Escuela Secundaria 19, el Gobernador Samuel Alejandro Garc\u00eda Sep\u00falveda y la titular de Amar a Nuevo Le\u00f3n, Mariana Rodr\u00edguez Cant\u00fa pusieron en marcha el Ciclo Escolar 2026-2027 en donde entregaron uniformes, tenis y \u00fatiles escolares a alumnos de Preescolar; primaria; Centro de Atenci\u00f3n M\u00faltiple (CAM) y de Secundaria.<\/p>\n\n\n\n<p>Acompa\u00f1ado de la alcaldesa de Ju\u00e1rez, M\u00f3nica Oyervides; del Secretario de Educaci\u00f3n. Juan Paura; y de Luis Fernando Mart\u00edn del Campo, director del ICIFED; el Mandatario estatal dijo que con m\u00e1s de 50 mil maestros e inversiones sin precedentes en infraestructura escolar, Nuevo Le\u00f3n es el Estado del pa\u00eds con menor rezago educativo.<\/p>\n\n\n\n<p>\u201cEste a\u00f1o invertimos m\u00e1s de mil millones de pesos en remodelar y dar mantenimiento a las escuelas ya existentes, y otros mil para crear y construir 42 nuevas escuelas\u201d, expres\u00f3 al se\u00f1alar que se ha rebasado por mucho lo hecho en esta materia por pasadas Administraciones.<\/p>\n\n\n\n<figure class=\"wp-block-image size-large\"><img loading=\"lazy\" decoding=\"async\" width=\"1024\" height=\"682\" src=\"https:\/\/digitalreportmx.com\/wp-content\/uploads\/2026\/08\/1000378099-1024x682.jpg\" alt=\"\" class=\"wp-image-45740\" srcset=\"https:\/\/digitalreportmx.com\/wp-content\/uploads\/2026\/08\/1000378099-1024x682.jpg 1024w, https:\/\/digitalreportmx.com\/wp-content\/uploads\/2026\/08\/1000378099-300x200.jpg 300w, https:\/\/digitalreportmx.com\/wp-content\/uploads\/2026\/08\/1000378099-768x512.jpg 768w, https:\/\/digitalreportmx.com\/wp-content\/uploads\/2026\/08\/1000378099-1536x1023.jpg 1536w, https:\/\/digitalreportmx.com\/wp-content\/uploads\/2026\/08\/1000378099.jpg 1600w\" sizes=\"auto, (max-width: 1024px) 100vw, 1024px\" \/><\/figure>\n\n\n\n<p>\u201cNuevo Le\u00f3n es primer lugar, muy sencillo, tenemos escuelas nuevas, de esas escuelas mil 500 son de tiempo completo, en lugar de ir cuatro horas como van a nivel nacional, aqu\u00ed van ocho horas, otras m\u00e1s de jornada ampliada y estamos poniendo sal\u00f3n de computaci\u00f3n como extra curr\u00edcula, estamos poniendo ingl\u00e9s como extra curr\u00edcula y hemos construido m\u00e1s de 611 canchas, para que haya mucho deporte\u201d, agreg\u00f3.<\/p>\n\n\n\n<p>Ante estudiantes, docentes, autoridades educativas, funcionarios estatales y municipales y padres de familia, la Titular de Amar a Nuevo Le\u00f3n, Mariana Rodr\u00edguez reafirm\u00f3 el compromiso del Gobierno del Estado de entregar una escuela por semana; y destac\u00f3 que el nuevo plantel educativo cuenta con una infraestructura tecnol\u00f3gica de primer nivel y es referente en modernizaci\u00f3n y en innovaci\u00f3n educativa.<\/p>\n\n\n\n<p>\u201cCuentan con el Gobierno, la educaci\u00f3n es uno de los pilares m\u00e1s importantes que tenemos, vamos a seguir empujando e impulsando la educaci\u00f3n porque es el derecho de los m\u00e1s importantes que necesitan nuestros j\u00f3venes, ni\u00f1as y ni\u00f1os para poder salir de entornos de violencia, evitarlos, poder ejercer una profesi\u00f3n el d\u00eda de ma\u00f1ana y que ellos sean los que tomen las mejores decisiones por nosotros en el futuro\u201d, manifest\u00f3.<\/p>\n\n\n\n<figure class=\"wp-block-image size-large\"><img loading=\"lazy\" decoding=\"async\" width=\"1024\" height=\"682\" src=\"https:\/\/digitalreportmx.com\/wp-content\/uploads\/2026\/08\/1000378096-1024x682.jpg\" alt=\"\" class=\"wp-image-45741\" srcset=\"https:\/\/digitalreportmx.com\/wp-content\/uploads\/2026\/08\/1000378096-1024x682.jpg 1024w, https:\/\/digitalreportmx.com\/wp-content\/uploads\/2026\/08\/1000378096-300x200.jpg 300w, https:\/\/digitalreportmx.com\/wp-content\/uploads\/2026\/08\/1000378096-768x512.jpg 768w, https:\/\/digitalreportmx.com\/wp-content\/uploads\/2026\/08\/1000378096-1536x1023.jpg 1536w, https:\/\/digitalreportmx.com\/wp-content\/uploads\/2026\/08\/1000378096.jpg 1600w\" sizes=\"auto, (max-width: 1024px) 100vw, 1024px\" \/><\/figure>\n\n\n\n<p>El director del ICIFED Luis Fernando Mart\u00edn del Campo dijo que el nuevo plantel educativo con seis aulas did\u00e1cticas, un aula creativa, taller de c\u00f3mputo, laboratorio de inteligencia artificial, direcciones, m\u00f3dulos sanitarios, prefectura, laboratorio funcional, bodegas; en su obra exterior, una techumbre met\u00e1lica, bebedero, subestaci\u00f3n el\u00e9ctrica y cancha deportiva.<\/p>\n\n\n\n<p>Luego de recorrer el Laboratorio Polifuncional y las aulas de Inteligencia Artificial y de Arte, el Gobernador entreg\u00f3 la cancha deportiva del plantel, la n\u00famero 611, misma que fue inaugurada con una cascarita.<\/p>\n\n\n\n<p>El Ciclo Escolar 2026-2027 proyecta un mill\u00f3n 28 mil 830 alumnos de los niveles de educaci\u00f3n especial, inicial, preescolar, primaria y secundaria, que ser\u00e1n atendidos por 49 mil 10 docentes en 5 mil 987 escuelas p\u00fablicas y particulares.<\/p>\n\n\n\n<p>Adem\u00e1s, planteles incorporados al Programa de Escuelas de Tiempo Completo y Jornada Ampliada, beneficiar\u00e1n a 296 mil 25 estudiantes.<\/p>\n\n\n\n<figure class=\"wp-block-image size-large\"><img loading=\"lazy\" decoding=\"async\" width=\"1024\" height=\"682\" src=\"https:\/\/digitalreportmx.com\/wp-content\/uploads\/2026\/08\/1000378100-1024x682.jpg\" alt=\"\" class=\"wp-image-45742\" srcset=\"https:\/\/digitalreportmx.com\/wp-content\/uploads\/2026\/08\/1000378100-1024x682.jpg 1024w, https:\/\/digitalreportmx.com\/wp-content\/uploads\/2026\/08\/1000378100-300x200.jpg 300w, https:\/\/digitalreportmx.com\/wp-content\/uploads\/2026\/08\/1000378100-768x512.jpg 768w, https:\/\/digitalreportmx.com\/wp-content\/uploads\/2026\/08\/1000378100-1536x1023.jpg 1536w, https:\/\/digitalreportmx.com\/wp-content\/uploads\/2026\/08\/1000378100.jpg 1600w\" sizes=\"auto, (max-width: 1024px) 100vw, 1024px\" \/><\/figure>\n\n\n\n<p>Previo al arranque, directivos y colectivos docentes participaron en el Consejo T\u00e9cnico Escolar Fase Intensiva para elaborar el Programa Anal\u00edtico y el Programa de Mejora Continua. Asimismo, las escuelas recibieron los libros de texto gratuitos para su entrega en la primera semana de septiembre.<\/p>\n\n\n\n<p>Este ciclo impulsa programas como Escuelas de Tiempo Completo y Jornada Ampliada, Vida Saludable, Vive Feliz y Vive sin Drogas, adem\u00e1s de diversas estrategias nacionales y estatales.<\/p>\n\n\n\n<p>Participaron en el evento Jos\u00e9 Francisco Mart\u00ednez, Secretario General de la Secci\u00f3n 21 del SNTE; Juan Jos\u00e9 Guti\u00e9rrez, dirigente de la Secci\u00f3n 50 del SNTE; y Maricela Margarita Hern\u00e1ndez, Titular de la Oficina de Enlace Educativo en el Estado.<\/p>\n","protected":false},"excerpt":{"rendered":"<p>Ju\u00e1rez, NL El Gobernador dijo que con m\u00e1s de 50 mil maestros e inversiones sin precedentes en infraestructura escolar, Nuevo Le\u00f3n es el Estado del pa\u00eds con menor rezago educativo.La titular de Amar a Nuevo Le\u00f3n, Mariana Rodr\u00edguez reafirm\u00f3 el compromiso del Gobierno del Estado de entregar una escuela por semana; y destac\u00f3 que el [&hellip;]<\/p>\n","protected":false},"author":1,"featured_media":45734,"comment_status":"open","ping_status":"open","sticky":false,"template":"","format":"standard","meta":{"om_disable_all_campaigns":false,"_monsterinsights_skip_tracking":false,"_uf_show_specific_survey":0,"_uf_disable_surveys":false,"footnotes":""},"categories":[16,13],"tags":[],"class_list":["post-45729","post","type-post","status-publish","format-standard","has-post-thumbnail","hentry","category-relevante-2","category-reporte-local"],"aioseo_notices":[],"aioseo_head":"\n\t\t<!-- All in One SEO 5.0.1.1 - aioseo.com -->\n\t<meta name=\"description\" content=\"Ju\u00e1rez, NL El Gobernador dijo que con m\u00e1s de 50 mil maestros e inversiones sin precedentes en infraestructura escolar, Nuevo Le\u00f3n es el Estado del pa\u00eds con menor rezago educativo.La titular de Amar a Nuevo Le\u00f3n, Mariana Rodr\u00edguez reafirm\u00f3 el compromiso del Gobierno del Estado de entregar una escuela por semana; y destac\u00f3 que el\" \/>\n\t<meta name=\"robots\" content=\"max-image-preview:large\" \/>\n\t<meta name=\"author\" content=\"digitalreportmx.com\"\/>\n\t<link rel=\"canonical\" href=\"https:\/\/digitalreportmx.com\/index.php\/2026\/08\/31\/inauguran-samuel-y-mariana-secundaria-en-juarez\/\" \/>\n\t<meta name=\"generator\" content=\"All in One SEO (AIOSEO) 5.0.1.1\" \/>\n\t\t<meta property=\"og:locale\" content=\"es_MX\" \/>\n\t\t<meta property=\"og:site_name\" content=\"-\" \/>\n\t\t<meta property=\"og:type\" content=\"article\" \/>\n\t\t<meta property=\"og:title\" content=\"Inauguran Samuel y Mariana secu en Ju\u00e1rez -\" \/>\n\t\t<meta property=\"og:description\" content=\"Ju\u00e1rez, NL El Gobernador dijo que con m\u00e1s de 50 mil maestros e inversiones sin precedentes en infraestructura escolar, Nuevo Le\u00f3n es el Estado del pa\u00eds con menor rezago educativo.La titular de Amar a Nuevo Le\u00f3n, Mariana Rodr\u00edguez reafirm\u00f3 el compromiso del Gobierno del Estado de entregar una escuela por semana; y destac\u00f3 que el\" \/>\n\t\t<meta property=\"og:url\" content=\"https:\/\/digitalreportmx.com\/index.php\/2026\/08\/31\/inauguran-samuel-y-mariana-secundaria-en-juarez\/\" \/>\n\t\t<meta property=\"og:image\" content=\"https:\/\/digitalreportmx.com\/wp-content\/uploads\/2024\/02\/cropped-cropped-DRLOGO-1.jpg\" \/>\n\t\t<meta property=\"og:image:secure_url\" content=\"https:\/\/digitalreportmx.com\/wp-content\/uploads\/2024\/02\/cropped-cropped-DRLOGO-1.jpg\" \/>\n\t\t<meta property=\"article:published_time\" content=\"2026-08-31T23:59:33+00:00\" \/>\n\t\t<meta property=\"article:modified_time\" content=\"2026-09-01T00:34:41+00:00\" \/>\n\t\t<meta name=\"twitter:card\" content=\"summary_large_image\" \/>\n\t\t<meta name=\"twitter:title\" content=\"Inauguran Samuel y Mariana secu en Ju\u00e1rez -\" \/>\n\t\t<meta name=\"twitter:description\" content=\"Ju\u00e1rez, NL El Gobernador dijo que con m\u00e1s de 50 mil maestros e inversiones sin precedentes en infraestructura escolar, Nuevo Le\u00f3n es el Estado del pa\u00eds con menor rezago educativo.La titular de Amar a Nuevo Le\u00f3n, Mariana Rodr\u00edguez reafirm\u00f3 el compromiso del Gobierno del Estado de entregar una escuela por semana; y destac\u00f3 que el\" \/>\n\t\t<meta name=\"twitter:image\" content=\"https:\/\/digitalreportmx.com\/wp-content\/uploads\/2024\/02\/cropped-cropped-DRLOGO-1.jpg\" \/>\n\t\t<script type=\"application\/ld+json\" class=\"aioseo-schema\">\n\t\t\t{\"@context\":\"https:\\\/\\\/schema.org\",\"@graph\":[{\"@type\":\"BlogPosting\",\"@id\":\"https:\\\/\\\/digitalreportmx.com\\\/index.php\\\/2026\\\/08\\\/31\\\/inauguran-samuel-y-mariana-secundaria-en-juarez\\\/#blogposting\",\"name\":\"Inauguran Samuel y Mariana secu en Ju\\u00e1rez -\",\"headline\":\"Inauguran Samuel y Mariana secu en Ju\\u00e1rez\",\"author\":{\"@id\":\"https:\\\/\\\/digitalreportmx.com\\\/index.php\\\/author\\\/digitalreportmx-com\\\/#author\"},\"publisher\":{\"@id\":\"https:\\\/\\\/digitalreportmx.com\\\/#organization\"},\"image\":{\"@type\":\"ImageObject\",\"url\":\"https:\\\/\\\/digitalreportmx.com\\\/wp-content\\\/uploads\\\/2026\\\/08\\\/IMG-20260831-WA0158.jpg\",\"width\":1600,\"height\":1066},\"datePublished\":\"2026-08-31T17:59:33-06:00\",\"dateModified\":\"2026-08-31T18:34:41-06:00\",\"inLanguage\":\"es-MX\",\"mainEntityOfPage\":{\"@id\":\"https:\\\/\\\/digitalreportmx.com\\\/index.php\\\/2026\\\/08\\\/31\\\/inauguran-samuel-y-mariana-secundaria-en-juarez\\\/#webpage\"},\"isPartOf\":{\"@id\":\"https:\\\/\\\/digitalreportmx.com\\\/index.php\\\/2026\\\/08\\\/31\\\/inauguran-samuel-y-mariana-secundaria-en-juarez\\\/#webpage\"},\"articleSection\":\"Relevante, REPORTE LOCAL\"},{\"@type\":\"BreadcrumbList\",\"@id\":\"https:\\\/\\\/digitalreportmx.com\\\/index.php\\\/2026\\\/08\\\/31\\\/inauguran-samuel-y-mariana-secundaria-en-juarez\\\/#breadcrumblist\",\"itemListElement\":[{\"@type\":\"ListItem\",\"@id\":\"https:\\\/\\\/digitalreportmx.com#listItem\",\"position\":1,\"name\":\"Home\",\"item\":\"https:\\\/\\\/digitalreportmx.com\",\"nextItem\":{\"@type\":\"ListItem\",\"@id\":\"https:\\\/\\\/digitalreportmx.com\\\/index.php\\\/category\\\/relevante-2\\\/#listItem\",\"name\":\"Relevante\"}},{\"@type\":\"ListItem\",\"@id\":\"https:\\\/\\\/digitalreportmx.com\\\/index.php\\\/category\\\/relevante-2\\\/#listItem\",\"position\":2,\"name\":\"Relevante\",\"item\":\"https:\\\/\\\/digitalreportmx.com\\\/index.php\\\/category\\\/relevante-2\\\/\",\"nextItem\":{\"@type\":\"ListItem\",\"@id\":\"https:\\\/\\\/digitalreportmx.com\\\/index.php\\\/category\\\/relevante-2\\\/reporte-local\\\/#listItem\",\"name\":\"REPORTE LOCAL\"},\"previousItem\":{\"@type\":\"ListItem\",\"@id\":\"https:\\\/\\\/digitalreportmx.com#listItem\",\"name\":\"Home\"}},{\"@type\":\"ListItem\",\"@id\":\"https:\\\/\\\/digitalreportmx.com\\\/index.php\\\/category\\\/relevante-2\\\/reporte-local\\\/#listItem\",\"position\":3,\"name\":\"REPORTE LOCAL\",\"item\":\"https:\\\/\\\/digitalreportmx.com\\\/index.php\\\/category\\\/relevante-2\\\/reporte-local\\\/\",\"nextItem\":{\"@type\":\"ListItem\",\"@id\":\"https:\\\/\\\/digitalreportmx.com\\\/index.php\\\/2026\\\/08\\\/31\\\/inauguran-samuel-y-mariana-secundaria-en-juarez\\\/#listItem\",\"name\":\"Inauguran Samuel y Mariana secu en Ju\\u00e1rez\"},\"previousItem\":{\"@type\":\"ListItem\",\"@id\":\"https:\\\/\\\/digitalreportmx.com\\\/index.php\\\/category\\\/relevante-2\\\/#listItem\",\"name\":\"Relevante\"}},{\"@type\":\"ListItem\",\"@id\":\"https:\\\/\\\/digitalreportmx.com\\\/index.php\\\/2026\\\/08\\\/31\\\/inauguran-samuel-y-mariana-secundaria-en-juarez\\\/#listItem\",\"position\":4,\"name\":\"Inauguran Samuel y Mariana secu en Ju\\u00e1rez\",\"previousItem\":{\"@type\":\"ListItem\",\"@id\":\"https:\\\/\\\/digitalreportmx.com\\\/index.php\\\/category\\\/relevante-2\\\/reporte-local\\\/#listItem\",\"name\":\"REPORTE LOCAL\"}}]},{\"@type\":\"Organization\",\"@id\":\"https:\\\/\\\/digitalreportmx.com\\\/#organization\",\"name\":\"digitalreportmx.com\",\"url\":\"https:\\\/\\\/digitalreportmx.com\\\/\",\"logo\":{\"@type\":\"ImageObject\",\"url\":\"https:\\\/\\\/digitalreportmx.com\\\/wp-content\\\/uploads\\\/2024\\\/02\\\/cropped-cropped-DRLOGO-1.jpg\",\"@id\":\"https:\\\/\\\/digitalreportmx.com\\\/index.php\\\/2026\\\/08\\\/31\\\/inauguran-samuel-y-mariana-secundaria-en-juarez\\\/#organizationLogo\",\"width\":1693,\"height\":281},\"image\":{\"@id\":\"https:\\\/\\\/digitalreportmx.com\\\/index.php\\\/2026\\\/08\\\/31\\\/inauguran-samuel-y-mariana-secundaria-en-juarez\\\/#organizationLogo\"}},{\"@type\":\"Person\",\"@id\":\"https:\\\/\\\/digitalreportmx.com\\\/index.php\\\/author\\\/digitalreportmx-com\\\/#author\",\"url\":\"https:\\\/\\\/digitalreportmx.com\\\/index.php\\\/author\\\/digitalreportmx-com\\\/\",\"name\":\"digitalreportmx.com\",\"image\":{\"@type\":\"ImageObject\",\"@id\":\"https:\\\/\\\/digitalreportmx.com\\\/index.php\\\/2026\\\/08\\\/31\\\/inauguran-samuel-y-mariana-secundaria-en-juarez\\\/#authorImage\",\"url\":\"https:\\\/\\\/secure.gravatar.com\\\/avatar\\\/2188078a0605d73ef57c1a9ac85e5a46c94d745432f7d01a9f4feac443943526?s=96&d=mm&r=g\",\"width\":96,\"height\":96,\"caption\":\"digitalreportmx.com\"}},{\"@type\":\"WebPage\",\"@id\":\"https:\\\/\\\/digitalreportmx.com\\\/index.php\\\/2026\\\/08\\\/31\\\/inauguran-samuel-y-mariana-secundaria-en-juarez\\\/#webpage\",\"url\":\"https:\\\/\\\/digitalreportmx.com\\\/index.php\\\/2026\\\/08\\\/31\\\/inauguran-samuel-y-mariana-secundaria-en-juarez\\\/\",\"name\":\"Inauguran Samuel y Mariana secu en Ju\\u00e1rez -\",\"description\":\"Ju\\u00e1rez, NL El Gobernador dijo que con m\\u00e1s de 50 mil maestros e inversiones sin precedentes en infraestructura escolar, Nuevo Le\\u00f3n es el Estado del pa\\u00eds con menor rezago educativo.La titular de Amar a Nuevo Le\\u00f3n, Mariana Rodr\\u00edguez reafirm\\u00f3 el compromiso del Gobierno del Estado de entregar una escuela por semana; y destac\\u00f3 que el\",\"inLanguage\":\"es-MX\",\"isPartOf\":{\"@id\":\"https:\\\/\\\/digitalreportmx.com\\\/#website\"},\"breadcrumb\":{\"@id\":\"https:\\\/\\\/digitalreportmx.com\\\/index.php\\\/2026\\\/08\\\/31\\\/inauguran-samuel-y-mariana-secundaria-en-juarez\\\/#breadcrumblist\"},\"author\":{\"@id\":\"https:\\\/\\\/digitalreportmx.com\\\/index.php\\\/author\\\/digitalreportmx-com\\\/#author\"},\"creator\":{\"@id\":\"https:\\\/\\\/digitalreportmx.com\\\/index.php\\\/author\\\/digitalreportmx-com\\\/#author\"},\"image\":{\"@type\":\"ImageObject\",\"url\":\"https:\\\/\\\/digitalreportmx.com\\\/wp-content\\\/uploads\\\/2026\\\/08\\\/IMG-20260831-WA0158.jpg\",\"@id\":\"https:\\\/\\\/digitalreportmx.com\\\/index.php\\\/2026\\\/08\\\/31\\\/inauguran-samuel-y-mariana-secundaria-en-juarez\\\/#mainImage\",\"width\":1600,\"height\":1066},\"primaryImageOfPage\":{\"@id\":\"https:\\\/\\\/digitalreportmx.com\\\/index.php\\\/2026\\\/08\\\/31\\\/inauguran-samuel-y-mariana-secundaria-en-juarez\\\/#mainImage\"},\"datePublished\":\"2026-08-31T17:59:33-06:00\",\"dateModified\":\"2026-08-31T18:34:41-06:00\"},{\"@type\":\"WebSite\",\"@id\":\"https:\\\/\\\/digitalreportmx.com\\\/#website\",\"url\":\"https:\\\/\\\/digitalreportmx.com\\\/\",\"name\":\"digitalreportmx.com\",\"inLanguage\":\"es-MX\",\"publisher\":{\"@id\":\"https:\\\/\\\/digitalreportmx.com\\\/#organization\"}}]}\n\t\t<\/script>\n\t\t<!-- All in One SEO -->\n\n","aioseo_head_json":{"title":"Inauguran Samuel y Mariana secu en Ju\u00e1rez -","description":"Ju\u00e1rez, NL El Gobernador dijo que con m\u00e1s de 50 mil maestros e inversiones sin precedentes en infraestructura escolar, Nuevo Le\u00f3n es el Estado del pa\u00eds con menor rezago educativo.La titular de Amar a Nuevo Le\u00f3n, Mariana Rodr\u00edguez reafirm\u00f3 el compromiso del Gobierno del Estado de entregar una escuela por semana; y destac\u00f3 que el","canonical_url":"https:\/\/digitalreportmx.com\/index.php\/2026\/08\/31\/inauguran-samuel-y-mariana-secundaria-en-juarez\/","robots":"max-image-preview:large","keywords":"","webmasterTools":{"miscellaneous":""},"schema":{"@context":"https:\/\/schema.org","@graph":[{"@type":"BlogPosting","@id":"https:\/\/digitalreportmx.com\/index.php\/2026\/08\/31\/inauguran-samuel-y-mariana-secundaria-en-juarez\/#blogposting","name":"Inauguran Samuel y Mariana secu en Ju\u00e1rez -","headline":"Inauguran Samuel y Mariana secu en Ju\u00e1rez","author":{"@id":"https:\/\/digitalreportmx.com\/index.php\/author\/digitalreportmx-com\/#author"},"publisher":{"@id":"https:\/\/digitalreportmx.com\/#organization"},"image":{"@type":"ImageObject","url":"https:\/\/digitalreportmx.com\/wp-content\/uploads\/2026\/08\/IMG-20260831-WA0158.jpg","width":1600,"height":1066},"datePublished":"2026-08-31T17:59:33-06:00","dateModified":"2026-08-31T18:34:41-06:00","inLanguage":"es-MX","mainEntityOfPage":{"@id":"https:\/\/digitalreportmx.com\/index.php\/2026\/08\/31\/inauguran-samuel-y-mariana-secundaria-en-juarez\/#webpage"},"isPartOf":{"@id":"https:\/\/digitalreportmx.com\/index.php\/2026\/08\/31\/inauguran-samuel-y-mariana-secundaria-en-juarez\/#webpage"},"articleSection":"Relevante, REPORTE LOCAL"},{"@type":"BreadcrumbList","@id":"https:\/\/digitalreportmx.com\/index.php\/2026\/08\/31\/inauguran-samuel-y-mariana-secundaria-en-juarez\/#breadcrumblist","itemListElement":[{"@type":"ListItem","@id":"https:\/\/digitalreportmx.com#listItem","position":1,"name":"Home","item":"https:\/\/digitalreportmx.com","nextItem":{"@type":"ListItem","@id":"https:\/\/digitalreportmx.com\/index.php\/category\/relevante-2\/#listItem","name":"Relevante"}},{"@type":"ListItem","@id":"https:\/\/digitalreportmx.com\/index.php\/category\/relevante-2\/#listItem","position":2,"name":"Relevante","item":"https:\/\/digitalreportmx.com\/index.php\/category\/relevante-2\/","nextItem":{"@type":"ListItem","@id":"https:\/\/digitalreportmx.com\/index.php\/category\/relevante-2\/reporte-local\/#listItem","name":"REPORTE LOCAL"},"previousItem":{"@type":"ListItem","@id":"https:\/\/digitalreportmx.com#listItem","name":"Home"}},{"@type":"ListItem","@id":"https:\/\/digitalreportmx.com\/index.php\/category\/relevante-2\/reporte-local\/#listItem","position":3,"name":"REPORTE LOCAL","item":"https:\/\/digitalreportmx.com\/index.php\/category\/relevante-2\/reporte-local\/","nextItem":{"@type":"ListItem","@id":"https:\/\/digitalreportmx.com\/index.php\/2026\/08\/31\/inauguran-samuel-y-mariana-secundaria-en-juarez\/#listItem","name":"Inauguran Samuel y Mariana secu en Ju\u00e1rez"},"previousItem":{"@type":"ListItem","@id":"https:\/\/digitalreportmx.com\/index.php\/category\/relevante-2\/#listItem","name":"Relevante"}},{"@type":"ListItem","@id":"https:\/\/digitalreportmx.com\/index.php\/2026\/08\/31\/inauguran-samuel-y-mariana-secundaria-en-juarez\/#listItem","position":4,"name":"Inauguran Samuel y Mariana secu en Ju\u00e1rez","previousItem":{"@type":"ListItem","@id":"https:\/\/digitalreportmx.com\/index.php\/category\/relevante-2\/reporte-local\/#listItem","name":"REPORTE LOCAL"}}]},{"@type":"Organization","@id":"https:\/\/digitalreportmx.com\/#organization","name":"digitalreportmx.com","url":"https:\/\/digitalreportmx.com\/","logo":{"@type":"ImageObject","url":"https:\/\/digitalreportmx.com\/wp-content\/uploads\/2024\/02\/cropped-cropped-DRLOGO-1.jpg","@id":"https:\/\/digitalreportmx.com\/index.php\/2026\/08\/31\/inauguran-samuel-y-mariana-secundaria-en-juarez\/#organizationLogo","width":1693,"height":281},"image":{"@id":"https:\/\/digitalreportmx.com\/index.php\/2026\/08\/31\/inauguran-samuel-y-mariana-secundaria-en-juarez\/#organizationLogo"}},{"@type":"Person","@id":"https:\/\/digitalreportmx.com\/index.php\/author\/digitalreportmx-com\/#author","url":"https:\/\/digitalreportmx.com\/index.php\/author\/digitalreportmx-com\/","name":"digitalreportmx.com","image":{"@type":"ImageObject","@id":"https:\/\/digitalreportmx.com\/index.php\/2026\/08\/31\/inauguran-samuel-y-mariana-secundaria-en-juarez\/#authorImage","url":"https:\/\/secure.gravatar.com\/avatar\/2188078a0605d73ef57c1a9ac85e5a46c94d745432f7d01a9f4feac443943526?s=96&d=mm&r=g","width":96,"height":96,"caption":"digitalreportmx.com"}},{"@type":"WebPage","@id":"https:\/\/digitalreportmx.com\/index.php\/2026\/08\/31\/inauguran-samuel-y-mariana-secundaria-en-juarez\/#webpage","url":"https:\/\/digitalreportmx.com\/index.php\/2026\/08\/31\/inauguran-samuel-y-mariana-secundaria-en-juarez\/","name":"Inauguran Samuel y Mariana secu en Ju\u00e1rez -","description":"Ju\u00e1rez, NL El Gobernador dijo que con m\u00e1s de 50 mil maestros e inversiones sin precedentes en infraestructura escolar, Nuevo Le\u00f3n es el Estado del pa\u00eds con menor rezago educativo.La titular de Amar a Nuevo Le\u00f3n, Mariana Rodr\u00edguez reafirm\u00f3 el compromiso del Gobierno del Estado de entregar una escuela por semana; y destac\u00f3 que el","inLanguage":"es-MX","isPartOf":{"@id":"https:\/\/digitalreportmx.com\/#website"},"breadcrumb":{"@id":"https:\/\/digitalreportmx.com\/index.php\/2026\/08\/31\/inauguran-samuel-y-mariana-secundaria-en-juarez\/#breadcrumblist"},"author":{"@id":"https:\/\/digitalreportmx.com\/index.php\/author\/digitalreportmx-com\/#author"},"creator":{"@id":"https:\/\/digitalreportmx.com\/index.php\/author\/digitalreportmx-com\/#author"},"image":{"@type":"ImageObject","url":"https:\/\/digitalreportmx.com\/wp-content\/uploads\/2026\/08\/IMG-20260831-WA0158.jpg","@id":"https:\/\/digitalreportmx.com\/index.php\/2026\/08\/31\/inauguran-samuel-y-mariana-secundaria-en-juarez\/#mainImage","width":1600,"height":1066},"primaryImageOfPage":{"@id":"https:\/\/digitalreportmx.com\/index.php\/2026\/08\/31\/inauguran-samuel-y-mariana-secundaria-en-juarez\/#mainImage"},"datePublished":"2026-08-31T17:59:33-06:00","dateModified":"2026-08-31T18:34:41-06:00"},{"@type":"WebSite","@id":"https:\/\/digitalreportmx.com\/#website","url":"https:\/\/digitalreportmx.com\/","name":"digitalreportmx.com","inLanguage":"es-MX","publisher":{"@id":"https:\/\/digitalreportmx.com\/#organization"}}]},"og:locale":"es_MX","og:site_name":"-","og:type":"article","og:title":"Inauguran Samuel y Mariana secu en Ju\u00e1rez -","og:description":"Ju\u00e1rez, NL El Gobernador dijo que con m\u00e1s de 50 mil maestros e inversiones sin precedentes en infraestructura escolar, Nuevo Le\u00f3n es el Estado del pa\u00eds con menor rezago educativo.La titular de Amar a Nuevo Le\u00f3n, Mariana Rodr\u00edguez reafirm\u00f3 el compromiso del Gobierno del Estado de entregar una escuela por semana; y destac\u00f3 que el","og:url":"https:\/\/digitalreportmx.com\/index.php\/2026\/08\/31\/inauguran-samuel-y-mariana-secundaria-en-juarez\/","og:image":"https:\/\/digitalreportmx.com\/wp-content\/uploads\/2024\/02\/cropped-cropped-DRLOGO-1.jpg","og:image:secure_url":"https:\/\/digitalreportmx.com\/wp-content\/uploads\/2024\/02\/cropped-cropped-DRLOGO-1.jpg","article:published_time":"2026-08-31T23:59:33+00:00","article:modified_time":"2026-09-01T00:34:41+00:00","twitter:card":"summary_large_image","twitter:title":"Inauguran Samuel y Mariana secu en Ju\u00e1rez -","twitter:description":"Ju\u00e1rez, NL El Gobernador dijo que con m\u00e1s de 50 mil maestros e inversiones sin precedentes en infraestructura escolar, Nuevo Le\u00f3n es el Estado del pa\u00eds con menor rezago educativo.La titular de Amar a Nuevo Le\u00f3n, Mariana Rodr\u00edguez reafirm\u00f3 el compromiso del Gobierno del Estado de entregar una escuela por semana; y destac\u00f3 que el","twitter:image":"https:\/\/digitalreportmx.com\/wp-content\/uploads\/2024\/02\/cropped-cropped-DRLOGO-1.jpg"},"aioseo_meta_data":{"post_id":"45729","title":null,"description":null,"keywords":null,"keyphrases":{"focus":{"keyphrase":"","score":0,"analysis":{"keyphraseInTitle":{"score":0,"maxScore":9,"error":1}}},"additional":[]},"primary_term":null,"canonical_url":null,"og_title":null,"og_description":null,"og_object_type":"default","og_image_type":"default","og_image_url":null,"og_image_width":null,"og_image_height":null,"og_image_custom_url":null,"og_image_custom_fields":null,"og_video":"","og_custom_url":null,"og_article_section":null,"og_article_tags":null,"twitter_use_og":false,"twitter_card":"default","twitter_image_type":"default","twitter_image_url":null,"twitter_image_custom_url":null,"twitter_image_custom_fields":null,"twitter_title":null,"twitter_description":null,"schema":{"blockGraphs":[],"customGraphs":[],"default":{"data":{"Article":[],"Course":[],"Dataset":[],"FAQPage":[],"Movie":[],"Person":[],"Product":[],"ProductReview":[],"Car":[],"Recipe":[],"Service":[],"SoftwareApplication":[],"WebPage":[]},"graphName":"BlogPosting","isEnabled":true},"graphs":[]},"schema_type":"default","schema_type_options":null,"pillar_content":false,"robots_default":true,"robots_noindex":false,"robots_noarchive":false,"robots_nosnippet":false,"robots_nofollow":false,"robots_noimageindex":false,"robots_noodp":false,"robots_notranslate":false,"robots_max_snippet":"-1","robots_max_videopreview":"-1","robots_max_imagepreview":"large","priority":null,"frequency":"default","local_seo":null,"breadcrumb_settings":null,"limit_modified_date":false,"ai":{"faqs":[],"keyPoints":[],"schemas":[],"titles":[],"descriptions":[],"socialPosts":{"email":{"subject":"","preview":"","content":""},"linkedin":[],"twitter":[],"facebook":[],"instagram":[]}},"created":"2026-08-31 23:59:34","updated":"2026-09-01 00:35:38","seo_analyzer_scan_date":null,"focus_keyword":null,"additional_keywords":null,"truseo_locale":null},"aioseo_breadcrumb":"<div class=\"aioseo-breadcrumbs\"><span class=\"aioseo-breadcrumb\">\n\t\t\t<a href=\"https:\/\/digitalreportmx.com\" title=\"Home\">Home<\/a>\n\t\t<\/span><span class=\"aioseo-breadcrumb-separator\">&raquo;<\/span><span class=\"aioseo-breadcrumb\">\n\t\t\t<a href=\"https:\/\/digitalreportmx.com\/index.php\/category\/relevante-2\/\" title=\"Relevante\">Relevante<\/a>\n\t\t<\/span><span class=\"aioseo-breadcrumb-separator\">&raquo;<\/span><span class=\"aioseo-breadcrumb\">\n\t\t\t<a href=\"https:\/\/digitalreportmx.com\/index.php\/category\/relevante-2\/reporte-local\/\" title=\"REPORTE LOCAL\">REPORTE LOCAL<\/a>\n\t\t<\/span><span class=\"aioseo-breadcrumb-separator\">&raquo;<\/span><span class=\"aioseo-breadcrumb\">\n\t\t\tInauguran Samuel y Mariana secu en Ju\u00e1rez\n\t\t<\/span><\/div>","aioseo_breadcrumb_json":[{"label":"Home","link":"https:\/\/digitalreportmx.com"},{"label":"Relevante","link":"https:\/\/digitalreportmx.com\/index.php\/category\/relevante-2\/"},{"label":"REPORTE LOCAL","link":"https:\/\/digitalreportmx.com\/index.php\/category\/relevante-2\/reporte-local\/"},{"label":"Inauguran Samuel y Mariana secu en Ju\u00e1rez","link":"https:\/\/digitalreportmx.com\/index.php\/2026\/08\/31\/inauguran-samuel-y-mariana-secundaria-en-juarez\/"}],"_links":{"self":[{"href":"https:\/\/digitalreportmx.com\/index.php\/wp-json\/wp\/v2\/posts\/45729","targetHints":{"allow":["GET"]}}],"collection":[{"href":"https:\/\/digitalreportmx.com\/index.php\/wp-json\/wp\/v2\/posts"}],"about":[{"href":"https:\/\/digitalreportmx.com\/index.php\/wp-json\/wp\/v2\/types\/post"}],"author":[{"embeddable":true,"href":"https:\/\/digitalreportmx.com\/index.php\/wp-json\/wp\/v2\/users\/1"}],"replies":[{"embeddable":true,"href":"https:\/\/digitalreportmx.com\/index.php\/wp-json\/wp\/v2\/comments?post=45729"}],"version-history":[{"count":3,"href":"https:\/\/digitalreportmx.com\/index.php\/wp-json\/wp\/v2\/posts\/45729\/revisions"}],"predecessor-version":[{"id":45744,"href":"https:\/\/digitalreportmx.com\/index.php\/wp-json\/wp\/v2\/posts\/45729\/revisions\/45744"}],"wp:featuredmedia":[{"embeddable":true,"href":"https:\/\/digitalreportmx.com\/index.php\/wp-json\/wp\/v2\/media\/45734"}],"wp:attachment":[{"href":"https:\/\/digitalreportmx.com\/index.php\/wp-json\/wp\/v2\/media?parent=45729"}],"wp:term":[{"taxonomy":"category","embeddable":true,"href":"https:\/\/digitalreportmx.com\/index.php\/wp-json\/wp\/v2\/categories?post=45729"},{"taxonomy":"post_tag","embeddable":true,"href":"https:\/\/digitalreportmx.com\/index.php\/wp-json\/wp\/v2\/tags?post=45729"}],"curies":[{"name":"wp","href":"https:\/\/api.w.org\/{rel}","templated":true}]}}