{"id":45745,"date":"2026-08-31T19:16:18","date_gmt":"2026-09-01T01:16:18","guid":{"rendered":"https:\/\/digitalreportmx.com\/?p=45745"},"modified":"2026-08-31T19:18:14","modified_gmt":"2026-09-01T01:18:14","slug":"taemin-sacudira-la-monterrey-con-su-gira-world-tour-liminal","status":"publish","type":"post","link":"https:\/\/digitalreportmx.com\/index.php\/2026\/08\/31\/taemin-sacudira-la-monterrey-con-su-gira-world-tour-liminal\/","title":{"rendered":"TAEMIN sacudir\u00e1 Monterrey con su gira WORLD TOUR [LiMiNaL]&#8221;"},"content":{"rendered":"\n<p><strong>M<\/strong>onterrey,  NL <\/p>\n\n\n\n<p>El aclamado solista y miembro de SHINee, TAEMIN, ha confirmado oficialmente su debut en tierras regiomontanas el pr\u00f3ximo mi\u00e9rcoles 28 de octubre de 2026 a las 8:00 PM, eligiendo el escenario de la Arena Monterrey como parte de su gira por latinoamerica.<\/p>\n\n\n\n<p>El concierto se enmarca dentro de su ambicioso recorrido internacional &#8220;2026-27 TAEMIN WORLD TOUR [LiMiNaL]&#8221;. <\/p>\n\n\n\n<p>Con este concepto, el bailar\u00edn y vocalista surcoreano promete redefinir la experiencia en vivo de sus fan\u00e1ticos mediante una vanguardista propuesta visual, coreograf\u00edas de alta complejidad y un repaso por sus \u00e9xitos m\u00e1s emblem\u00e1ticos como solista.<\/p>\n\n\n\n<figure class=\"wp-block-image size-large\"><img loading=\"lazy\" decoding=\"async\" width=\"819\" height=\"1024\" src=\"https:\/\/digitalreportmx.com\/wp-content\/uploads\/2026\/08\/1000302934-819x1024.jpg\" alt=\"\" class=\"wp-image-45748\" srcset=\"https:\/\/digitalreportmx.com\/wp-content\/uploads\/2026\/08\/1000302934-819x1024.jpg 819w, https:\/\/digitalreportmx.com\/wp-content\/uploads\/2026\/08\/1000302934-240x300.jpg 240w, https:\/\/digitalreportmx.com\/wp-content\/uploads\/2026\/08\/1000302934-768x960.jpg 768w, https:\/\/digitalreportmx.com\/wp-content\/uploads\/2026\/08\/1000302934-1229x1536.jpg 1229w, https:\/\/digitalreportmx.com\/wp-content\/uploads\/2026\/08\/1000302934.jpg 1280w\" sizes=\"auto, (max-width: 819px) 100vw, 819px\" \/><\/figure>\n\n\n\n<p>La venta de accesos para este espect\u00e1culo se dividir\u00e1 en tres etapas estrat\u00e9gicas operadas por la plataforma digital de Superboletos:<\/p>\n\n\n\n<ul class=\"wp-block-list\">\n<li><strong>Prerregistro para Fans:<\/strong> Quienes cuenten con membres\u00eda vigente en la plataforma FROMM tendr\u00e1n acceso exclusivo a un registro previo. Este portal abrir\u00e1 sus puertas digitales a partir del 1 de septiembre de 2026 al mediod\u00eda y concluir\u00e1 el 2 de septiembre a las 12:00 PM. El enlace de inscripci\u00f3n oficial estar\u00e1 habilitado en el sitio web de FROMM.<\/li>\n\n\n\n<li><strong>Venta Exclusiva FROMM:<\/strong> Aquellos fan\u00e1ticos registrados exitosamente podr\u00e1n adquirir sus entradas de manera prioritaria el lunes 7 de septiembre de 2026 a partir de las 12:00 PM.<\/li>\n<\/ul>\n\n\n\n<figure class=\"wp-block-image size-large\"><img loading=\"lazy\" decoding=\"async\" width=\"819\" height=\"1024\" src=\"https:\/\/digitalreportmx.com\/wp-content\/uploads\/2026\/08\/1000302948-819x1024.jpg\" alt=\"\" class=\"wp-image-45749\" srcset=\"https:\/\/digitalreportmx.com\/wp-content\/uploads\/2026\/08\/1000302948-819x1024.jpg 819w, https:\/\/digitalreportmx.com\/wp-content\/uploads\/2026\/08\/1000302948-240x300.jpg 240w, https:\/\/digitalreportmx.com\/wp-content\/uploads\/2026\/08\/1000302948-768x960.jpg 768w, https:\/\/digitalreportmx.com\/wp-content\/uploads\/2026\/08\/1000302948-1229x1536.jpg 1229w, https:\/\/digitalreportmx.com\/wp-content\/uploads\/2026\/08\/1000302948-1639x2048.jpg 1639w, https:\/\/digitalreportmx.com\/wp-content\/uploads\/2026\/08\/1000302948-scaled.jpg 2048w\" sizes=\"auto, (max-width: 819px) 100vw, 819px\" \/><\/figure>\n\n\n\n<ul class=\"wp-block-list\">\n<li><strong>Venta al P\u00fablico General:<\/strong> Los boletos remanentes se liberar\u00e1n para el p\u00fablico en general el martes 8 de septiembre de 2026, tambi\u00e9n en punto de las 12:00 PM.<\/li>\n<\/ul>\n\n\n\n<p>Se anticipa una alta demanda para el evento, debido al estatus de culto que el int\u00e9rprete ostenta globalmente dentro de la industria musical asi\u00e1tica.<\/p>\n\n\n\n<figure class=\"wp-block-image size-large\"><img loading=\"lazy\" decoding=\"async\" width=\"576\" height=\"1024\" src=\"https:\/\/digitalreportmx.com\/wp-content\/uploads\/2026\/08\/1000302945-576x1024.jpg\" alt=\"\" class=\"wp-image-45751\" srcset=\"https:\/\/digitalreportmx.com\/wp-content\/uploads\/2026\/08\/1000302945-576x1024.jpg 576w, https:\/\/digitalreportmx.com\/wp-content\/uploads\/2026\/08\/1000302945-169x300.jpg 169w, https:\/\/digitalreportmx.com\/wp-content\/uploads\/2026\/08\/1000302945-768x1366.jpg 768w, https:\/\/digitalreportmx.com\/wp-content\/uploads\/2026\/08\/1000302945-864x1536.jpg 864w, https:\/\/digitalreportmx.com\/wp-content\/uploads\/2026\/08\/1000302945-1151x2048.jpg 1151w, https:\/\/digitalreportmx.com\/wp-content\/uploads\/2026\/08\/1000302945-scaled.jpg 1439w\" sizes=\"auto, (max-width: 576px) 100vw, 576px\" \/><\/figure>\n","protected":false},"excerpt":{"rendered":"<p>Monterrey, NL El aclamado solista y miembro de SHINee, TAEMIN, ha confirmado oficialmente su debut en tierras regiomontanas el pr\u00f3ximo mi\u00e9rcoles 28 de octubre de 2026 a las 8:00 PM, eligiendo el escenario de la Arena Monterrey como parte de su gira por latinoamerica. El concierto se enmarca dentro de su ambicioso recorrido internacional &#8220;2026-27 [&hellip;]<\/p>\n","protected":false},"author":1,"featured_media":45746,"comment_status":"open","ping_status":"open","sticky":false,"template":"","format":"standard","meta":{"om_disable_all_campaigns":false,"_monsterinsights_skip_tracking":false,"_uf_show_specific_survey":0,"_uf_disable_surveys":false,"footnotes":""},"categories":[15,8],"tags":[],"class_list":["post-45745","post","type-post","status-publish","format-standard","has-post-thumbnail","hentry","category-relevante","category-jet-set"],"aioseo_notices":[],"aioseo_head":"\n\t\t<!-- All in One SEO 5.0.1.1 - aioseo.com -->\n\t<meta name=\"description\" content=\"Monterrey, NL El aclamado solista y miembro de SHINee, TAEMIN, ha confirmado oficialmente su debut en tierras regiomontanas el pr\u00f3ximo mi\u00e9rcoles 28 de octubre de 2026 a las 8:00 PM, eligiendo el escenario de la Arena Monterrey como parte de su gira por latinoamerica. El concierto se enmarca dentro de su ambicioso recorrido internacional &quot;2026-27\" \/>\n\t<meta name=\"robots\" content=\"max-image-preview:large\" \/>\n\t<meta name=\"author\" content=\"digitalreportmx.com\"\/>\n\t<link rel=\"canonical\" href=\"https:\/\/digitalreportmx.com\/index.php\/2026\/08\/31\/taemin-sacudira-la-monterrey-con-su-gira-world-tour-liminal\/\" \/>\n\t<meta name=\"generator\" content=\"All in One SEO (AIOSEO) 5.0.1.1\" \/>\n\t\t<meta property=\"og:locale\" content=\"es_MX\" \/>\n\t\t<meta property=\"og:site_name\" content=\"-\" \/>\n\t\t<meta property=\"og:type\" content=\"article\" \/>\n\t\t<meta property=\"og:title\" content=\"TAEMIN sacudir\u00e1 Monterrey con su gira WORLD TOUR [LiMiNaL]\u201d -\" \/>\n\t\t<meta property=\"og:description\" content=\"Monterrey, NL El aclamado solista y miembro de SHINee, TAEMIN, ha confirmado oficialmente su debut en tierras regiomontanas el pr\u00f3ximo mi\u00e9rcoles 28 de octubre de 2026 a las 8:00 PM, eligiendo el escenario de la Arena Monterrey como parte de su gira por latinoamerica. El concierto se enmarca dentro de su ambicioso recorrido internacional &quot;2026-27\" \/>\n\t\t<meta property=\"og:url\" content=\"https:\/\/digitalreportmx.com\/index.php\/2026\/08\/31\/taemin-sacudira-la-monterrey-con-su-gira-world-tour-liminal\/\" \/>\n\t\t<meta property=\"og:image\" content=\"https:\/\/digitalreportmx.com\/wp-content\/uploads\/2024\/02\/cropped-cropped-DRLOGO-1.jpg\" \/>\n\t\t<meta property=\"og:image:secure_url\" content=\"https:\/\/digitalreportmx.com\/wp-content\/uploads\/2024\/02\/cropped-cropped-DRLOGO-1.jpg\" \/>\n\t\t<meta property=\"article:published_time\" content=\"2026-09-01T01:16:18+00:00\" \/>\n\t\t<meta property=\"article:modified_time\" content=\"2026-09-01T01:18:14+00:00\" \/>\n\t\t<meta name=\"twitter:card\" content=\"summary_large_image\" \/>\n\t\t<meta name=\"twitter:title\" content=\"TAEMIN sacudir\u00e1 Monterrey con su gira WORLD TOUR [LiMiNaL]\u201d -\" \/>\n\t\t<meta name=\"twitter:description\" content=\"Monterrey, NL El aclamado solista y miembro de SHINee, TAEMIN, ha confirmado oficialmente su debut en tierras regiomontanas el pr\u00f3ximo mi\u00e9rcoles 28 de octubre de 2026 a las 8:00 PM, eligiendo el escenario de la Arena Monterrey como parte de su gira por latinoamerica. El concierto se enmarca dentro de su ambicioso recorrido internacional &quot;2026-27\" \/>\n\t\t<meta name=\"twitter:image\" content=\"https:\/\/digitalreportmx.com\/wp-content\/uploads\/2024\/02\/cropped-cropped-DRLOGO-1.jpg\" \/>\n\t\t<script type=\"application\/ld+json\" class=\"aioseo-schema\">\n\t\t\t{\"@context\":\"https:\\\/\\\/schema.org\",\"@graph\":[{\"@type\":\"BlogPosting\",\"@id\":\"https:\\\/\\\/digitalreportmx.com\\\/index.php\\\/2026\\\/08\\\/31\\\/taemin-sacudira-la-monterrey-con-su-gira-world-tour-liminal\\\/#blogposting\",\"name\":\"TAEMIN sacudir\\u00e1 Monterrey con su gira WORLD TOUR [LiMiNaL]\\u201d -\",\"headline\":\"TAEMIN sacudir\\u00e1 Monterrey con su gira WORLD TOUR [LiMiNaL]&#8221;\",\"author\":{\"@id\":\"https:\\\/\\\/digitalreportmx.com\\\/index.php\\\/author\\\/digitalreportmx-com\\\/#author\"},\"publisher\":{\"@id\":\"https:\\\/\\\/digitalreportmx.com\\\/#organization\"},\"image\":{\"@type\":\"ImageObject\",\"url\":\"https:\\\/\\\/digitalreportmx.com\\\/wp-content\\\/uploads\\\/2026\\\/08\\\/IMG-20260831-WA0248.jpg\",\"width\":1280,\"height\":1600},\"datePublished\":\"2026-08-31T19:16:18-06:00\",\"dateModified\":\"2026-08-31T19:18:14-06:00\",\"inLanguage\":\"es-MX\",\"mainEntityOfPage\":{\"@id\":\"https:\\\/\\\/digitalreportmx.com\\\/index.php\\\/2026\\\/08\\\/31\\\/taemin-sacudira-la-monterrey-con-su-gira-world-tour-liminal\\\/#webpage\"},\"isPartOf\":{\"@id\":\"https:\\\/\\\/digitalreportmx.com\\\/index.php\\\/2026\\\/08\\\/31\\\/taemin-sacudira-la-monterrey-con-su-gira-world-tour-liminal\\\/#webpage\"},\"articleSection\":\"-Relevante, JET-SET\"},{\"@type\":\"BreadcrumbList\",\"@id\":\"https:\\\/\\\/digitalreportmx.com\\\/index.php\\\/2026\\\/08\\\/31\\\/taemin-sacudira-la-monterrey-con-su-gira-world-tour-liminal\\\/#breadcrumblist\",\"itemListElement\":[{\"@type\":\"ListItem\",\"@id\":\"https:\\\/\\\/digitalreportmx.com#listItem\",\"position\":1,\"name\":\"Home\",\"item\":\"https:\\\/\\\/digitalreportmx.com\",\"nextItem\":{\"@type\":\"ListItem\",\"@id\":\"https:\\\/\\\/digitalreportmx.com\\\/index.php\\\/category\\\/jet-set\\\/#listItem\",\"name\":\"JET-SET\"}},{\"@type\":\"ListItem\",\"@id\":\"https:\\\/\\\/digitalreportmx.com\\\/index.php\\\/category\\\/jet-set\\\/#listItem\",\"position\":2,\"name\":\"JET-SET\",\"item\":\"https:\\\/\\\/digitalreportmx.com\\\/index.php\\\/category\\\/jet-set\\\/\",\"nextItem\":{\"@type\":\"ListItem\",\"@id\":\"https:\\\/\\\/digitalreportmx.com\\\/index.php\\\/2026\\\/08\\\/31\\\/taemin-sacudira-la-monterrey-con-su-gira-world-tour-liminal\\\/#listItem\",\"name\":\"TAEMIN sacudir\\u00e1 Monterrey con su gira WORLD TOUR [LiMiNaL]&#8221;\"},\"previousItem\":{\"@type\":\"ListItem\",\"@id\":\"https:\\\/\\\/digitalreportmx.com#listItem\",\"name\":\"Home\"}},{\"@type\":\"ListItem\",\"@id\":\"https:\\\/\\\/digitalreportmx.com\\\/index.php\\\/2026\\\/08\\\/31\\\/taemin-sacudira-la-monterrey-con-su-gira-world-tour-liminal\\\/#listItem\",\"position\":3,\"name\":\"TAEMIN sacudir\\u00e1 Monterrey con su gira WORLD TOUR [LiMiNaL]&#8221;\",\"previousItem\":{\"@type\":\"ListItem\",\"@id\":\"https:\\\/\\\/digitalreportmx.com\\\/index.php\\\/category\\\/jet-set\\\/#listItem\",\"name\":\"JET-SET\"}}]},{\"@type\":\"Organization\",\"@id\":\"https:\\\/\\\/digitalreportmx.com\\\/#organization\",\"name\":\"digitalreportmx.com\",\"url\":\"https:\\\/\\\/digitalreportmx.com\\\/\",\"logo\":{\"@type\":\"ImageObject\",\"url\":\"https:\\\/\\\/digitalreportmx.com\\\/wp-content\\\/uploads\\\/2024\\\/02\\\/cropped-cropped-DRLOGO-1.jpg\",\"@id\":\"https:\\\/\\\/digitalreportmx.com\\\/index.php\\\/2026\\\/08\\\/31\\\/taemin-sacudira-la-monterrey-con-su-gira-world-tour-liminal\\\/#organizationLogo\",\"width\":1693,\"height\":281},\"image\":{\"@id\":\"https:\\\/\\\/digitalreportmx.com\\\/index.php\\\/2026\\\/08\\\/31\\\/taemin-sacudira-la-monterrey-con-su-gira-world-tour-liminal\\\/#organizationLogo\"}},{\"@type\":\"Person\",\"@id\":\"https:\\\/\\\/digitalreportmx.com\\\/index.php\\\/author\\\/digitalreportmx-com\\\/#author\",\"url\":\"https:\\\/\\\/digitalreportmx.com\\\/index.php\\\/author\\\/digitalreportmx-com\\\/\",\"name\":\"digitalreportmx.com\",\"image\":{\"@type\":\"ImageObject\",\"@id\":\"https:\\\/\\\/digitalreportmx.com\\\/index.php\\\/2026\\\/08\\\/31\\\/taemin-sacudira-la-monterrey-con-su-gira-world-tour-liminal\\\/#authorImage\",\"url\":\"https:\\\/\\\/secure.gravatar.com\\\/avatar\\\/2188078a0605d73ef57c1a9ac85e5a46c94d745432f7d01a9f4feac443943526?s=96&d=mm&r=g\",\"width\":96,\"height\":96,\"caption\":\"digitalreportmx.com\"}},{\"@type\":\"WebPage\",\"@id\":\"https:\\\/\\\/digitalreportmx.com\\\/index.php\\\/2026\\\/08\\\/31\\\/taemin-sacudira-la-monterrey-con-su-gira-world-tour-liminal\\\/#webpage\",\"url\":\"https:\\\/\\\/digitalreportmx.com\\\/index.php\\\/2026\\\/08\\\/31\\\/taemin-sacudira-la-monterrey-con-su-gira-world-tour-liminal\\\/\",\"name\":\"TAEMIN sacudir\\u00e1 Monterrey con su gira WORLD TOUR [LiMiNaL]\\u201d -\",\"description\":\"Monterrey, NL El aclamado solista y miembro de SHINee, TAEMIN, ha confirmado oficialmente su debut en tierras regiomontanas el pr\\u00f3ximo mi\\u00e9rcoles 28 de octubre de 2026 a las 8:00 PM, eligiendo el escenario de la Arena Monterrey como parte de su gira por latinoamerica. El concierto se enmarca dentro de su ambicioso recorrido internacional \\\"2026-27\",\"inLanguage\":\"es-MX\",\"isPartOf\":{\"@id\":\"https:\\\/\\\/digitalreportmx.com\\\/#website\"},\"breadcrumb\":{\"@id\":\"https:\\\/\\\/digitalreportmx.com\\\/index.php\\\/2026\\\/08\\\/31\\\/taemin-sacudira-la-monterrey-con-su-gira-world-tour-liminal\\\/#breadcrumblist\"},\"author\":{\"@id\":\"https:\\\/\\\/digitalreportmx.com\\\/index.php\\\/author\\\/digitalreportmx-com\\\/#author\"},\"creator\":{\"@id\":\"https:\\\/\\\/digitalreportmx.com\\\/index.php\\\/author\\\/digitalreportmx-com\\\/#author\"},\"image\":{\"@type\":\"ImageObject\",\"url\":\"https:\\\/\\\/digitalreportmx.com\\\/wp-content\\\/uploads\\\/2026\\\/08\\\/IMG-20260831-WA0248.jpg\",\"@id\":\"https:\\\/\\\/digitalreportmx.com\\\/index.php\\\/2026\\\/08\\\/31\\\/taemin-sacudira-la-monterrey-con-su-gira-world-tour-liminal\\\/#mainImage\",\"width\":1280,\"height\":1600},\"primaryImageOfPage\":{\"@id\":\"https:\\\/\\\/digitalreportmx.com\\\/index.php\\\/2026\\\/08\\\/31\\\/taemin-sacudira-la-monterrey-con-su-gira-world-tour-liminal\\\/#mainImage\"},\"datePublished\":\"2026-08-31T19:16:18-06:00\",\"dateModified\":\"2026-08-31T19:18:14-06:00\"},{\"@type\":\"WebSite\",\"@id\":\"https:\\\/\\\/digitalreportmx.com\\\/#website\",\"url\":\"https:\\\/\\\/digitalreportmx.com\\\/\",\"name\":\"digitalreportmx.com\",\"inLanguage\":\"es-MX\",\"publisher\":{\"@id\":\"https:\\\/\\\/digitalreportmx.com\\\/#organization\"}}]}\n\t\t<\/script>\n\t\t<!-- All in One SEO -->\n\n","aioseo_head_json":{"title":"TAEMIN sacudir\u00e1 Monterrey con su gira WORLD TOUR [LiMiNaL]\u201d -","description":"Monterrey, NL El aclamado solista y miembro de SHINee, TAEMIN, ha confirmado oficialmente su debut en tierras regiomontanas el pr\u00f3ximo mi\u00e9rcoles 28 de octubre de 2026 a las 8:00 PM, eligiendo el escenario de la Arena Monterrey como parte de su gira por latinoamerica. El concierto se enmarca dentro de su ambicioso recorrido internacional \"2026-27","canonical_url":"https:\/\/digitalreportmx.com\/index.php\/2026\/08\/31\/taemin-sacudira-la-monterrey-con-su-gira-world-tour-liminal\/","robots":"max-image-preview:large","keywords":"","webmasterTools":{"miscellaneous":""},"schema":{"@context":"https:\/\/schema.org","@graph":[{"@type":"BlogPosting","@id":"https:\/\/digitalreportmx.com\/index.php\/2026\/08\/31\/taemin-sacudira-la-monterrey-con-su-gira-world-tour-liminal\/#blogposting","name":"TAEMIN sacudir\u00e1 Monterrey con su gira WORLD TOUR [LiMiNaL]\u201d -","headline":"TAEMIN sacudir\u00e1 Monterrey con su gira WORLD TOUR [LiMiNaL]&#8221;","author":{"@id":"https:\/\/digitalreportmx.com\/index.php\/author\/digitalreportmx-com\/#author"},"publisher":{"@id":"https:\/\/digitalreportmx.com\/#organization"},"image":{"@type":"ImageObject","url":"https:\/\/digitalreportmx.com\/wp-content\/uploads\/2026\/08\/IMG-20260831-WA0248.jpg","width":1280,"height":1600},"datePublished":"2026-08-31T19:16:18-06:00","dateModified":"2026-08-31T19:18:14-06:00","inLanguage":"es-MX","mainEntityOfPage":{"@id":"https:\/\/digitalreportmx.com\/index.php\/2026\/08\/31\/taemin-sacudira-la-monterrey-con-su-gira-world-tour-liminal\/#webpage"},"isPartOf":{"@id":"https:\/\/digitalreportmx.com\/index.php\/2026\/08\/31\/taemin-sacudira-la-monterrey-con-su-gira-world-tour-liminal\/#webpage"},"articleSection":"-Relevante, JET-SET"},{"@type":"BreadcrumbList","@id":"https:\/\/digitalreportmx.com\/index.php\/2026\/08\/31\/taemin-sacudira-la-monterrey-con-su-gira-world-tour-liminal\/#breadcrumblist","itemListElement":[{"@type":"ListItem","@id":"https:\/\/digitalreportmx.com#listItem","position":1,"name":"Home","item":"https:\/\/digitalreportmx.com","nextItem":{"@type":"ListItem","@id":"https:\/\/digitalreportmx.com\/index.php\/category\/jet-set\/#listItem","name":"JET-SET"}},{"@type":"ListItem","@id":"https:\/\/digitalreportmx.com\/index.php\/category\/jet-set\/#listItem","position":2,"name":"JET-SET","item":"https:\/\/digitalreportmx.com\/index.php\/category\/jet-set\/","nextItem":{"@type":"ListItem","@id":"https:\/\/digitalreportmx.com\/index.php\/2026\/08\/31\/taemin-sacudira-la-monterrey-con-su-gira-world-tour-liminal\/#listItem","name":"TAEMIN sacudir\u00e1 Monterrey con su gira WORLD TOUR [LiMiNaL]&#8221;"},"previousItem":{"@type":"ListItem","@id":"https:\/\/digitalreportmx.com#listItem","name":"Home"}},{"@type":"ListItem","@id":"https:\/\/digitalreportmx.com\/index.php\/2026\/08\/31\/taemin-sacudira-la-monterrey-con-su-gira-world-tour-liminal\/#listItem","position":3,"name":"TAEMIN sacudir\u00e1 Monterrey con su gira WORLD TOUR [LiMiNaL]&#8221;","previousItem":{"@type":"ListItem","@id":"https:\/\/digitalreportmx.com\/index.php\/category\/jet-set\/#listItem","name":"JET-SET"}}]},{"@type":"Organization","@id":"https:\/\/digitalreportmx.com\/#organization","name":"digitalreportmx.com","url":"https:\/\/digitalreportmx.com\/","logo":{"@type":"ImageObject","url":"https:\/\/digitalreportmx.com\/wp-content\/uploads\/2024\/02\/cropped-cropped-DRLOGO-1.jpg","@id":"https:\/\/digitalreportmx.com\/index.php\/2026\/08\/31\/taemin-sacudira-la-monterrey-con-su-gira-world-tour-liminal\/#organizationLogo","width":1693,"height":281},"image":{"@id":"https:\/\/digitalreportmx.com\/index.php\/2026\/08\/31\/taemin-sacudira-la-monterrey-con-su-gira-world-tour-liminal\/#organizationLogo"}},{"@type":"Person","@id":"https:\/\/digitalreportmx.com\/index.php\/author\/digitalreportmx-com\/#author","url":"https:\/\/digitalreportmx.com\/index.php\/author\/digitalreportmx-com\/","name":"digitalreportmx.com","image":{"@type":"ImageObject","@id":"https:\/\/digitalreportmx.com\/index.php\/2026\/08\/31\/taemin-sacudira-la-monterrey-con-su-gira-world-tour-liminal\/#authorImage","url":"https:\/\/secure.gravatar.com\/avatar\/2188078a0605d73ef57c1a9ac85e5a46c94d745432f7d01a9f4feac443943526?s=96&d=mm&r=g","width":96,"height":96,"caption":"digitalreportmx.com"}},{"@type":"WebPage","@id":"https:\/\/digitalreportmx.com\/index.php\/2026\/08\/31\/taemin-sacudira-la-monterrey-con-su-gira-world-tour-liminal\/#webpage","url":"https:\/\/digitalreportmx.com\/index.php\/2026\/08\/31\/taemin-sacudira-la-monterrey-con-su-gira-world-tour-liminal\/","name":"TAEMIN sacudir\u00e1 Monterrey con su gira WORLD TOUR [LiMiNaL]\u201d -","description":"Monterrey, NL El aclamado solista y miembro de SHINee, TAEMIN, ha confirmado oficialmente su debut en tierras regiomontanas el pr\u00f3ximo mi\u00e9rcoles 28 de octubre de 2026 a las 8:00 PM, eligiendo el escenario de la Arena Monterrey como parte de su gira por latinoamerica. El concierto se enmarca dentro de su ambicioso recorrido internacional \"2026-27","inLanguage":"es-MX","isPartOf":{"@id":"https:\/\/digitalreportmx.com\/#website"},"breadcrumb":{"@id":"https:\/\/digitalreportmx.com\/index.php\/2026\/08\/31\/taemin-sacudira-la-monterrey-con-su-gira-world-tour-liminal\/#breadcrumblist"},"author":{"@id":"https:\/\/digitalreportmx.com\/index.php\/author\/digitalreportmx-com\/#author"},"creator":{"@id":"https:\/\/digitalreportmx.com\/index.php\/author\/digitalreportmx-com\/#author"},"image":{"@type":"ImageObject","url":"https:\/\/digitalreportmx.com\/wp-content\/uploads\/2026\/08\/IMG-20260831-WA0248.jpg","@id":"https:\/\/digitalreportmx.com\/index.php\/2026\/08\/31\/taemin-sacudira-la-monterrey-con-su-gira-world-tour-liminal\/#mainImage","width":1280,"height":1600},"primaryImageOfPage":{"@id":"https:\/\/digitalreportmx.com\/index.php\/2026\/08\/31\/taemin-sacudira-la-monterrey-con-su-gira-world-tour-liminal\/#mainImage"},"datePublished":"2026-08-31T19:16:18-06:00","dateModified":"2026-08-31T19:18:14-06:00"},{"@type":"WebSite","@id":"https:\/\/digitalreportmx.com\/#website","url":"https:\/\/digitalreportmx.com\/","name":"digitalreportmx.com","inLanguage":"es-MX","publisher":{"@id":"https:\/\/digitalreportmx.com\/#organization"}}]},"og:locale":"es_MX","og:site_name":"-","og:type":"article","og:title":"TAEMIN sacudir\u00e1 Monterrey con su gira WORLD TOUR [LiMiNaL]\u201d -","og:description":"Monterrey, NL El aclamado solista y miembro de SHINee, TAEMIN, ha confirmado oficialmente su debut en tierras regiomontanas el pr\u00f3ximo mi\u00e9rcoles 28 de octubre de 2026 a las 8:00 PM, eligiendo el escenario de la Arena Monterrey como parte de su gira por latinoamerica. El concierto se enmarca dentro de su ambicioso recorrido internacional &quot;2026-27","og:url":"https:\/\/digitalreportmx.com\/index.php\/2026\/08\/31\/taemin-sacudira-la-monterrey-con-su-gira-world-tour-liminal\/","og:image":"https:\/\/digitalreportmx.com\/wp-content\/uploads\/2024\/02\/cropped-cropped-DRLOGO-1.jpg","og:image:secure_url":"https:\/\/digitalreportmx.com\/wp-content\/uploads\/2024\/02\/cropped-cropped-DRLOGO-1.jpg","article:published_time":"2026-09-01T01:16:18+00:00","article:modified_time":"2026-09-01T01:18:14+00:00","twitter:card":"summary_large_image","twitter:title":"TAEMIN sacudir\u00e1 Monterrey con su gira WORLD TOUR [LiMiNaL]\u201d -","twitter:description":"Monterrey, NL El aclamado solista y miembro de SHINee, TAEMIN, ha confirmado oficialmente su debut en tierras regiomontanas el pr\u00f3ximo mi\u00e9rcoles 28 de octubre de 2026 a las 8:00 PM, eligiendo el escenario de la Arena Monterrey como parte de su gira por latinoamerica. El concierto se enmarca dentro de su ambicioso recorrido internacional &quot;2026-27","twitter:image":"https:\/\/digitalreportmx.com\/wp-content\/uploads\/2024\/02\/cropped-cropped-DRLOGO-1.jpg"},"aioseo_meta_data":{"post_id":"45745","title":null,"description":null,"keywords":null,"keyphrases":{"focus":{"keyphrase":"","score":0,"analysis":{"keyphraseInTitle":{"score":0,"maxScore":9,"error":1}}},"additional":[]},"primary_term":null,"canonical_url":null,"og_title":null,"og_description":null,"og_object_type":"default","og_image_type":"default","og_image_url":null,"og_image_width":null,"og_image_height":null,"og_image_custom_url":null,"og_image_custom_fields":null,"og_video":"","og_custom_url":null,"og_article_section":null,"og_article_tags":null,"twitter_use_og":false,"twitter_card":"default","twitter_image_type":"default","twitter_image_url":null,"twitter_image_custom_url":null,"twitter_image_custom_fields":null,"twitter_title":null,"twitter_description":null,"schema":{"blockGraphs":[],"customGraphs":[],"default":{"data":{"Article":[],"Course":[],"Dataset":[],"FAQPage":[],"Movie":[],"Person":[],"Product":[],"ProductReview":[],"Car":[],"Recipe":[],"Service":[],"SoftwareApplication":[],"WebPage":[]},"graphName":"BlogPosting","isEnabled":true},"graphs":[]},"schema_type":"default","schema_type_options":null,"pillar_content":false,"robots_default":true,"robots_noindex":false,"robots_noarchive":false,"robots_nosnippet":false,"robots_nofollow":false,"robots_noimageindex":false,"robots_noodp":false,"robots_notranslate":false,"robots_max_snippet":"-1","robots_max_videopreview":"-1","robots_max_imagepreview":"large","priority":null,"frequency":"default","local_seo":null,"breadcrumb_settings":null,"limit_modified_date":false,"ai":{"faqs":[],"keyPoints":[],"schemas":[],"titles":[],"descriptions":[],"socialPosts":{"email":{"subject":"","preview":"","content":""},"linkedin":[],"twitter":[],"facebook":[],"instagram":[]}},"created":"2026-09-01 01:16:19","updated":"2026-09-01 01:19:27","seo_analyzer_scan_date":null,"focus_keyword":null,"additional_keywords":null,"truseo_locale":null},"aioseo_breadcrumb":"<div class=\"aioseo-breadcrumbs\"><span class=\"aioseo-breadcrumb\">\n\t\t\t<a href=\"https:\/\/digitalreportmx.com\" title=\"Home\">Home<\/a>\n\t\t<\/span><span class=\"aioseo-breadcrumb-separator\">&raquo;<\/span><span class=\"aioseo-breadcrumb\">\n\t\t\t<a href=\"https:\/\/digitalreportmx.com\/index.php\/category\/jet-set\/\" title=\"JET-SET\">JET-SET<\/a>\n\t\t<\/span><span class=\"aioseo-breadcrumb-separator\">&raquo;<\/span><span class=\"aioseo-breadcrumb\">\n\t\t\tTAEMIN sacudir\u00e1 Monterrey con su gira WORLD TOUR [LiMiNaL]\u201d\n\t\t<\/span><\/div>","aioseo_breadcrumb_json":[{"label":"Home","link":"https:\/\/digitalreportmx.com"},{"label":"JET-SET","link":"https:\/\/digitalreportmx.com\/index.php\/category\/jet-set\/"},{"label":"TAEMIN sacudir\u00e1 Monterrey con su gira WORLD TOUR [LiMiNaL]&#8221;","link":"https:\/\/digitalreportmx.com\/index.php\/2026\/08\/31\/taemin-sacudira-la-monterrey-con-su-gira-world-tour-liminal\/"}],"_links":{"self":[{"href":"https:\/\/digitalreportmx.com\/index.php\/wp-json\/wp\/v2\/posts\/45745","targetHints":{"allow":["GET"]}}],"collection":[{"href":"https:\/\/digitalreportmx.com\/index.php\/wp-json\/wp\/v2\/posts"}],"about":[{"href":"https:\/\/digitalreportmx.com\/index.php\/wp-json\/wp\/v2\/types\/post"}],"author":[{"embeddable":true,"href":"https:\/\/digitalreportmx.com\/index.php\/wp-json\/wp\/v2\/users\/1"}],"replies":[{"embeddable":true,"href":"https:\/\/digitalreportmx.com\/index.php\/wp-json\/wp\/v2\/comments?post=45745"}],"version-history":[{"count":2,"href":"https:\/\/digitalreportmx.com\/index.php\/wp-json\/wp\/v2\/posts\/45745\/revisions"}],"predecessor-version":[{"id":45752,"href":"https:\/\/digitalreportmx.com\/index.php\/wp-json\/wp\/v2\/posts\/45745\/revisions\/45752"}],"wp:featuredmedia":[{"embeddable":true,"href":"https:\/\/digitalreportmx.com\/index.php\/wp-json\/wp\/v2\/media\/45746"}],"wp:attachment":[{"href":"https:\/\/digitalreportmx.com\/index.php\/wp-json\/wp\/v2\/media?parent=45745"}],"wp:term":[{"taxonomy":"category","embeddable":true,"href":"https:\/\/digitalreportmx.com\/index.php\/wp-json\/wp\/v2\/categories?post=45745"},{"taxonomy":"post_tag","embeddable":true,"href":"https:\/\/digitalreportmx.com\/index.php\/wp-json\/wp\/v2\/tags?post=45745"}],"curies":[{"name":"wp","href":"https:\/\/api.w.org\/{rel}","templated":true}]}}