{"id":45776,"date":"2026-09-01T15:36:55","date_gmt":"2026-09-01T21:36:55","guid":{"rendered":"https:\/\/digitalreportmx.com\/?p=45776"},"modified":"2026-09-01T15:38:40","modified_gmt":"2026-09-01T21:38:40","slug":"inician-san-pedro-y-cfe-rehabilitacion-de-equipo-electrico","status":"publish","type":"post","link":"https:\/\/digitalreportmx.com\/index.php\/2026\/09\/01\/inician-san-pedro-y-cfe-rehabilitacion-de-equipo-electrico\/","title":{"rendered":"Rehabilitan San Pedro y CFE infraestructura el\u00e9ctrica"},"content":{"rendered":"\n<p>San Pedro Garza Garc\u00eda, NL<\/p>\n\n\n\n<p>El Municipio de San Pedro Garza Garc\u00eda, en coordinaci\u00f3n con la Comisi\u00f3n Federal de Electricidad (CFE), arranc\u00f3 los trabajos de rehabilitaci\u00f3n de la infraestructura el\u00e9ctrica con el objetivo de mejorar las condiciones de la red y el suministro para la comunidad sampetrina.<\/p>\n\n\n\n<p>El Alcalde Mauricio Farah Giacom\u00e1n supervis\u00f3 el arranque de las labores en el sector franc\u00e9s de Valle de San \u00c1ngel, donde inicialmente se contempla el reemplazo de cuatro postes y ocho transformadores que presentan da\u00f1os y requieren ser sustituidos, y se realizar\u00e1n trabajos de poda especializada.<\/p>\n\n\n\n<p>Como parte de este programa de rehabilitaci\u00f3n, la CFE reemplazar\u00e1 150 postes que se encuentran en malas condiciones en distintos puntos del municipio, adem\u00e1s de realizar podas especializadas en zonas donde la vegetaci\u00f3n representa un riesgo para la infraestructura el\u00e9ctrica.<\/p>\n\n\n\n<figure class=\"wp-block-image size-large\"><img loading=\"lazy\" decoding=\"async\" width=\"1024\" height=\"682\" src=\"https:\/\/digitalreportmx.com\/wp-content\/uploads\/2026\/09\/1000379552-1024x682.jpg\" alt=\"\" class=\"wp-image-45780\" srcset=\"https:\/\/digitalreportmx.com\/wp-content\/uploads\/2026\/09\/1000379552-1024x682.jpg 1024w, https:\/\/digitalreportmx.com\/wp-content\/uploads\/2026\/09\/1000379552-300x200.jpg 300w, https:\/\/digitalreportmx.com\/wp-content\/uploads\/2026\/09\/1000379552-768x512.jpg 768w, https:\/\/digitalreportmx.com\/wp-content\/uploads\/2026\/09\/1000379552-1536x1023.jpg 1536w, https:\/\/digitalreportmx.com\/wp-content\/uploads\/2026\/09\/1000379552.jpg 1600w\" sizes=\"auto, (max-width: 1024px) 100vw, 1024px\" \/><\/figure>\n\n\n\n<p>\u201cTraemos este operativo que quedamos en esa reuni\u00f3n, donde CFE nos iba a estar apoyando en este macrooperativo; la idea aqu\u00ed es inmediatamente cambiar 8 postes que est\u00e1n en muy malas condiciones y se van a cambiar alrededor de todo el municipio 150\u201c, indic\u00f3 Farah Giacom\u00e1n.<\/p>\n\n\n\n<p>\u201cLa verdad, quiero agradecerle much\u00edsimo a CFE por esta, pues, por esta colaboraci\u00f3n y este compromiso que tuvimos ya hace un par de semanas para esta colonia en espec\u00edfico\u201d.<\/p>\n\n\n\n<figure class=\"wp-block-image size-large\"><img loading=\"lazy\" decoding=\"async\" width=\"1024\" height=\"682\" src=\"https:\/\/digitalreportmx.com\/wp-content\/uploads\/2026\/09\/1000379551-1024x682.jpg\" alt=\"\" class=\"wp-image-45781\" srcset=\"https:\/\/digitalreportmx.com\/wp-content\/uploads\/2026\/09\/1000379551-1024x682.jpg 1024w, https:\/\/digitalreportmx.com\/wp-content\/uploads\/2026\/09\/1000379551-300x200.jpg 300w, https:\/\/digitalreportmx.com\/wp-content\/uploads\/2026\/09\/1000379551-768x512.jpg 768w, https:\/\/digitalreportmx.com\/wp-content\/uploads\/2026\/09\/1000379551-1536x1023.jpg 1536w, https:\/\/digitalreportmx.com\/wp-content\/uploads\/2026\/09\/1000379551.jpg 1600w\" sizes=\"auto, (max-width: 1024px) 100vw, 1024px\" \/><\/figure>\n\n\n\n<p>Durante el inicio de los trabajos, Javier Artemio Cisneros Garza, Superintendente de la Zona de Distribuci\u00f3n Metropolitana Poniente de la CFE, se\u00f1al\u00f3 que las labores se mantendr\u00e1n de manera coordinada hasta lograr una mejora sustancial de la infraestructura el\u00e9ctrica del municipio.<\/p>\n\n\n\n<p>El Alcalde destac\u00f3 que, tras sostener una reuni\u00f3n con el Gerente Regional de la CFE hace tres semanas, se estableci\u00f3 una coordinaci\u00f3n para atender una de las principales necesidades relacionadas con los servicios p\u00fablicos en distintos sectores de San Pedro.<\/p>\n\n\n\n<figure class=\"wp-block-image size-large\"><img loading=\"lazy\" decoding=\"async\" width=\"1024\" height=\"682\" src=\"https:\/\/digitalreportmx.com\/wp-content\/uploads\/2026\/09\/1000379550-1024x682.jpg\" alt=\"\" class=\"wp-image-45783\" srcset=\"https:\/\/digitalreportmx.com\/wp-content\/uploads\/2026\/09\/1000379550-1024x682.jpg 1024w, https:\/\/digitalreportmx.com\/wp-content\/uploads\/2026\/09\/1000379550-300x200.jpg 300w, https:\/\/digitalreportmx.com\/wp-content\/uploads\/2026\/09\/1000379550-768x512.jpg 768w, https:\/\/digitalreportmx.com\/wp-content\/uploads\/2026\/09\/1000379550-1536x1024.jpg 1536w, https:\/\/digitalreportmx.com\/wp-content\/uploads\/2026\/09\/1000379550-2048x1365.jpg 2048w\" sizes=\"auto, (max-width: 1024px) 100vw, 1024px\" \/><\/figure>\n\n\n\n<p><br>Como parte de estos esfuerzos, el Municipio destinar\u00e1 25 millones de pesos para trabajos de rehabilitaci\u00f3n de infraestructura en distintos puntos de San Pedro Garza Garc\u00eda, incluyendo sectores como F\u00e1tima y Jardines del Valle, con el prop\u00f3sito de atender necesidades prioritarias y mejorar las condiciones de las colonias.<\/p>\n\n\n\n<p>Al evento acudieron Miguel \u00c1ngel \u00c1vila Jaime, Secretario de Servicios P\u00fablicos y Mantenimiento de la Ciudad, y Ricardo Sandoval Ortega, Director de Infraestructura El\u00e9ctrica y Comunicaciones de la Secretar\u00eda de Servicios P\u00fablicos y Mantenimiento de la Ciudad.<\/p>\n","protected":false},"excerpt":{"rendered":"<p>San Pedro Garza Garc\u00eda, NL El Municipio de San Pedro Garza Garc\u00eda, en coordinaci\u00f3n con la Comisi\u00f3n Federal de Electricidad (CFE), arranc\u00f3 los trabajos de rehabilitaci\u00f3n de la infraestructura el\u00e9ctrica con el objetivo de mejorar las condiciones de la red y el suministro para la comunidad sampetrina. El Alcalde Mauricio Farah Giacom\u00e1n supervis\u00f3 el arranque [&hellip;]<\/p>\n","protected":false},"author":1,"featured_media":45778,"comment_status":"open","ping_status":"open","sticky":false,"template":"","format":"standard","meta":{"om_disable_all_campaigns":false,"_monsterinsights_skip_tracking":false,"_uf_show_specific_survey":0,"_uf_disable_surveys":false,"footnotes":""},"categories":[16,13],"tags":[],"class_list":["post-45776","post","type-post","status-publish","format-standard","has-post-thumbnail","hentry","category-relevante-2","category-reporte-local"],"aioseo_notices":[],"aioseo_head":"\n\t\t<!-- All in One SEO 5.0.1.1 - aioseo.com -->\n\t<meta name=\"description\" content=\"San Pedro Garza Garc\u00eda, NL El Municipio de San Pedro Garza Garc\u00eda, en coordinaci\u00f3n con la Comisi\u00f3n Federal de Electricidad (CFE), arranc\u00f3 los trabajos de rehabilitaci\u00f3n de la infraestructura el\u00e9ctrica con el objetivo de mejorar las condiciones de la red y el suministro para la comunidad sampetrina. El Alcalde Mauricio Farah Giacom\u00e1n supervis\u00f3 el arranque\" \/>\n\t<meta name=\"robots\" content=\"max-image-preview:large\" \/>\n\t<meta name=\"author\" content=\"digitalreportmx.com\"\/>\n\t<link rel=\"canonical\" href=\"https:\/\/digitalreportmx.com\/index.php\/2026\/09\/01\/inician-san-pedro-y-cfe-rehabilitacion-de-equipo-electrico\/\" \/>\n\t<meta name=\"generator\" content=\"All in One SEO (AIOSEO) 5.0.1.1\" \/>\n\t\t<meta property=\"og:locale\" content=\"es_MX\" \/>\n\t\t<meta property=\"og:site_name\" content=\"-\" \/>\n\t\t<meta property=\"og:type\" content=\"article\" \/>\n\t\t<meta property=\"og:title\" content=\"Rehabilitan San Pedro y CFE infraestructura el\u00e9ctrica -\" \/>\n\t\t<meta property=\"og:description\" content=\"San Pedro Garza Garc\u00eda, NL El Municipio de San Pedro Garza Garc\u00eda, en coordinaci\u00f3n con la Comisi\u00f3n Federal de Electricidad (CFE), arranc\u00f3 los trabajos de rehabilitaci\u00f3n de la infraestructura el\u00e9ctrica con el objetivo de mejorar las condiciones de la red y el suministro para la comunidad sampetrina. El Alcalde Mauricio Farah Giacom\u00e1n supervis\u00f3 el arranque\" \/>\n\t\t<meta property=\"og:url\" content=\"https:\/\/digitalreportmx.com\/index.php\/2026\/09\/01\/inician-san-pedro-y-cfe-rehabilitacion-de-equipo-electrico\/\" \/>\n\t\t<meta property=\"og:image\" content=\"https:\/\/digitalreportmx.com\/wp-content\/uploads\/2024\/02\/cropped-cropped-DRLOGO-1.jpg\" \/>\n\t\t<meta property=\"og:image:secure_url\" content=\"https:\/\/digitalreportmx.com\/wp-content\/uploads\/2024\/02\/cropped-cropped-DRLOGO-1.jpg\" \/>\n\t\t<meta property=\"article:published_time\" content=\"2026-09-01T21:36:55+00:00\" \/>\n\t\t<meta property=\"article:modified_time\" content=\"2026-09-01T21:38:40+00:00\" \/>\n\t\t<meta name=\"twitter:card\" content=\"summary_large_image\" \/>\n\t\t<meta name=\"twitter:title\" content=\"Rehabilitan San Pedro y CFE infraestructura el\u00e9ctrica -\" \/>\n\t\t<meta name=\"twitter:description\" content=\"San Pedro Garza Garc\u00eda, NL El Municipio de San Pedro Garza Garc\u00eda, en coordinaci\u00f3n con la Comisi\u00f3n Federal de Electricidad (CFE), arranc\u00f3 los trabajos de rehabilitaci\u00f3n de la infraestructura el\u00e9ctrica con el objetivo de mejorar las condiciones de la red y el suministro para la comunidad sampetrina. El Alcalde Mauricio Farah Giacom\u00e1n supervis\u00f3 el arranque\" \/>\n\t\t<meta name=\"twitter:image\" content=\"https:\/\/digitalreportmx.com\/wp-content\/uploads\/2024\/02\/cropped-cropped-DRLOGO-1.jpg\" \/>\n\t\t<script type=\"application\/ld+json\" class=\"aioseo-schema\">\n\t\t\t{\"@context\":\"https:\\\/\\\/schema.org\",\"@graph\":[{\"@type\":\"BlogPosting\",\"@id\":\"https:\\\/\\\/digitalreportmx.com\\\/index.php\\\/2026\\\/09\\\/01\\\/inician-san-pedro-y-cfe-rehabilitacion-de-equipo-electrico\\\/#blogposting\",\"name\":\"Rehabilitan San Pedro y CFE infraestructura el\\u00e9ctrica -\",\"headline\":\"Rehabilitan San Pedro y CFE infraestructura el\\u00e9ctrica\",\"author\":{\"@id\":\"https:\\\/\\\/digitalreportmx.com\\\/index.php\\\/author\\\/digitalreportmx-com\\\/#author\"},\"publisher\":{\"@id\":\"https:\\\/\\\/digitalreportmx.com\\\/#organization\"},\"image\":{\"@type\":\"ImageObject\",\"url\":\"https:\\\/\\\/digitalreportmx.com\\\/wp-content\\\/uploads\\\/2026\\\/09\\\/IMG-20260901-WA0078.jpg\",\"width\":1600,\"height\":1066},\"datePublished\":\"2026-09-01T15:36:55-06:00\",\"dateModified\":\"2026-09-01T15:38:40-06:00\",\"inLanguage\":\"es-MX\",\"mainEntityOfPage\":{\"@id\":\"https:\\\/\\\/digitalreportmx.com\\\/index.php\\\/2026\\\/09\\\/01\\\/inician-san-pedro-y-cfe-rehabilitacion-de-equipo-electrico\\\/#webpage\"},\"isPartOf\":{\"@id\":\"https:\\\/\\\/digitalreportmx.com\\\/index.php\\\/2026\\\/09\\\/01\\\/inician-san-pedro-y-cfe-rehabilitacion-de-equipo-electrico\\\/#webpage\"},\"articleSection\":\"Relevante, REPORTE LOCAL\"},{\"@type\":\"BreadcrumbList\",\"@id\":\"https:\\\/\\\/digitalreportmx.com\\\/index.php\\\/2026\\\/09\\\/01\\\/inician-san-pedro-y-cfe-rehabilitacion-de-equipo-electrico\\\/#breadcrumblist\",\"itemListElement\":[{\"@type\":\"ListItem\",\"@id\":\"https:\\\/\\\/digitalreportmx.com#listItem\",\"position\":1,\"name\":\"Home\",\"item\":\"https:\\\/\\\/digitalreportmx.com\",\"nextItem\":{\"@type\":\"ListItem\",\"@id\":\"https:\\\/\\\/digitalreportmx.com\\\/index.php\\\/category\\\/relevante-2\\\/#listItem\",\"name\":\"Relevante\"}},{\"@type\":\"ListItem\",\"@id\":\"https:\\\/\\\/digitalreportmx.com\\\/index.php\\\/category\\\/relevante-2\\\/#listItem\",\"position\":2,\"name\":\"Relevante\",\"item\":\"https:\\\/\\\/digitalreportmx.com\\\/index.php\\\/category\\\/relevante-2\\\/\",\"nextItem\":{\"@type\":\"ListItem\",\"@id\":\"https:\\\/\\\/digitalreportmx.com\\\/index.php\\\/category\\\/relevante-2\\\/reporte-local\\\/#listItem\",\"name\":\"REPORTE LOCAL\"},\"previousItem\":{\"@type\":\"ListItem\",\"@id\":\"https:\\\/\\\/digitalreportmx.com#listItem\",\"name\":\"Home\"}},{\"@type\":\"ListItem\",\"@id\":\"https:\\\/\\\/digitalreportmx.com\\\/index.php\\\/category\\\/relevante-2\\\/reporte-local\\\/#listItem\",\"position\":3,\"name\":\"REPORTE LOCAL\",\"item\":\"https:\\\/\\\/digitalreportmx.com\\\/index.php\\\/category\\\/relevante-2\\\/reporte-local\\\/\",\"nextItem\":{\"@type\":\"ListItem\",\"@id\":\"https:\\\/\\\/digitalreportmx.com\\\/index.php\\\/2026\\\/09\\\/01\\\/inician-san-pedro-y-cfe-rehabilitacion-de-equipo-electrico\\\/#listItem\",\"name\":\"Rehabilitan San Pedro y CFE infraestructura el\\u00e9ctrica\"},\"previousItem\":{\"@type\":\"ListItem\",\"@id\":\"https:\\\/\\\/digitalreportmx.com\\\/index.php\\\/category\\\/relevante-2\\\/#listItem\",\"name\":\"Relevante\"}},{\"@type\":\"ListItem\",\"@id\":\"https:\\\/\\\/digitalreportmx.com\\\/index.php\\\/2026\\\/09\\\/01\\\/inician-san-pedro-y-cfe-rehabilitacion-de-equipo-electrico\\\/#listItem\",\"position\":4,\"name\":\"Rehabilitan San Pedro y CFE infraestructura el\\u00e9ctrica\",\"previousItem\":{\"@type\":\"ListItem\",\"@id\":\"https:\\\/\\\/digitalreportmx.com\\\/index.php\\\/category\\\/relevante-2\\\/reporte-local\\\/#listItem\",\"name\":\"REPORTE LOCAL\"}}]},{\"@type\":\"Organization\",\"@id\":\"https:\\\/\\\/digitalreportmx.com\\\/#organization\",\"name\":\"digitalreportmx.com\",\"url\":\"https:\\\/\\\/digitalreportmx.com\\\/\",\"logo\":{\"@type\":\"ImageObject\",\"url\":\"https:\\\/\\\/digitalreportmx.com\\\/wp-content\\\/uploads\\\/2024\\\/02\\\/cropped-cropped-DRLOGO-1.jpg\",\"@id\":\"https:\\\/\\\/digitalreportmx.com\\\/index.php\\\/2026\\\/09\\\/01\\\/inician-san-pedro-y-cfe-rehabilitacion-de-equipo-electrico\\\/#organizationLogo\",\"width\":1693,\"height\":281},\"image\":{\"@id\":\"https:\\\/\\\/digitalreportmx.com\\\/index.php\\\/2026\\\/09\\\/01\\\/inician-san-pedro-y-cfe-rehabilitacion-de-equipo-electrico\\\/#organizationLogo\"}},{\"@type\":\"Person\",\"@id\":\"https:\\\/\\\/digitalreportmx.com\\\/index.php\\\/author\\\/digitalreportmx-com\\\/#author\",\"url\":\"https:\\\/\\\/digitalreportmx.com\\\/index.php\\\/author\\\/digitalreportmx-com\\\/\",\"name\":\"digitalreportmx.com\",\"image\":{\"@type\":\"ImageObject\",\"@id\":\"https:\\\/\\\/digitalreportmx.com\\\/index.php\\\/2026\\\/09\\\/01\\\/inician-san-pedro-y-cfe-rehabilitacion-de-equipo-electrico\\\/#authorImage\",\"url\":\"https:\\\/\\\/secure.gravatar.com\\\/avatar\\\/2188078a0605d73ef57c1a9ac85e5a46c94d745432f7d01a9f4feac443943526?s=96&d=mm&r=g\",\"width\":96,\"height\":96,\"caption\":\"digitalreportmx.com\"}},{\"@type\":\"WebPage\",\"@id\":\"https:\\\/\\\/digitalreportmx.com\\\/index.php\\\/2026\\\/09\\\/01\\\/inician-san-pedro-y-cfe-rehabilitacion-de-equipo-electrico\\\/#webpage\",\"url\":\"https:\\\/\\\/digitalreportmx.com\\\/index.php\\\/2026\\\/09\\\/01\\\/inician-san-pedro-y-cfe-rehabilitacion-de-equipo-electrico\\\/\",\"name\":\"Rehabilitan San Pedro y CFE infraestructura el\\u00e9ctrica -\",\"description\":\"San Pedro Garza Garc\\u00eda, NL El Municipio de San Pedro Garza Garc\\u00eda, en coordinaci\\u00f3n con la Comisi\\u00f3n Federal de Electricidad (CFE), arranc\\u00f3 los trabajos de rehabilitaci\\u00f3n de la infraestructura el\\u00e9ctrica con el objetivo de mejorar las condiciones de la red y el suministro para la comunidad sampetrina. El Alcalde Mauricio Farah Giacom\\u00e1n supervis\\u00f3 el arranque\",\"inLanguage\":\"es-MX\",\"isPartOf\":{\"@id\":\"https:\\\/\\\/digitalreportmx.com\\\/#website\"},\"breadcrumb\":{\"@id\":\"https:\\\/\\\/digitalreportmx.com\\\/index.php\\\/2026\\\/09\\\/01\\\/inician-san-pedro-y-cfe-rehabilitacion-de-equipo-electrico\\\/#breadcrumblist\"},\"author\":{\"@id\":\"https:\\\/\\\/digitalreportmx.com\\\/index.php\\\/author\\\/digitalreportmx-com\\\/#author\"},\"creator\":{\"@id\":\"https:\\\/\\\/digitalreportmx.com\\\/index.php\\\/author\\\/digitalreportmx-com\\\/#author\"},\"image\":{\"@type\":\"ImageObject\",\"url\":\"https:\\\/\\\/digitalreportmx.com\\\/wp-content\\\/uploads\\\/2026\\\/09\\\/IMG-20260901-WA0078.jpg\",\"@id\":\"https:\\\/\\\/digitalreportmx.com\\\/index.php\\\/2026\\\/09\\\/01\\\/inician-san-pedro-y-cfe-rehabilitacion-de-equipo-electrico\\\/#mainImage\",\"width\":1600,\"height\":1066},\"primaryImageOfPage\":{\"@id\":\"https:\\\/\\\/digitalreportmx.com\\\/index.php\\\/2026\\\/09\\\/01\\\/inician-san-pedro-y-cfe-rehabilitacion-de-equipo-electrico\\\/#mainImage\"},\"datePublished\":\"2026-09-01T15:36:55-06:00\",\"dateModified\":\"2026-09-01T15:38:40-06:00\"},{\"@type\":\"WebSite\",\"@id\":\"https:\\\/\\\/digitalreportmx.com\\\/#website\",\"url\":\"https:\\\/\\\/digitalreportmx.com\\\/\",\"name\":\"digitalreportmx.com\",\"inLanguage\":\"es-MX\",\"publisher\":{\"@id\":\"https:\\\/\\\/digitalreportmx.com\\\/#organization\"}}]}\n\t\t<\/script>\n\t\t<!-- All in One SEO -->\n\n","aioseo_head_json":{"title":"Rehabilitan San Pedro y CFE infraestructura el\u00e9ctrica -","description":"San Pedro Garza Garc\u00eda, NL El Municipio de San Pedro Garza Garc\u00eda, en coordinaci\u00f3n con la Comisi\u00f3n Federal de Electricidad (CFE), arranc\u00f3 los trabajos de rehabilitaci\u00f3n de la infraestructura el\u00e9ctrica con el objetivo de mejorar las condiciones de la red y el suministro para la comunidad sampetrina. El Alcalde Mauricio Farah Giacom\u00e1n supervis\u00f3 el arranque","canonical_url":"https:\/\/digitalreportmx.com\/index.php\/2026\/09\/01\/inician-san-pedro-y-cfe-rehabilitacion-de-equipo-electrico\/","robots":"max-image-preview:large","keywords":"","webmasterTools":{"miscellaneous":""},"schema":{"@context":"https:\/\/schema.org","@graph":[{"@type":"BlogPosting","@id":"https:\/\/digitalreportmx.com\/index.php\/2026\/09\/01\/inician-san-pedro-y-cfe-rehabilitacion-de-equipo-electrico\/#blogposting","name":"Rehabilitan San Pedro y CFE infraestructura el\u00e9ctrica -","headline":"Rehabilitan San Pedro y CFE infraestructura el\u00e9ctrica","author":{"@id":"https:\/\/digitalreportmx.com\/index.php\/author\/digitalreportmx-com\/#author"},"publisher":{"@id":"https:\/\/digitalreportmx.com\/#organization"},"image":{"@type":"ImageObject","url":"https:\/\/digitalreportmx.com\/wp-content\/uploads\/2026\/09\/IMG-20260901-WA0078.jpg","width":1600,"height":1066},"datePublished":"2026-09-01T15:36:55-06:00","dateModified":"2026-09-01T15:38:40-06:00","inLanguage":"es-MX","mainEntityOfPage":{"@id":"https:\/\/digitalreportmx.com\/index.php\/2026\/09\/01\/inician-san-pedro-y-cfe-rehabilitacion-de-equipo-electrico\/#webpage"},"isPartOf":{"@id":"https:\/\/digitalreportmx.com\/index.php\/2026\/09\/01\/inician-san-pedro-y-cfe-rehabilitacion-de-equipo-electrico\/#webpage"},"articleSection":"Relevante, REPORTE LOCAL"},{"@type":"BreadcrumbList","@id":"https:\/\/digitalreportmx.com\/index.php\/2026\/09\/01\/inician-san-pedro-y-cfe-rehabilitacion-de-equipo-electrico\/#breadcrumblist","itemListElement":[{"@type":"ListItem","@id":"https:\/\/digitalreportmx.com#listItem","position":1,"name":"Home","item":"https:\/\/digitalreportmx.com","nextItem":{"@type":"ListItem","@id":"https:\/\/digitalreportmx.com\/index.php\/category\/relevante-2\/#listItem","name":"Relevante"}},{"@type":"ListItem","@id":"https:\/\/digitalreportmx.com\/index.php\/category\/relevante-2\/#listItem","position":2,"name":"Relevante","item":"https:\/\/digitalreportmx.com\/index.php\/category\/relevante-2\/","nextItem":{"@type":"ListItem","@id":"https:\/\/digitalreportmx.com\/index.php\/category\/relevante-2\/reporte-local\/#listItem","name":"REPORTE LOCAL"},"previousItem":{"@type":"ListItem","@id":"https:\/\/digitalreportmx.com#listItem","name":"Home"}},{"@type":"ListItem","@id":"https:\/\/digitalreportmx.com\/index.php\/category\/relevante-2\/reporte-local\/#listItem","position":3,"name":"REPORTE LOCAL","item":"https:\/\/digitalreportmx.com\/index.php\/category\/relevante-2\/reporte-local\/","nextItem":{"@type":"ListItem","@id":"https:\/\/digitalreportmx.com\/index.php\/2026\/09\/01\/inician-san-pedro-y-cfe-rehabilitacion-de-equipo-electrico\/#listItem","name":"Rehabilitan San Pedro y CFE infraestructura el\u00e9ctrica"},"previousItem":{"@type":"ListItem","@id":"https:\/\/digitalreportmx.com\/index.php\/category\/relevante-2\/#listItem","name":"Relevante"}},{"@type":"ListItem","@id":"https:\/\/digitalreportmx.com\/index.php\/2026\/09\/01\/inician-san-pedro-y-cfe-rehabilitacion-de-equipo-electrico\/#listItem","position":4,"name":"Rehabilitan San Pedro y CFE infraestructura el\u00e9ctrica","previousItem":{"@type":"ListItem","@id":"https:\/\/digitalreportmx.com\/index.php\/category\/relevante-2\/reporte-local\/#listItem","name":"REPORTE LOCAL"}}]},{"@type":"Organization","@id":"https:\/\/digitalreportmx.com\/#organization","name":"digitalreportmx.com","url":"https:\/\/digitalreportmx.com\/","logo":{"@type":"ImageObject","url":"https:\/\/digitalreportmx.com\/wp-content\/uploads\/2024\/02\/cropped-cropped-DRLOGO-1.jpg","@id":"https:\/\/digitalreportmx.com\/index.php\/2026\/09\/01\/inician-san-pedro-y-cfe-rehabilitacion-de-equipo-electrico\/#organizationLogo","width":1693,"height":281},"image":{"@id":"https:\/\/digitalreportmx.com\/index.php\/2026\/09\/01\/inician-san-pedro-y-cfe-rehabilitacion-de-equipo-electrico\/#organizationLogo"}},{"@type":"Person","@id":"https:\/\/digitalreportmx.com\/index.php\/author\/digitalreportmx-com\/#author","url":"https:\/\/digitalreportmx.com\/index.php\/author\/digitalreportmx-com\/","name":"digitalreportmx.com","image":{"@type":"ImageObject","@id":"https:\/\/digitalreportmx.com\/index.php\/2026\/09\/01\/inician-san-pedro-y-cfe-rehabilitacion-de-equipo-electrico\/#authorImage","url":"https:\/\/secure.gravatar.com\/avatar\/2188078a0605d73ef57c1a9ac85e5a46c94d745432f7d01a9f4feac443943526?s=96&d=mm&r=g","width":96,"height":96,"caption":"digitalreportmx.com"}},{"@type":"WebPage","@id":"https:\/\/digitalreportmx.com\/index.php\/2026\/09\/01\/inician-san-pedro-y-cfe-rehabilitacion-de-equipo-electrico\/#webpage","url":"https:\/\/digitalreportmx.com\/index.php\/2026\/09\/01\/inician-san-pedro-y-cfe-rehabilitacion-de-equipo-electrico\/","name":"Rehabilitan San Pedro y CFE infraestructura el\u00e9ctrica -","description":"San Pedro Garza Garc\u00eda, NL El Municipio de San Pedro Garza Garc\u00eda, en coordinaci\u00f3n con la Comisi\u00f3n Federal de Electricidad (CFE), arranc\u00f3 los trabajos de rehabilitaci\u00f3n de la infraestructura el\u00e9ctrica con el objetivo de mejorar las condiciones de la red y el suministro para la comunidad sampetrina. El Alcalde Mauricio Farah Giacom\u00e1n supervis\u00f3 el arranque","inLanguage":"es-MX","isPartOf":{"@id":"https:\/\/digitalreportmx.com\/#website"},"breadcrumb":{"@id":"https:\/\/digitalreportmx.com\/index.php\/2026\/09\/01\/inician-san-pedro-y-cfe-rehabilitacion-de-equipo-electrico\/#breadcrumblist"},"author":{"@id":"https:\/\/digitalreportmx.com\/index.php\/author\/digitalreportmx-com\/#author"},"creator":{"@id":"https:\/\/digitalreportmx.com\/index.php\/author\/digitalreportmx-com\/#author"},"image":{"@type":"ImageObject","url":"https:\/\/digitalreportmx.com\/wp-content\/uploads\/2026\/09\/IMG-20260901-WA0078.jpg","@id":"https:\/\/digitalreportmx.com\/index.php\/2026\/09\/01\/inician-san-pedro-y-cfe-rehabilitacion-de-equipo-electrico\/#mainImage","width":1600,"height":1066},"primaryImageOfPage":{"@id":"https:\/\/digitalreportmx.com\/index.php\/2026\/09\/01\/inician-san-pedro-y-cfe-rehabilitacion-de-equipo-electrico\/#mainImage"},"datePublished":"2026-09-01T15:36:55-06:00","dateModified":"2026-09-01T15:38:40-06:00"},{"@type":"WebSite","@id":"https:\/\/digitalreportmx.com\/#website","url":"https:\/\/digitalreportmx.com\/","name":"digitalreportmx.com","inLanguage":"es-MX","publisher":{"@id":"https:\/\/digitalreportmx.com\/#organization"}}]},"og:locale":"es_MX","og:site_name":"-","og:type":"article","og:title":"Rehabilitan San Pedro y CFE infraestructura el\u00e9ctrica -","og:description":"San Pedro Garza Garc\u00eda, NL El Municipio de San Pedro Garza Garc\u00eda, en coordinaci\u00f3n con la Comisi\u00f3n Federal de Electricidad (CFE), arranc\u00f3 los trabajos de rehabilitaci\u00f3n de la infraestructura el\u00e9ctrica con el objetivo de mejorar las condiciones de la red y el suministro para la comunidad sampetrina. El Alcalde Mauricio Farah Giacom\u00e1n supervis\u00f3 el arranque","og:url":"https:\/\/digitalreportmx.com\/index.php\/2026\/09\/01\/inician-san-pedro-y-cfe-rehabilitacion-de-equipo-electrico\/","og:image":"https:\/\/digitalreportmx.com\/wp-content\/uploads\/2024\/02\/cropped-cropped-DRLOGO-1.jpg","og:image:secure_url":"https:\/\/digitalreportmx.com\/wp-content\/uploads\/2024\/02\/cropped-cropped-DRLOGO-1.jpg","article:published_time":"2026-09-01T21:36:55+00:00","article:modified_time":"2026-09-01T21:38:40+00:00","twitter:card":"summary_large_image","twitter:title":"Rehabilitan San Pedro y CFE infraestructura el\u00e9ctrica -","twitter:description":"San Pedro Garza Garc\u00eda, NL El Municipio de San Pedro Garza Garc\u00eda, en coordinaci\u00f3n con la Comisi\u00f3n Federal de Electricidad (CFE), arranc\u00f3 los trabajos de rehabilitaci\u00f3n de la infraestructura el\u00e9ctrica con el objetivo de mejorar las condiciones de la red y el suministro para la comunidad sampetrina. El Alcalde Mauricio Farah Giacom\u00e1n supervis\u00f3 el arranque","twitter:image":"https:\/\/digitalreportmx.com\/wp-content\/uploads\/2024\/02\/cropped-cropped-DRLOGO-1.jpg"},"aioseo_meta_data":{"post_id":"45776","title":null,"description":null,"keywords":null,"keyphrases":{"focus":{"keyphrase":"","score":0,"analysis":{"keyphraseInTitle":{"score":0,"maxScore":9,"error":1}}},"additional":[]},"primary_term":null,"canonical_url":null,"og_title":null,"og_description":null,"og_object_type":"default","og_image_type":"default","og_image_url":null,"og_image_width":null,"og_image_height":null,"og_image_custom_url":null,"og_image_custom_fields":null,"og_video":"","og_custom_url":null,"og_article_section":null,"og_article_tags":null,"twitter_use_og":false,"twitter_card":"default","twitter_image_type":"default","twitter_image_url":null,"twitter_image_custom_url":null,"twitter_image_custom_fields":null,"twitter_title":null,"twitter_description":null,"schema":{"blockGraphs":[],"customGraphs":[],"default":{"data":{"Article":[],"Course":[],"Dataset":[],"FAQPage":[],"Movie":[],"Person":[],"Product":[],"ProductReview":[],"Car":[],"Recipe":[],"Service":[],"SoftwareApplication":[],"WebPage":[]},"graphName":"BlogPosting","isEnabled":true},"graphs":[]},"schema_type":"default","schema_type_options":null,"pillar_content":false,"robots_default":true,"robots_noindex":false,"robots_noarchive":false,"robots_nosnippet":false,"robots_nofollow":false,"robots_noimageindex":false,"robots_noodp":false,"robots_notranslate":false,"robots_max_snippet":"-1","robots_max_videopreview":"-1","robots_max_imagepreview":"large","priority":null,"frequency":"default","local_seo":null,"breadcrumb_settings":null,"limit_modified_date":false,"ai":{"faqs":[],"keyPoints":[],"schemas":[],"titles":[],"descriptions":[],"socialPosts":{"email":{"subject":"","preview":"","content":""},"linkedin":[],"twitter":[],"facebook":[],"instagram":[]}},"created":"2026-09-01 21:34:37","updated":"2026-09-01 21:38:41","seo_analyzer_scan_date":null,"focus_keyword":null,"additional_keywords":null,"truseo_locale":null},"aioseo_breadcrumb":"<div class=\"aioseo-breadcrumbs\"><span class=\"aioseo-breadcrumb\">\n\t\t\t<a href=\"https:\/\/digitalreportmx.com\" title=\"Home\">Home<\/a>\n\t\t<\/span><span class=\"aioseo-breadcrumb-separator\">&raquo;<\/span><span class=\"aioseo-breadcrumb\">\n\t\t\t<a href=\"https:\/\/digitalreportmx.com\/index.php\/category\/relevante-2\/\" title=\"Relevante\">Relevante<\/a>\n\t\t<\/span><span class=\"aioseo-breadcrumb-separator\">&raquo;<\/span><span class=\"aioseo-breadcrumb\">\n\t\t\t<a href=\"https:\/\/digitalreportmx.com\/index.php\/category\/relevante-2\/reporte-local\/\" title=\"REPORTE LOCAL\">REPORTE LOCAL<\/a>\n\t\t<\/span><span class=\"aioseo-breadcrumb-separator\">&raquo;<\/span><span class=\"aioseo-breadcrumb\">\n\t\t\tRehabilitan San Pedro y CFE infraestructura el\u00e9ctrica\n\t\t<\/span><\/div>","aioseo_breadcrumb_json":[{"label":"Home","link":"https:\/\/digitalreportmx.com"},{"label":"Relevante","link":"https:\/\/digitalreportmx.com\/index.php\/category\/relevante-2\/"},{"label":"REPORTE LOCAL","link":"https:\/\/digitalreportmx.com\/index.php\/category\/relevante-2\/reporte-local\/"},{"label":"Rehabilitan San Pedro y CFE infraestructura el\u00e9ctrica","link":"https:\/\/digitalreportmx.com\/index.php\/2026\/09\/01\/inician-san-pedro-y-cfe-rehabilitacion-de-equipo-electrico\/"}],"_links":{"self":[{"href":"https:\/\/digitalreportmx.com\/index.php\/wp-json\/wp\/v2\/posts\/45776","targetHints":{"allow":["GET"]}}],"collection":[{"href":"https:\/\/digitalreportmx.com\/index.php\/wp-json\/wp\/v2\/posts"}],"about":[{"href":"https:\/\/digitalreportmx.com\/index.php\/wp-json\/wp\/v2\/types\/post"}],"author":[{"embeddable":true,"href":"https:\/\/digitalreportmx.com\/index.php\/wp-json\/wp\/v2\/users\/1"}],"replies":[{"embeddable":true,"href":"https:\/\/digitalreportmx.com\/index.php\/wp-json\/wp\/v2\/comments?post=45776"}],"version-history":[{"count":4,"href":"https:\/\/digitalreportmx.com\/index.php\/wp-json\/wp\/v2\/posts\/45776\/revisions"}],"predecessor-version":[{"id":45786,"href":"https:\/\/digitalreportmx.com\/index.php\/wp-json\/wp\/v2\/posts\/45776\/revisions\/45786"}],"wp:featuredmedia":[{"embeddable":true,"href":"https:\/\/digitalreportmx.com\/index.php\/wp-json\/wp\/v2\/media\/45778"}],"wp:attachment":[{"href":"https:\/\/digitalreportmx.com\/index.php\/wp-json\/wp\/v2\/media?parent=45776"}],"wp:term":[{"taxonomy":"category","embeddable":true,"href":"https:\/\/digitalreportmx.com\/index.php\/wp-json\/wp\/v2\/categories?post=45776"},{"taxonomy":"post_tag","embeddable":true,"href":"https:\/\/digitalreportmx.com\/index.php\/wp-json\/wp\/v2\/tags?post=45776"}],"curies":[{"name":"wp","href":"https:\/\/api.w.org\/{rel}","templated":true}]}}