{"id":45864,"date":"2026-09-02T14:19:47","date_gmt":"2026-09-02T20:19:47","guid":{"rendered":"https:\/\/digitalreportmx.com\/?p=45864"},"modified":"2026-09-02T14:23:49","modified_gmt":"2026-09-02T20:23:49","slug":"va-segunda-temporada-de-memorias-de-nl-el-podcast","status":"publish","type":"post","link":"https:\/\/digitalreportmx.com\/index.php\/2026\/09\/02\/va-segunda-temporada-de-memorias-de-nl-el-podcast\/","title":{"rendered":"Va segunda temporada de Memorias de NL: El Podcast"},"content":{"rendered":"\n<p><kbd>Monterrey<\/kbd>, NL<\/p>\n\n\n\n<p>El Museo de Historia Mexicana estrenar\u00e1 la Segunda Temporada de &#8220;Memorias de Nuevo Le\u00f3n. <\/p>\n\n\n\n<p>El Podcast&#8221; el jueves 10 de septiembre, con 12 di\u00e1logos con cronistas, historiadores e investigadores que compartir\u00e1n historias, personajes, tradiciones y acontecimientos que ayudan a comprender el origen y la identidad del noreste de M\u00e9xico.<\/p>\n\n\n\n<p>Esto podr\u00e1 ser posible y  podr\u00e1n ser vistos y escuchados en YouTube y Spotify de forma gratuita.<\/p>\n\n\n\n<figure class=\"wp-block-image size-large\"><img loading=\"lazy\" decoding=\"async\" width=\"1024\" height=\"576\" src=\"https:\/\/digitalreportmx.com\/wp-content\/uploads\/2026\/09\/1000381351-1024x576.jpg\" alt=\"\" class=\"wp-image-45868\" srcset=\"https:\/\/digitalreportmx.com\/wp-content\/uploads\/2026\/09\/1000381351-1024x576.jpg 1024w, https:\/\/digitalreportmx.com\/wp-content\/uploads\/2026\/09\/1000381351-300x169.jpg 300w, https:\/\/digitalreportmx.com\/wp-content\/uploads\/2026\/09\/1000381351-768x432.jpg 768w, https:\/\/digitalreportmx.com\/wp-content\/uploads\/2026\/09\/1000381351-1536x864.jpg 1536w, https:\/\/digitalreportmx.com\/wp-content\/uploads\/2026\/09\/1000381351.jpg 1600w\" sizes=\"auto, (max-width: 1024px) 100vw, 1024px\" \/><\/figure>\n\n\n\n<p>Desde su creaci\u00f3n en 2017, Memorias de Nuevo Le\u00f3n ha sido un espacio dedicado a preservar y difundir la riqueza hist\u00f3rica y cultural de la entidad, bajo la conducci\u00f3n del historiador Leonardo Mart\u00ednez Hern\u00e1ndez, acercando el conocimiento hist\u00f3rico a p\u00fablicos cada vez m\u00e1s amplios mediante un formato \u00e1gil, accesible y pensado para acompa\u00f1ar la vida cotidiana de los oyentes.<\/p>\n\n\n\n<p>Cada jueves, del 10 de septiembre al 12 de noviembre, a las 18:00 horas, se presentar\u00e1 un nuevo cap\u00edtulo<\/p>\n\n\n\n<p>.TRES DI\u00c1LOGOS DE ESTRENO<\/p>\n\n\n\n<p>&#8220;Memorias de Nuevo Le\u00f3n.<\/p>\n\n\n\n<p>El Podcast&#8221; abrir\u00e1 el jueves 10 de septiembre la segunda temporada con tres di\u00e1logos que invitan a mirar el pasado desde nuevas perspectivas. <\/p>\n\n\n\n<figure class=\"wp-block-image size-large\"><img loading=\"lazy\" decoding=\"async\" width=\"1024\" height=\"1024\" src=\"https:\/\/digitalreportmx.com\/wp-content\/uploads\/2026\/09\/1000381342-1024x1024.jpg\" alt=\"\" class=\"wp-image-45869\" srcset=\"https:\/\/digitalreportmx.com\/wp-content\/uploads\/2026\/09\/1000381342-1024x1024.jpg 1024w, https:\/\/digitalreportmx.com\/wp-content\/uploads\/2026\/09\/1000381342-300x300.jpg 300w, https:\/\/digitalreportmx.com\/wp-content\/uploads\/2026\/09\/1000381342-150x150.jpg 150w, https:\/\/digitalreportmx.com\/wp-content\/uploads\/2026\/09\/1000381342-768x768.jpg 768w, https:\/\/digitalreportmx.com\/wp-content\/uploads\/2026\/09\/1000381342.jpg 1080w\" sizes=\"auto, (max-width: 1024px) 100vw, 1024px\" \/><\/figure>\n\n\n\n<p>En &#8220;Tres cronistas del Nuevo Reino de Le\u00f3n y la historia de un manuscrito&#8221;, Jes\u00fas Manuel Castillo Caballero plantea una pregunta que despierta la curiosidad del escucha: <\/p>\n\n\n\n<p>&#8220;Parece extra\u00f1o que no sepamos los regios o los neoloneses que fuimos precisamente nosotros, los habitantes de Monterrey y de Cadereyta, los que descubrieron y fundaron lo que hoy es Texas. \u00bfPero, c\u00f3mo pas\u00f3 esto?&#8221;.<\/p>\n\n\n\n<p>A este estreno se suman &#8220;Arquitectura norestense: del sillar al cemento&#8221;, de Luis \u00c1ngel Avelar Trevi\u00f1o, una reflexi\u00f3n sobre el legado arquitect\u00f3nico de la regi\u00f3n y la importancia de preservarlo; y &#8220;Escuelas monumentales de Monterrey&#8221;, de Pedro C\u00e9sar Herrera Silva, un recorrido por los edificios educativos que marcaron la modernizaci\u00f3n urbana de la ciudad y que hoy forman parte de su patrimonio hist\u00f3rico.<\/p>\n\n\n\n<figure class=\"wp-block-image size-full\"><img loading=\"lazy\" decoding=\"async\" width=\"866\" height=\"448\" src=\"https:\/\/digitalreportmx.com\/wp-content\/uploads\/2026\/09\/1000381349.jpg\" alt=\"\" class=\"wp-image-45871\" srcset=\"https:\/\/digitalreportmx.com\/wp-content\/uploads\/2026\/09\/1000381349.jpg 866w, https:\/\/digitalreportmx.com\/wp-content\/uploads\/2026\/09\/1000381349-300x155.jpg 300w, https:\/\/digitalreportmx.com\/wp-content\/uploads\/2026\/09\/1000381349-768x397.jpg 768w\" sizes=\"auto, (max-width: 866px) 100vw, 866px\" \/><\/figure>\n\n\n\n<p>A lo largo de la programaci\u00f3n, el p\u00fablico descubrir\u00e1 investigaciones sobre las leyendas del Barrio Antiguo; el barrio Tampiquito; la vida nocturna de la ciudad; la historia de municipios como Ju\u00e1rez, Garc\u00eda e Hidalgo; el legado de los grupos ind\u00edgenas del noreste y el corrido norte\u00f1o como expresi\u00f3n de la memoria colectiva.<\/p>\n\n\n\n<p>Para hablar de estos temas se contar\u00e1 con la participaci\u00f3n de Jes\u00fas Manuel Castillo Caballero, Luis \u00c1ngel Avelar Trevi\u00f1o, Pedro C\u00e9sar Herrera Silva, Manuel Marroqu\u00edn Tamez, Jaime Palacios Chapa, H\u00e9ctor Jaime Trevi\u00f1o Villarreal, Luis Antonio Rodr\u00edguez Rosas, Arturo Ruiz Valencia, \u00d3scar Arellano Mendoza, Carlos Liberato Villarreal Elizondo y Mois\u00e9s Alejandro Villegas Torres.<\/p>\n\n\n\n<p>Cada uno aportar\u00e1 una mirada especializada que convierte a este proyecto en un punto de encuentro entre la investigaci\u00f3n hist\u00f3rica y la divulgaci\u00f3n cultural, demostrando que el conocimiento tambi\u00e9n puede compartirse de manera cercana, amena y accesible.<\/p>\n\n\n\n<figure class=\"wp-block-image size-full\"><img loading=\"lazy\" decoding=\"async\" width=\"960\" height=\"654\" src=\"https:\/\/digitalreportmx.com\/wp-content\/uploads\/2026\/09\/1000381352.jpg\" alt=\"\" class=\"wp-image-45872\" srcset=\"https:\/\/digitalreportmx.com\/wp-content\/uploads\/2026\/09\/1000381352.jpg 960w, https:\/\/digitalreportmx.com\/wp-content\/uploads\/2026\/09\/1000381352-300x204.jpg 300w, https:\/\/digitalreportmx.com\/wp-content\/uploads\/2026\/09\/1000381352-768x523.jpg 768w\" sizes=\"auto, (max-width: 960px) 100vw, 960px\" \/><\/figure>\n\n\n\n<p>Para consultar la programaci\u00f3n completa de &#8220;Memorias de Nuevo Le\u00f3n. El Podcast&#8221; en su segunda temporada, visite www.3museos.com o p\u00f3ngase en contacto a trav\u00e9s de las redes sociales con @3Museos.<\/p>\n","protected":false},"excerpt":{"rendered":"<p>Monterrey, NL El Museo de Historia Mexicana estrenar\u00e1 la Segunda Temporada de &#8220;Memorias de Nuevo Le\u00f3n. El Podcast&#8221; el jueves 10 de septiembre, con 12 di\u00e1logos con cronistas, historiadores e investigadores que compartir\u00e1n historias, personajes, tradiciones y acontecimientos que ayudan a comprender el origen y la identidad del noreste de M\u00e9xico. Esto podr\u00e1 ser posible [&hellip;]<\/p>\n","protected":false},"author":1,"featured_media":45865,"comment_status":"open","ping_status":"open","sticky":false,"template":"","format":"standard","meta":{"om_disable_all_campaigns":false,"_monsterinsights_skip_tracking":false,"_uf_show_specific_survey":0,"_uf_disable_surveys":false,"footnotes":""},"categories":[16,13],"tags":[],"class_list":["post-45864","post","type-post","status-publish","format-standard","has-post-thumbnail","hentry","category-relevante-2","category-reporte-local"],"aioseo_notices":[],"aioseo_head":"\n\t\t<!-- All in One SEO 5.0.1.1 - aioseo.com -->\n\t<meta name=\"description\" content=\"Monterrey, NL El Museo de Historia Mexicana estrenar\u00e1 la Segunda Temporada de &quot;Memorias de Nuevo Le\u00f3n. El Podcast&quot; el jueves 10 de septiembre, con 12 di\u00e1logos con cronistas, historiadores e investigadores que compartir\u00e1n historias, personajes, tradiciones y acontecimientos que ayudan a comprender el origen y la identidad del noreste de M\u00e9xico. Esto podr\u00e1 ser posible\" \/>\n\t<meta name=\"robots\" content=\"max-image-preview:large\" \/>\n\t<meta name=\"author\" content=\"digitalreportmx.com\"\/>\n\t<link rel=\"canonical\" href=\"https:\/\/digitalreportmx.com\/index.php\/2026\/09\/02\/va-segunda-temporada-de-memorias-de-nl-el-podcast\/\" \/>\n\t<meta name=\"generator\" content=\"All in One SEO (AIOSEO) 5.0.1.1\" \/>\n\t\t<meta property=\"og:locale\" content=\"es_MX\" \/>\n\t\t<meta property=\"og:site_name\" content=\"-\" \/>\n\t\t<meta property=\"og:type\" content=\"article\" \/>\n\t\t<meta property=\"og:title\" content=\"Va segunda temporada de Memorias de NL: El Podcast -\" \/>\n\t\t<meta property=\"og:description\" content=\"Monterrey, NL El Museo de Historia Mexicana estrenar\u00e1 la Segunda Temporada de &quot;Memorias de Nuevo Le\u00f3n. El Podcast&quot; el jueves 10 de septiembre, con 12 di\u00e1logos con cronistas, historiadores e investigadores que compartir\u00e1n historias, personajes, tradiciones y acontecimientos que ayudan a comprender el origen y la identidad del noreste de M\u00e9xico. Esto podr\u00e1 ser posible\" \/>\n\t\t<meta property=\"og:url\" content=\"https:\/\/digitalreportmx.com\/index.php\/2026\/09\/02\/va-segunda-temporada-de-memorias-de-nl-el-podcast\/\" \/>\n\t\t<meta property=\"og:image\" content=\"https:\/\/digitalreportmx.com\/wp-content\/uploads\/2024\/02\/cropped-cropped-DRLOGO-1.jpg\" \/>\n\t\t<meta property=\"og:image:secure_url\" content=\"https:\/\/digitalreportmx.com\/wp-content\/uploads\/2024\/02\/cropped-cropped-DRLOGO-1.jpg\" \/>\n\t\t<meta property=\"article:published_time\" content=\"2026-09-02T20:19:47+00:00\" \/>\n\t\t<meta property=\"article:modified_time\" content=\"2026-09-02T20:23:49+00:00\" \/>\n\t\t<meta name=\"twitter:card\" content=\"summary_large_image\" \/>\n\t\t<meta name=\"twitter:title\" content=\"Va segunda temporada de Memorias de NL: El Podcast -\" \/>\n\t\t<meta name=\"twitter:description\" content=\"Monterrey, NL El Museo de Historia Mexicana estrenar\u00e1 la Segunda Temporada de &quot;Memorias de Nuevo Le\u00f3n. El Podcast&quot; el jueves 10 de septiembre, con 12 di\u00e1logos con cronistas, historiadores e investigadores que compartir\u00e1n historias, personajes, tradiciones y acontecimientos que ayudan a comprender el origen y la identidad del noreste de M\u00e9xico. Esto podr\u00e1 ser posible\" \/>\n\t\t<meta name=\"twitter:image\" content=\"https:\/\/digitalreportmx.com\/wp-content\/uploads\/2024\/02\/cropped-cropped-DRLOGO-1.jpg\" \/>\n\t\t<script type=\"application\/ld+json\" class=\"aioseo-schema\">\n\t\t\t{\"@context\":\"https:\\\/\\\/schema.org\",\"@graph\":[{\"@type\":\"BlogPosting\",\"@id\":\"https:\\\/\\\/digitalreportmx.com\\\/index.php\\\/2026\\\/09\\\/02\\\/va-segunda-temporada-de-memorias-de-nl-el-podcast\\\/#blogposting\",\"name\":\"Va segunda temporada de Memorias de NL: El Podcast -\",\"headline\":\"Va segunda temporada de Memorias de NL: El Podcast\",\"author\":{\"@id\":\"https:\\\/\\\/digitalreportmx.com\\\/index.php\\\/author\\\/digitalreportmx-com\\\/#author\"},\"publisher\":{\"@id\":\"https:\\\/\\\/digitalreportmx.com\\\/#organization\"},\"image\":{\"@type\":\"ImageObject\",\"url\":\"https:\\\/\\\/digitalreportmx.com\\\/wp-content\\\/uploads\\\/2026\\\/09\\\/IMG-20260902-WA0162.jpg\",\"width\":1600,\"height\":1200},\"datePublished\":\"2026-09-02T14:19:47-06:00\",\"dateModified\":\"2026-09-02T14:23:49-06:00\",\"inLanguage\":\"es-MX\",\"mainEntityOfPage\":{\"@id\":\"https:\\\/\\\/digitalreportmx.com\\\/index.php\\\/2026\\\/09\\\/02\\\/va-segunda-temporada-de-memorias-de-nl-el-podcast\\\/#webpage\"},\"isPartOf\":{\"@id\":\"https:\\\/\\\/digitalreportmx.com\\\/index.php\\\/2026\\\/09\\\/02\\\/va-segunda-temporada-de-memorias-de-nl-el-podcast\\\/#webpage\"},\"articleSection\":\"Relevante, REPORTE LOCAL\"},{\"@type\":\"BreadcrumbList\",\"@id\":\"https:\\\/\\\/digitalreportmx.com\\\/index.php\\\/2026\\\/09\\\/02\\\/va-segunda-temporada-de-memorias-de-nl-el-podcast\\\/#breadcrumblist\",\"itemListElement\":[{\"@type\":\"ListItem\",\"@id\":\"https:\\\/\\\/digitalreportmx.com#listItem\",\"position\":1,\"name\":\"Home\",\"item\":\"https:\\\/\\\/digitalreportmx.com\",\"nextItem\":{\"@type\":\"ListItem\",\"@id\":\"https:\\\/\\\/digitalreportmx.com\\\/index.php\\\/category\\\/relevante-2\\\/#listItem\",\"name\":\"Relevante\"}},{\"@type\":\"ListItem\",\"@id\":\"https:\\\/\\\/digitalreportmx.com\\\/index.php\\\/category\\\/relevante-2\\\/#listItem\",\"position\":2,\"name\":\"Relevante\",\"item\":\"https:\\\/\\\/digitalreportmx.com\\\/index.php\\\/category\\\/relevante-2\\\/\",\"nextItem\":{\"@type\":\"ListItem\",\"@id\":\"https:\\\/\\\/digitalreportmx.com\\\/index.php\\\/category\\\/relevante-2\\\/reporte-local\\\/#listItem\",\"name\":\"REPORTE LOCAL\"},\"previousItem\":{\"@type\":\"ListItem\",\"@id\":\"https:\\\/\\\/digitalreportmx.com#listItem\",\"name\":\"Home\"}},{\"@type\":\"ListItem\",\"@id\":\"https:\\\/\\\/digitalreportmx.com\\\/index.php\\\/category\\\/relevante-2\\\/reporte-local\\\/#listItem\",\"position\":3,\"name\":\"REPORTE LOCAL\",\"item\":\"https:\\\/\\\/digitalreportmx.com\\\/index.php\\\/category\\\/relevante-2\\\/reporte-local\\\/\",\"nextItem\":{\"@type\":\"ListItem\",\"@id\":\"https:\\\/\\\/digitalreportmx.com\\\/index.php\\\/2026\\\/09\\\/02\\\/va-segunda-temporada-de-memorias-de-nl-el-podcast\\\/#listItem\",\"name\":\"Va segunda temporada de Memorias de NL: El Podcast\"},\"previousItem\":{\"@type\":\"ListItem\",\"@id\":\"https:\\\/\\\/digitalreportmx.com\\\/index.php\\\/category\\\/relevante-2\\\/#listItem\",\"name\":\"Relevante\"}},{\"@type\":\"ListItem\",\"@id\":\"https:\\\/\\\/digitalreportmx.com\\\/index.php\\\/2026\\\/09\\\/02\\\/va-segunda-temporada-de-memorias-de-nl-el-podcast\\\/#listItem\",\"position\":4,\"name\":\"Va segunda temporada de Memorias de NL: El Podcast\",\"previousItem\":{\"@type\":\"ListItem\",\"@id\":\"https:\\\/\\\/digitalreportmx.com\\\/index.php\\\/category\\\/relevante-2\\\/reporte-local\\\/#listItem\",\"name\":\"REPORTE LOCAL\"}}]},{\"@type\":\"Organization\",\"@id\":\"https:\\\/\\\/digitalreportmx.com\\\/#organization\",\"name\":\"digitalreportmx.com\",\"url\":\"https:\\\/\\\/digitalreportmx.com\\\/\",\"logo\":{\"@type\":\"ImageObject\",\"url\":\"https:\\\/\\\/digitalreportmx.com\\\/wp-content\\\/uploads\\\/2024\\\/02\\\/cropped-cropped-DRLOGO-1.jpg\",\"@id\":\"https:\\\/\\\/digitalreportmx.com\\\/index.php\\\/2026\\\/09\\\/02\\\/va-segunda-temporada-de-memorias-de-nl-el-podcast\\\/#organizationLogo\",\"width\":1693,\"height\":281},\"image\":{\"@id\":\"https:\\\/\\\/digitalreportmx.com\\\/index.php\\\/2026\\\/09\\\/02\\\/va-segunda-temporada-de-memorias-de-nl-el-podcast\\\/#organizationLogo\"}},{\"@type\":\"Person\",\"@id\":\"https:\\\/\\\/digitalreportmx.com\\\/index.php\\\/author\\\/digitalreportmx-com\\\/#author\",\"url\":\"https:\\\/\\\/digitalreportmx.com\\\/index.php\\\/author\\\/digitalreportmx-com\\\/\",\"name\":\"digitalreportmx.com\",\"image\":{\"@type\":\"ImageObject\",\"@id\":\"https:\\\/\\\/digitalreportmx.com\\\/index.php\\\/2026\\\/09\\\/02\\\/va-segunda-temporada-de-memorias-de-nl-el-podcast\\\/#authorImage\",\"url\":\"https:\\\/\\\/secure.gravatar.com\\\/avatar\\\/2188078a0605d73ef57c1a9ac85e5a46c94d745432f7d01a9f4feac443943526?s=96&d=mm&r=g\",\"width\":96,\"height\":96,\"caption\":\"digitalreportmx.com\"}},{\"@type\":\"WebPage\",\"@id\":\"https:\\\/\\\/digitalreportmx.com\\\/index.php\\\/2026\\\/09\\\/02\\\/va-segunda-temporada-de-memorias-de-nl-el-podcast\\\/#webpage\",\"url\":\"https:\\\/\\\/digitalreportmx.com\\\/index.php\\\/2026\\\/09\\\/02\\\/va-segunda-temporada-de-memorias-de-nl-el-podcast\\\/\",\"name\":\"Va segunda temporada de Memorias de NL: El Podcast -\",\"description\":\"Monterrey, NL El Museo de Historia Mexicana estrenar\\u00e1 la Segunda Temporada de \\\"Memorias de Nuevo Le\\u00f3n. El Podcast\\\" el jueves 10 de septiembre, con 12 di\\u00e1logos con cronistas, historiadores e investigadores que compartir\\u00e1n historias, personajes, tradiciones y acontecimientos que ayudan a comprender el origen y la identidad del noreste de M\\u00e9xico. Esto podr\\u00e1 ser posible\",\"inLanguage\":\"es-MX\",\"isPartOf\":{\"@id\":\"https:\\\/\\\/digitalreportmx.com\\\/#website\"},\"breadcrumb\":{\"@id\":\"https:\\\/\\\/digitalreportmx.com\\\/index.php\\\/2026\\\/09\\\/02\\\/va-segunda-temporada-de-memorias-de-nl-el-podcast\\\/#breadcrumblist\"},\"author\":{\"@id\":\"https:\\\/\\\/digitalreportmx.com\\\/index.php\\\/author\\\/digitalreportmx-com\\\/#author\"},\"creator\":{\"@id\":\"https:\\\/\\\/digitalreportmx.com\\\/index.php\\\/author\\\/digitalreportmx-com\\\/#author\"},\"image\":{\"@type\":\"ImageObject\",\"url\":\"https:\\\/\\\/digitalreportmx.com\\\/wp-content\\\/uploads\\\/2026\\\/09\\\/IMG-20260902-WA0162.jpg\",\"@id\":\"https:\\\/\\\/digitalreportmx.com\\\/index.php\\\/2026\\\/09\\\/02\\\/va-segunda-temporada-de-memorias-de-nl-el-podcast\\\/#mainImage\",\"width\":1600,\"height\":1200},\"primaryImageOfPage\":{\"@id\":\"https:\\\/\\\/digitalreportmx.com\\\/index.php\\\/2026\\\/09\\\/02\\\/va-segunda-temporada-de-memorias-de-nl-el-podcast\\\/#mainImage\"},\"datePublished\":\"2026-09-02T14:19:47-06:00\",\"dateModified\":\"2026-09-02T14:23:49-06:00\"},{\"@type\":\"WebSite\",\"@id\":\"https:\\\/\\\/digitalreportmx.com\\\/#website\",\"url\":\"https:\\\/\\\/digitalreportmx.com\\\/\",\"name\":\"digitalreportmx.com\",\"inLanguage\":\"es-MX\",\"publisher\":{\"@id\":\"https:\\\/\\\/digitalreportmx.com\\\/#organization\"}}]}\n\t\t<\/script>\n\t\t<!-- All in One SEO -->\n\n","aioseo_head_json":{"title":"Va segunda temporada de Memorias de NL: El Podcast -","description":"Monterrey, NL El Museo de Historia Mexicana estrenar\u00e1 la Segunda Temporada de \"Memorias de Nuevo Le\u00f3n. El Podcast\" el jueves 10 de septiembre, con 12 di\u00e1logos con cronistas, historiadores e investigadores que compartir\u00e1n historias, personajes, tradiciones y acontecimientos que ayudan a comprender el origen y la identidad del noreste de M\u00e9xico. Esto podr\u00e1 ser posible","canonical_url":"https:\/\/digitalreportmx.com\/index.php\/2026\/09\/02\/va-segunda-temporada-de-memorias-de-nl-el-podcast\/","robots":"max-image-preview:large","keywords":"","webmasterTools":{"miscellaneous":""},"schema":{"@context":"https:\/\/schema.org","@graph":[{"@type":"BlogPosting","@id":"https:\/\/digitalreportmx.com\/index.php\/2026\/09\/02\/va-segunda-temporada-de-memorias-de-nl-el-podcast\/#blogposting","name":"Va segunda temporada de Memorias de NL: El Podcast -","headline":"Va segunda temporada de Memorias de NL: El Podcast","author":{"@id":"https:\/\/digitalreportmx.com\/index.php\/author\/digitalreportmx-com\/#author"},"publisher":{"@id":"https:\/\/digitalreportmx.com\/#organization"},"image":{"@type":"ImageObject","url":"https:\/\/digitalreportmx.com\/wp-content\/uploads\/2026\/09\/IMG-20260902-WA0162.jpg","width":1600,"height":1200},"datePublished":"2026-09-02T14:19:47-06:00","dateModified":"2026-09-02T14:23:49-06:00","inLanguage":"es-MX","mainEntityOfPage":{"@id":"https:\/\/digitalreportmx.com\/index.php\/2026\/09\/02\/va-segunda-temporada-de-memorias-de-nl-el-podcast\/#webpage"},"isPartOf":{"@id":"https:\/\/digitalreportmx.com\/index.php\/2026\/09\/02\/va-segunda-temporada-de-memorias-de-nl-el-podcast\/#webpage"},"articleSection":"Relevante, REPORTE LOCAL"},{"@type":"BreadcrumbList","@id":"https:\/\/digitalreportmx.com\/index.php\/2026\/09\/02\/va-segunda-temporada-de-memorias-de-nl-el-podcast\/#breadcrumblist","itemListElement":[{"@type":"ListItem","@id":"https:\/\/digitalreportmx.com#listItem","position":1,"name":"Home","item":"https:\/\/digitalreportmx.com","nextItem":{"@type":"ListItem","@id":"https:\/\/digitalreportmx.com\/index.php\/category\/relevante-2\/#listItem","name":"Relevante"}},{"@type":"ListItem","@id":"https:\/\/digitalreportmx.com\/index.php\/category\/relevante-2\/#listItem","position":2,"name":"Relevante","item":"https:\/\/digitalreportmx.com\/index.php\/category\/relevante-2\/","nextItem":{"@type":"ListItem","@id":"https:\/\/digitalreportmx.com\/index.php\/category\/relevante-2\/reporte-local\/#listItem","name":"REPORTE LOCAL"},"previousItem":{"@type":"ListItem","@id":"https:\/\/digitalreportmx.com#listItem","name":"Home"}},{"@type":"ListItem","@id":"https:\/\/digitalreportmx.com\/index.php\/category\/relevante-2\/reporte-local\/#listItem","position":3,"name":"REPORTE LOCAL","item":"https:\/\/digitalreportmx.com\/index.php\/category\/relevante-2\/reporte-local\/","nextItem":{"@type":"ListItem","@id":"https:\/\/digitalreportmx.com\/index.php\/2026\/09\/02\/va-segunda-temporada-de-memorias-de-nl-el-podcast\/#listItem","name":"Va segunda temporada de Memorias de NL: El Podcast"},"previousItem":{"@type":"ListItem","@id":"https:\/\/digitalreportmx.com\/index.php\/category\/relevante-2\/#listItem","name":"Relevante"}},{"@type":"ListItem","@id":"https:\/\/digitalreportmx.com\/index.php\/2026\/09\/02\/va-segunda-temporada-de-memorias-de-nl-el-podcast\/#listItem","position":4,"name":"Va segunda temporada de Memorias de NL: El Podcast","previousItem":{"@type":"ListItem","@id":"https:\/\/digitalreportmx.com\/index.php\/category\/relevante-2\/reporte-local\/#listItem","name":"REPORTE LOCAL"}}]},{"@type":"Organization","@id":"https:\/\/digitalreportmx.com\/#organization","name":"digitalreportmx.com","url":"https:\/\/digitalreportmx.com\/","logo":{"@type":"ImageObject","url":"https:\/\/digitalreportmx.com\/wp-content\/uploads\/2024\/02\/cropped-cropped-DRLOGO-1.jpg","@id":"https:\/\/digitalreportmx.com\/index.php\/2026\/09\/02\/va-segunda-temporada-de-memorias-de-nl-el-podcast\/#organizationLogo","width":1693,"height":281},"image":{"@id":"https:\/\/digitalreportmx.com\/index.php\/2026\/09\/02\/va-segunda-temporada-de-memorias-de-nl-el-podcast\/#organizationLogo"}},{"@type":"Person","@id":"https:\/\/digitalreportmx.com\/index.php\/author\/digitalreportmx-com\/#author","url":"https:\/\/digitalreportmx.com\/index.php\/author\/digitalreportmx-com\/","name":"digitalreportmx.com","image":{"@type":"ImageObject","@id":"https:\/\/digitalreportmx.com\/index.php\/2026\/09\/02\/va-segunda-temporada-de-memorias-de-nl-el-podcast\/#authorImage","url":"https:\/\/secure.gravatar.com\/avatar\/2188078a0605d73ef57c1a9ac85e5a46c94d745432f7d01a9f4feac443943526?s=96&d=mm&r=g","width":96,"height":96,"caption":"digitalreportmx.com"}},{"@type":"WebPage","@id":"https:\/\/digitalreportmx.com\/index.php\/2026\/09\/02\/va-segunda-temporada-de-memorias-de-nl-el-podcast\/#webpage","url":"https:\/\/digitalreportmx.com\/index.php\/2026\/09\/02\/va-segunda-temporada-de-memorias-de-nl-el-podcast\/","name":"Va segunda temporada de Memorias de NL: El Podcast -","description":"Monterrey, NL El Museo de Historia Mexicana estrenar\u00e1 la Segunda Temporada de \"Memorias de Nuevo Le\u00f3n. El Podcast\" el jueves 10 de septiembre, con 12 di\u00e1logos con cronistas, historiadores e investigadores que compartir\u00e1n historias, personajes, tradiciones y acontecimientos que ayudan a comprender el origen y la identidad del noreste de M\u00e9xico. Esto podr\u00e1 ser posible","inLanguage":"es-MX","isPartOf":{"@id":"https:\/\/digitalreportmx.com\/#website"},"breadcrumb":{"@id":"https:\/\/digitalreportmx.com\/index.php\/2026\/09\/02\/va-segunda-temporada-de-memorias-de-nl-el-podcast\/#breadcrumblist"},"author":{"@id":"https:\/\/digitalreportmx.com\/index.php\/author\/digitalreportmx-com\/#author"},"creator":{"@id":"https:\/\/digitalreportmx.com\/index.php\/author\/digitalreportmx-com\/#author"},"image":{"@type":"ImageObject","url":"https:\/\/digitalreportmx.com\/wp-content\/uploads\/2026\/09\/IMG-20260902-WA0162.jpg","@id":"https:\/\/digitalreportmx.com\/index.php\/2026\/09\/02\/va-segunda-temporada-de-memorias-de-nl-el-podcast\/#mainImage","width":1600,"height":1200},"primaryImageOfPage":{"@id":"https:\/\/digitalreportmx.com\/index.php\/2026\/09\/02\/va-segunda-temporada-de-memorias-de-nl-el-podcast\/#mainImage"},"datePublished":"2026-09-02T14:19:47-06:00","dateModified":"2026-09-02T14:23:49-06:00"},{"@type":"WebSite","@id":"https:\/\/digitalreportmx.com\/#website","url":"https:\/\/digitalreportmx.com\/","name":"digitalreportmx.com","inLanguage":"es-MX","publisher":{"@id":"https:\/\/digitalreportmx.com\/#organization"}}]},"og:locale":"es_MX","og:site_name":"-","og:type":"article","og:title":"Va segunda temporada de Memorias de NL: El Podcast -","og:description":"Monterrey, NL El Museo de Historia Mexicana estrenar\u00e1 la Segunda Temporada de &quot;Memorias de Nuevo Le\u00f3n. El Podcast&quot; el jueves 10 de septiembre, con 12 di\u00e1logos con cronistas, historiadores e investigadores que compartir\u00e1n historias, personajes, tradiciones y acontecimientos que ayudan a comprender el origen y la identidad del noreste de M\u00e9xico. Esto podr\u00e1 ser posible","og:url":"https:\/\/digitalreportmx.com\/index.php\/2026\/09\/02\/va-segunda-temporada-de-memorias-de-nl-el-podcast\/","og:image":"https:\/\/digitalreportmx.com\/wp-content\/uploads\/2024\/02\/cropped-cropped-DRLOGO-1.jpg","og:image:secure_url":"https:\/\/digitalreportmx.com\/wp-content\/uploads\/2024\/02\/cropped-cropped-DRLOGO-1.jpg","article:published_time":"2026-09-02T20:19:47+00:00","article:modified_time":"2026-09-02T20:23:49+00:00","twitter:card":"summary_large_image","twitter:title":"Va segunda temporada de Memorias de NL: El Podcast -","twitter:description":"Monterrey, NL El Museo de Historia Mexicana estrenar\u00e1 la Segunda Temporada de &quot;Memorias de Nuevo Le\u00f3n. El Podcast&quot; el jueves 10 de septiembre, con 12 di\u00e1logos con cronistas, historiadores e investigadores que compartir\u00e1n historias, personajes, tradiciones y acontecimientos que ayudan a comprender el origen y la identidad del noreste de M\u00e9xico. Esto podr\u00e1 ser posible","twitter:image":"https:\/\/digitalreportmx.com\/wp-content\/uploads\/2024\/02\/cropped-cropped-DRLOGO-1.jpg"},"aioseo_meta_data":{"post_id":"45864","title":null,"description":null,"keywords":null,"keyphrases":{"focus":{"keyphrase":"","score":0,"analysis":{"keyphraseInTitle":{"score":0,"maxScore":9,"error":1}}},"additional":[]},"primary_term":null,"canonical_url":null,"og_title":null,"og_description":null,"og_object_type":"default","og_image_type":"default","og_image_url":null,"og_image_width":null,"og_image_height":null,"og_image_custom_url":null,"og_image_custom_fields":null,"og_video":"","og_custom_url":null,"og_article_section":null,"og_article_tags":null,"twitter_use_og":false,"twitter_card":"default","twitter_image_type":"default","twitter_image_url":null,"twitter_image_custom_url":null,"twitter_image_custom_fields":null,"twitter_title":null,"twitter_description":null,"schema":{"blockGraphs":[],"customGraphs":[],"default":{"data":{"Article":[],"Course":[],"Dataset":[],"FAQPage":[],"Movie":[],"Person":[],"Product":[],"ProductReview":[],"Car":[],"Recipe":[],"Service":[],"SoftwareApplication":[],"WebPage":[]},"graphName":"BlogPosting","isEnabled":true},"graphs":[]},"schema_type":"default","schema_type_options":null,"pillar_content":false,"robots_default":true,"robots_noindex":false,"robots_noarchive":false,"robots_nosnippet":false,"robots_nofollow":false,"robots_noimageindex":false,"robots_noodp":false,"robots_notranslate":false,"robots_max_snippet":"-1","robots_max_videopreview":"-1","robots_max_imagepreview":"large","priority":null,"frequency":"default","local_seo":null,"breadcrumb_settings":null,"limit_modified_date":false,"ai":{"faqs":[],"keyPoints":[],"schemas":[],"titles":[],"descriptions":[],"socialPosts":{"email":{"subject":"","preview":"","content":""},"linkedin":[],"twitter":[],"facebook":[],"instagram":[]}},"created":"2026-09-02 20:19:48","updated":"2026-09-02 20:24:35","seo_analyzer_scan_date":null,"focus_keyword":null,"additional_keywords":null,"truseo_locale":null},"aioseo_breadcrumb":"<div class=\"aioseo-breadcrumbs\"><span class=\"aioseo-breadcrumb\">\n\t\t\t<a href=\"https:\/\/digitalreportmx.com\" title=\"Home\">Home<\/a>\n\t\t<\/span><span class=\"aioseo-breadcrumb-separator\">&raquo;<\/span><span class=\"aioseo-breadcrumb\">\n\t\t\t<a href=\"https:\/\/digitalreportmx.com\/index.php\/category\/relevante-2\/\" title=\"Relevante\">Relevante<\/a>\n\t\t<\/span><span class=\"aioseo-breadcrumb-separator\">&raquo;<\/span><span class=\"aioseo-breadcrumb\">\n\t\t\t<a href=\"https:\/\/digitalreportmx.com\/index.php\/category\/relevante-2\/reporte-local\/\" title=\"REPORTE LOCAL\">REPORTE LOCAL<\/a>\n\t\t<\/span><span class=\"aioseo-breadcrumb-separator\">&raquo;<\/span><span class=\"aioseo-breadcrumb\">\n\t\t\tVa segunda temporada de Memorias de NL: El Podcast\n\t\t<\/span><\/div>","aioseo_breadcrumb_json":[{"label":"Home","link":"https:\/\/digitalreportmx.com"},{"label":"Relevante","link":"https:\/\/digitalreportmx.com\/index.php\/category\/relevante-2\/"},{"label":"REPORTE LOCAL","link":"https:\/\/digitalreportmx.com\/index.php\/category\/relevante-2\/reporte-local\/"},{"label":"Va segunda temporada de Memorias de NL: El Podcast","link":"https:\/\/digitalreportmx.com\/index.php\/2026\/09\/02\/va-segunda-temporada-de-memorias-de-nl-el-podcast\/"}],"_links":{"self":[{"href":"https:\/\/digitalreportmx.com\/index.php\/wp-json\/wp\/v2\/posts\/45864","targetHints":{"allow":["GET"]}}],"collection":[{"href":"https:\/\/digitalreportmx.com\/index.php\/wp-json\/wp\/v2\/posts"}],"about":[{"href":"https:\/\/digitalreportmx.com\/index.php\/wp-json\/wp\/v2\/types\/post"}],"author":[{"embeddable":true,"href":"https:\/\/digitalreportmx.com\/index.php\/wp-json\/wp\/v2\/users\/1"}],"replies":[{"embeddable":true,"href":"https:\/\/digitalreportmx.com\/index.php\/wp-json\/wp\/v2\/comments?post=45864"}],"version-history":[{"count":4,"href":"https:\/\/digitalreportmx.com\/index.php\/wp-json\/wp\/v2\/posts\/45864\/revisions"}],"predecessor-version":[{"id":45873,"href":"https:\/\/digitalreportmx.com\/index.php\/wp-json\/wp\/v2\/posts\/45864\/revisions\/45873"}],"wp:featuredmedia":[{"embeddable":true,"href":"https:\/\/digitalreportmx.com\/index.php\/wp-json\/wp\/v2\/media\/45865"}],"wp:attachment":[{"href":"https:\/\/digitalreportmx.com\/index.php\/wp-json\/wp\/v2\/media?parent=45864"}],"wp:term":[{"taxonomy":"category","embeddable":true,"href":"https:\/\/digitalreportmx.com\/index.php\/wp-json\/wp\/v2\/categories?post=45864"},{"taxonomy":"post_tag","embeddable":true,"href":"https:\/\/digitalreportmx.com\/index.php\/wp-json\/wp\/v2\/tags?post=45864"}],"curies":[{"name":"wp","href":"https:\/\/api.w.org\/{rel}","templated":true}]}}