{"id":45902,"date":"2026-09-03T13:11:01","date_gmt":"2026-09-03T19:11:01","guid":{"rendered":"https:\/\/digitalreportmx.com\/?p=45902"},"modified":"2026-09-03T13:11:02","modified_gmt":"2026-09-03T19:11:02","slug":"pc-monterrey-refuerza-auxilio-en-galeana","status":"publish","type":"post","link":"https:\/\/digitalreportmx.com\/index.php\/2026\/09\/03\/pc-monterrey-refuerza-auxilio-en-galeana\/","title":{"rendered":"PC Monterrey refuerza auxilio en Galeana"},"content":{"rendered":"\n<p>Monterrey,  NL <\/p>\n\n\n\n<p>Para fortalecer la coordinaci\u00f3n entre corporaciones de auxilio y promover la prevenci\u00f3n, la Direcci\u00f3n de Protecci\u00f3n Civil de Monterrey imparti\u00f3 un curso especializado en Rescate Vehicular y Atenci\u00f3n Prehospitalaria a personal de Protecci\u00f3n Civil de Galeana.<\/p>\n\n\n\n<p>Daniel Betancourt Salda\u00f1a, Director de Protecci\u00f3n Civil de Monterrey, se\u00f1al\u00f3 que, por instrucciones del alcalde Adri\u00e1n de la Garza, se continua trabajando de manera cercana con otras corporaciones de auxilio para compartir conocimientos y fortalecer sus capacidades de respuesta.<\/p>\n\n\n\n<figure class=\"wp-block-image size-large\"><img loading=\"lazy\" decoding=\"async\" width=\"1024\" height=\"768\" src=\"https:\/\/digitalreportmx.com\/wp-content\/uploads\/2026\/09\/1000303930-1024x768.jpg\" alt=\"\" class=\"wp-image-45903\" srcset=\"https:\/\/digitalreportmx.com\/wp-content\/uploads\/2026\/09\/1000303930-1024x768.jpg 1024w, https:\/\/digitalreportmx.com\/wp-content\/uploads\/2026\/09\/1000303930-300x225.jpg 300w, https:\/\/digitalreportmx.com\/wp-content\/uploads\/2026\/09\/1000303930-768x576.jpg 768w, https:\/\/digitalreportmx.com\/wp-content\/uploads\/2026\/09\/1000303930-1536x1152.jpg 1536w, https:\/\/digitalreportmx.com\/wp-content\/uploads\/2026\/09\/1000303930-2048x1536.jpg 2048w\" sizes=\"auto, (max-width: 1024px) 100vw, 1024px\" \/><\/figure>\n\n\n\n<p>\u201cSiguiendo las instrucciones del alcalde Adri\u00e1n de la Garza, de mantener un gobierno cercano con otras instituciones, estuvimos dando un curso de rescate vehicular y atenci\u00f3n prehospitalaria en el municipio de Galeana\u201d, expres\u00f3.<\/p>\n\n\n\n<p>La capacitaci\u00f3n tuvo como objetivo homologar criterios de actuaci\u00f3n y actualizar los protocolos de extracci\u00f3n ante accidentes vehiculares, considerando los cambios en la tecnolog\u00eda y construcci\u00f3n de los veh\u00edculos modernos.<\/p>\n\n\n\n<figure class=\"wp-block-image size-large\"><img loading=\"lazy\" decoding=\"async\" width=\"1024\" height=\"768\" src=\"https:\/\/digitalreportmx.com\/wp-content\/uploads\/2026\/09\/1000303940-1024x768.jpg\" alt=\"\" class=\"wp-image-45904\" srcset=\"https:\/\/digitalreportmx.com\/wp-content\/uploads\/2026\/09\/1000303940-1024x768.jpg 1024w, https:\/\/digitalreportmx.com\/wp-content\/uploads\/2026\/09\/1000303940-300x225.jpg 300w, https:\/\/digitalreportmx.com\/wp-content\/uploads\/2026\/09\/1000303940-768x576.jpg 768w, https:\/\/digitalreportmx.com\/wp-content\/uploads\/2026\/09\/1000303940-1536x1152.jpg 1536w, https:\/\/digitalreportmx.com\/wp-content\/uploads\/2026\/09\/1000303940-2048x1536.jpg 2048w\" sizes=\"auto, (max-width: 1024px) 100vw, 1024px\" \/><\/figure>\n\n\n\n<p>Se abordaron temas relacionados con la evaluaci\u00f3n y seguridad de la escena, uso de equipo de protecci\u00f3n personal y herramientas de rescate, control de riesgos, acceso y atenci\u00f3n inicial al paciente, as\u00ed como t\u00e9cnicas de extracci\u00f3n de personas prensadas y atenci\u00f3n prehospitalaria del s\u00edndrome de aplastamiento.<\/p>\n\n\n\n<p>Protecci\u00f3n Civil de Monterrey prev\u00e9 llevar pr\u00f3ximamente estas capacitaciones a los municipios de Allende y Linares, como parte de las acciones de coordinaci\u00f3n con las corporaciones de auxilio que forman parte del Corredor Seguro hacia el sur del Estado.<\/p>\n\n\n\n<figure class=\"wp-block-image size-large\"><img loading=\"lazy\" decoding=\"async\" width=\"1024\" height=\"768\" src=\"https:\/\/digitalreportmx.com\/wp-content\/uploads\/2026\/09\/1000303922-1024x768.jpg\" alt=\"\" class=\"wp-image-45905\" srcset=\"https:\/\/digitalreportmx.com\/wp-content\/uploads\/2026\/09\/1000303922-1024x768.jpg 1024w, https:\/\/digitalreportmx.com\/wp-content\/uploads\/2026\/09\/1000303922-300x225.jpg 300w, https:\/\/digitalreportmx.com\/wp-content\/uploads\/2026\/09\/1000303922-768x576.jpg 768w, https:\/\/digitalreportmx.com\/wp-content\/uploads\/2026\/09\/1000303922-1536x1152.jpg 1536w, https:\/\/digitalreportmx.com\/wp-content\/uploads\/2026\/09\/1000303922-2048x1536.jpg 2048w\" sizes=\"auto, (max-width: 1024px) 100vw, 1024px\" \/><\/figure>\n","protected":false},"excerpt":{"rendered":"<p>Monterrey, NL Para fortalecer la coordinaci\u00f3n entre corporaciones de auxilio y promover la prevenci\u00f3n, la Direcci\u00f3n de Protecci\u00f3n Civil de Monterrey imparti\u00f3 un curso especializado en Rescate Vehicular y Atenci\u00f3n Prehospitalaria a personal de Protecci\u00f3n Civil de Galeana. Daniel Betancourt Salda\u00f1a, Director de Protecci\u00f3n Civil de Monterrey, se\u00f1al\u00f3 que, por instrucciones del alcalde Adri\u00e1n de [&hellip;]<\/p>\n","protected":false},"author":1,"featured_media":45906,"comment_status":"open","ping_status":"open","sticky":false,"template":"","format":"standard","meta":{"om_disable_all_campaigns":false,"_monsterinsights_skip_tracking":false,"_uf_show_specific_survey":0,"_uf_disable_surveys":false,"footnotes":""},"categories":[15,6],"tags":[],"class_list":["post-45902","post","type-post","status-publish","format-standard","has-post-thumbnail","hentry","category-relevante","category-local"],"aioseo_notices":[],"aioseo_head":"\n\t\t<!-- All in One SEO 5.0.1.1 - aioseo.com -->\n\t<meta name=\"description\" content=\"Monterrey, NL Para fortalecer la coordinaci\u00f3n entre corporaciones de auxilio y promover la prevenci\u00f3n, la Direcci\u00f3n de Protecci\u00f3n Civil de Monterrey imparti\u00f3 un curso especializado en Rescate Vehicular y Atenci\u00f3n Prehospitalaria a personal de Protecci\u00f3n Civil de Galeana. Daniel Betancourt Salda\u00f1a, Director de Protecci\u00f3n Civil de Monterrey, se\u00f1al\u00f3 que, por instrucciones del alcalde Adri\u00e1n de\" \/>\n\t<meta name=\"robots\" content=\"max-image-preview:large\" \/>\n\t<meta name=\"author\" content=\"digitalreportmx.com\"\/>\n\t<link rel=\"canonical\" href=\"https:\/\/digitalreportmx.com\/index.php\/2026\/09\/03\/pc-monterrey-refuerza-auxilio-en-galeana\/\" \/>\n\t<meta name=\"generator\" content=\"All in One SEO (AIOSEO) 5.0.1.1\" \/>\n\t\t<meta property=\"og:locale\" content=\"es_MX\" \/>\n\t\t<meta property=\"og:site_name\" content=\"-\" \/>\n\t\t<meta property=\"og:type\" content=\"article\" \/>\n\t\t<meta property=\"og:title\" content=\"PC Monterrey refuerza auxilio en Galeana -\" \/>\n\t\t<meta property=\"og:description\" content=\"Monterrey, NL Para fortalecer la coordinaci\u00f3n entre corporaciones de auxilio y promover la prevenci\u00f3n, la Direcci\u00f3n de Protecci\u00f3n Civil de Monterrey imparti\u00f3 un curso especializado en Rescate Vehicular y Atenci\u00f3n Prehospitalaria a personal de Protecci\u00f3n Civil de Galeana. Daniel Betancourt Salda\u00f1a, Director de Protecci\u00f3n Civil de Monterrey, se\u00f1al\u00f3 que, por instrucciones del alcalde Adri\u00e1n de\" \/>\n\t\t<meta property=\"og:url\" content=\"https:\/\/digitalreportmx.com\/index.php\/2026\/09\/03\/pc-monterrey-refuerza-auxilio-en-galeana\/\" \/>\n\t\t<meta property=\"og:image\" content=\"https:\/\/digitalreportmx.com\/wp-content\/uploads\/2024\/02\/cropped-cropped-DRLOGO-1.jpg\" \/>\n\t\t<meta property=\"og:image:secure_url\" content=\"https:\/\/digitalreportmx.com\/wp-content\/uploads\/2024\/02\/cropped-cropped-DRLOGO-1.jpg\" \/>\n\t\t<meta property=\"article:published_time\" content=\"2026-09-03T19:11:01+00:00\" \/>\n\t\t<meta property=\"article:modified_time\" content=\"2026-09-03T19:11:02+00:00\" \/>\n\t\t<meta name=\"twitter:card\" content=\"summary_large_image\" \/>\n\t\t<meta name=\"twitter:title\" content=\"PC Monterrey refuerza auxilio en Galeana -\" \/>\n\t\t<meta name=\"twitter:description\" content=\"Monterrey, NL Para fortalecer la coordinaci\u00f3n entre corporaciones de auxilio y promover la prevenci\u00f3n, la Direcci\u00f3n de Protecci\u00f3n Civil de Monterrey imparti\u00f3 un curso especializado en Rescate Vehicular y Atenci\u00f3n Prehospitalaria a personal de Protecci\u00f3n Civil de Galeana. Daniel Betancourt Salda\u00f1a, Director de Protecci\u00f3n Civil de Monterrey, se\u00f1al\u00f3 que, por instrucciones del alcalde Adri\u00e1n de\" \/>\n\t\t<meta name=\"twitter:image\" content=\"https:\/\/digitalreportmx.com\/wp-content\/uploads\/2024\/02\/cropped-cropped-DRLOGO-1.jpg\" \/>\n\t\t<script type=\"application\/ld+json\" class=\"aioseo-schema\">\n\t\t\t{\"@context\":\"https:\\\/\\\/schema.org\",\"@graph\":[{\"@type\":\"BlogPosting\",\"@id\":\"https:\\\/\\\/digitalreportmx.com\\\/index.php\\\/2026\\\/09\\\/03\\\/pc-monterrey-refuerza-auxilio-en-galeana\\\/#blogposting\",\"name\":\"PC Monterrey refuerza auxilio en Galeana -\",\"headline\":\"PC Monterrey refuerza auxilio en Galeana\",\"author\":{\"@id\":\"https:\\\/\\\/digitalreportmx.com\\\/index.php\\\/author\\\/digitalreportmx-com\\\/#author\"},\"publisher\":{\"@id\":\"https:\\\/\\\/digitalreportmx.com\\\/#organization\"},\"image\":{\"@type\":\"ImageObject\",\"url\":\"https:\\\/\\\/digitalreportmx.com\\\/wp-content\\\/uploads\\\/2026\\\/09\\\/IMG-20260903-WA0047-scaled.jpg\",\"width\":2560,\"height\":1920},\"datePublished\":\"2026-09-03T13:11:01-06:00\",\"dateModified\":\"2026-09-03T13:11:02-06:00\",\"inLanguage\":\"es-MX\",\"mainEntityOfPage\":{\"@id\":\"https:\\\/\\\/digitalreportmx.com\\\/index.php\\\/2026\\\/09\\\/03\\\/pc-monterrey-refuerza-auxilio-en-galeana\\\/#webpage\"},\"isPartOf\":{\"@id\":\"https:\\\/\\\/digitalreportmx.com\\\/index.php\\\/2026\\\/09\\\/03\\\/pc-monterrey-refuerza-auxilio-en-galeana\\\/#webpage\"},\"articleSection\":\"-Relevante, Local\"},{\"@type\":\"BreadcrumbList\",\"@id\":\"https:\\\/\\\/digitalreportmx.com\\\/index.php\\\/2026\\\/09\\\/03\\\/pc-monterrey-refuerza-auxilio-en-galeana\\\/#breadcrumblist\",\"itemListElement\":[{\"@type\":\"ListItem\",\"@id\":\"https:\\\/\\\/digitalreportmx.com#listItem\",\"position\":1,\"name\":\"Home\",\"item\":\"https:\\\/\\\/digitalreportmx.com\",\"nextItem\":{\"@type\":\"ListItem\",\"@id\":\"https:\\\/\\\/digitalreportmx.com\\\/index.php\\\/category\\\/local\\\/#listItem\",\"name\":\"Local\"}},{\"@type\":\"ListItem\",\"@id\":\"https:\\\/\\\/digitalreportmx.com\\\/index.php\\\/category\\\/local\\\/#listItem\",\"position\":2,\"name\":\"Local\",\"item\":\"https:\\\/\\\/digitalreportmx.com\\\/index.php\\\/category\\\/local\\\/\",\"nextItem\":{\"@type\":\"ListItem\",\"@id\":\"https:\\\/\\\/digitalreportmx.com\\\/index.php\\\/2026\\\/09\\\/03\\\/pc-monterrey-refuerza-auxilio-en-galeana\\\/#listItem\",\"name\":\"PC Monterrey refuerza auxilio en Galeana\"},\"previousItem\":{\"@type\":\"ListItem\",\"@id\":\"https:\\\/\\\/digitalreportmx.com#listItem\",\"name\":\"Home\"}},{\"@type\":\"ListItem\",\"@id\":\"https:\\\/\\\/digitalreportmx.com\\\/index.php\\\/2026\\\/09\\\/03\\\/pc-monterrey-refuerza-auxilio-en-galeana\\\/#listItem\",\"position\":3,\"name\":\"PC Monterrey refuerza auxilio en Galeana\",\"previousItem\":{\"@type\":\"ListItem\",\"@id\":\"https:\\\/\\\/digitalreportmx.com\\\/index.php\\\/category\\\/local\\\/#listItem\",\"name\":\"Local\"}}]},{\"@type\":\"Organization\",\"@id\":\"https:\\\/\\\/digitalreportmx.com\\\/#organization\",\"name\":\"digitalreportmx.com\",\"url\":\"https:\\\/\\\/digitalreportmx.com\\\/\",\"logo\":{\"@type\":\"ImageObject\",\"url\":\"https:\\\/\\\/digitalreportmx.com\\\/wp-content\\\/uploads\\\/2024\\\/02\\\/cropped-cropped-DRLOGO-1.jpg\",\"@id\":\"https:\\\/\\\/digitalreportmx.com\\\/index.php\\\/2026\\\/09\\\/03\\\/pc-monterrey-refuerza-auxilio-en-galeana\\\/#organizationLogo\",\"width\":1693,\"height\":281},\"image\":{\"@id\":\"https:\\\/\\\/digitalreportmx.com\\\/index.php\\\/2026\\\/09\\\/03\\\/pc-monterrey-refuerza-auxilio-en-galeana\\\/#organizationLogo\"}},{\"@type\":\"Person\",\"@id\":\"https:\\\/\\\/digitalreportmx.com\\\/index.php\\\/author\\\/digitalreportmx-com\\\/#author\",\"url\":\"https:\\\/\\\/digitalreportmx.com\\\/index.php\\\/author\\\/digitalreportmx-com\\\/\",\"name\":\"digitalreportmx.com\",\"image\":{\"@type\":\"ImageObject\",\"@id\":\"https:\\\/\\\/digitalreportmx.com\\\/index.php\\\/2026\\\/09\\\/03\\\/pc-monterrey-refuerza-auxilio-en-galeana\\\/#authorImage\",\"url\":\"https:\\\/\\\/secure.gravatar.com\\\/avatar\\\/2188078a0605d73ef57c1a9ac85e5a46c94d745432f7d01a9f4feac443943526?s=96&d=mm&r=g\",\"width\":96,\"height\":96,\"caption\":\"digitalreportmx.com\"}},{\"@type\":\"WebPage\",\"@id\":\"https:\\\/\\\/digitalreportmx.com\\\/index.php\\\/2026\\\/09\\\/03\\\/pc-monterrey-refuerza-auxilio-en-galeana\\\/#webpage\",\"url\":\"https:\\\/\\\/digitalreportmx.com\\\/index.php\\\/2026\\\/09\\\/03\\\/pc-monterrey-refuerza-auxilio-en-galeana\\\/\",\"name\":\"PC Monterrey refuerza auxilio en Galeana -\",\"description\":\"Monterrey, NL Para fortalecer la coordinaci\\u00f3n entre corporaciones de auxilio y promover la prevenci\\u00f3n, la Direcci\\u00f3n de Protecci\\u00f3n Civil de Monterrey imparti\\u00f3 un curso especializado en Rescate Vehicular y Atenci\\u00f3n Prehospitalaria a personal de Protecci\\u00f3n Civil de Galeana. Daniel Betancourt Salda\\u00f1a, Director de Protecci\\u00f3n Civil de Monterrey, se\\u00f1al\\u00f3 que, por instrucciones del alcalde Adri\\u00e1n de\",\"inLanguage\":\"es-MX\",\"isPartOf\":{\"@id\":\"https:\\\/\\\/digitalreportmx.com\\\/#website\"},\"breadcrumb\":{\"@id\":\"https:\\\/\\\/digitalreportmx.com\\\/index.php\\\/2026\\\/09\\\/03\\\/pc-monterrey-refuerza-auxilio-en-galeana\\\/#breadcrumblist\"},\"author\":{\"@id\":\"https:\\\/\\\/digitalreportmx.com\\\/index.php\\\/author\\\/digitalreportmx-com\\\/#author\"},\"creator\":{\"@id\":\"https:\\\/\\\/digitalreportmx.com\\\/index.php\\\/author\\\/digitalreportmx-com\\\/#author\"},\"image\":{\"@type\":\"ImageObject\",\"url\":\"https:\\\/\\\/digitalreportmx.com\\\/wp-content\\\/uploads\\\/2026\\\/09\\\/IMG-20260903-WA0047-scaled.jpg\",\"@id\":\"https:\\\/\\\/digitalreportmx.com\\\/index.php\\\/2026\\\/09\\\/03\\\/pc-monterrey-refuerza-auxilio-en-galeana\\\/#mainImage\",\"width\":2560,\"height\":1920},\"primaryImageOfPage\":{\"@id\":\"https:\\\/\\\/digitalreportmx.com\\\/index.php\\\/2026\\\/09\\\/03\\\/pc-monterrey-refuerza-auxilio-en-galeana\\\/#mainImage\"},\"datePublished\":\"2026-09-03T13:11:01-06:00\",\"dateModified\":\"2026-09-03T13:11:02-06:00\"},{\"@type\":\"WebSite\",\"@id\":\"https:\\\/\\\/digitalreportmx.com\\\/#website\",\"url\":\"https:\\\/\\\/digitalreportmx.com\\\/\",\"name\":\"digitalreportmx.com\",\"inLanguage\":\"es-MX\",\"publisher\":{\"@id\":\"https:\\\/\\\/digitalreportmx.com\\\/#organization\"}}]}\n\t\t<\/script>\n\t\t<!-- All in One SEO -->\n\n","aioseo_head_json":{"title":"PC Monterrey refuerza auxilio en Galeana -","description":"Monterrey, NL Para fortalecer la coordinaci\u00f3n entre corporaciones de auxilio y promover la prevenci\u00f3n, la Direcci\u00f3n de Protecci\u00f3n Civil de Monterrey imparti\u00f3 un curso especializado en Rescate Vehicular y Atenci\u00f3n Prehospitalaria a personal de Protecci\u00f3n Civil de Galeana. Daniel Betancourt Salda\u00f1a, Director de Protecci\u00f3n Civil de Monterrey, se\u00f1al\u00f3 que, por instrucciones del alcalde Adri\u00e1n de","canonical_url":"https:\/\/digitalreportmx.com\/index.php\/2026\/09\/03\/pc-monterrey-refuerza-auxilio-en-galeana\/","robots":"max-image-preview:large","keywords":"","webmasterTools":{"miscellaneous":""},"schema":{"@context":"https:\/\/schema.org","@graph":[{"@type":"BlogPosting","@id":"https:\/\/digitalreportmx.com\/index.php\/2026\/09\/03\/pc-monterrey-refuerza-auxilio-en-galeana\/#blogposting","name":"PC Monterrey refuerza auxilio en Galeana -","headline":"PC Monterrey refuerza auxilio en Galeana","author":{"@id":"https:\/\/digitalreportmx.com\/index.php\/author\/digitalreportmx-com\/#author"},"publisher":{"@id":"https:\/\/digitalreportmx.com\/#organization"},"image":{"@type":"ImageObject","url":"https:\/\/digitalreportmx.com\/wp-content\/uploads\/2026\/09\/IMG-20260903-WA0047-scaled.jpg","width":2560,"height":1920},"datePublished":"2026-09-03T13:11:01-06:00","dateModified":"2026-09-03T13:11:02-06:00","inLanguage":"es-MX","mainEntityOfPage":{"@id":"https:\/\/digitalreportmx.com\/index.php\/2026\/09\/03\/pc-monterrey-refuerza-auxilio-en-galeana\/#webpage"},"isPartOf":{"@id":"https:\/\/digitalreportmx.com\/index.php\/2026\/09\/03\/pc-monterrey-refuerza-auxilio-en-galeana\/#webpage"},"articleSection":"-Relevante, Local"},{"@type":"BreadcrumbList","@id":"https:\/\/digitalreportmx.com\/index.php\/2026\/09\/03\/pc-monterrey-refuerza-auxilio-en-galeana\/#breadcrumblist","itemListElement":[{"@type":"ListItem","@id":"https:\/\/digitalreportmx.com#listItem","position":1,"name":"Home","item":"https:\/\/digitalreportmx.com","nextItem":{"@type":"ListItem","@id":"https:\/\/digitalreportmx.com\/index.php\/category\/local\/#listItem","name":"Local"}},{"@type":"ListItem","@id":"https:\/\/digitalreportmx.com\/index.php\/category\/local\/#listItem","position":2,"name":"Local","item":"https:\/\/digitalreportmx.com\/index.php\/category\/local\/","nextItem":{"@type":"ListItem","@id":"https:\/\/digitalreportmx.com\/index.php\/2026\/09\/03\/pc-monterrey-refuerza-auxilio-en-galeana\/#listItem","name":"PC Monterrey refuerza auxilio en Galeana"},"previousItem":{"@type":"ListItem","@id":"https:\/\/digitalreportmx.com#listItem","name":"Home"}},{"@type":"ListItem","@id":"https:\/\/digitalreportmx.com\/index.php\/2026\/09\/03\/pc-monterrey-refuerza-auxilio-en-galeana\/#listItem","position":3,"name":"PC Monterrey refuerza auxilio en Galeana","previousItem":{"@type":"ListItem","@id":"https:\/\/digitalreportmx.com\/index.php\/category\/local\/#listItem","name":"Local"}}]},{"@type":"Organization","@id":"https:\/\/digitalreportmx.com\/#organization","name":"digitalreportmx.com","url":"https:\/\/digitalreportmx.com\/","logo":{"@type":"ImageObject","url":"https:\/\/digitalreportmx.com\/wp-content\/uploads\/2024\/02\/cropped-cropped-DRLOGO-1.jpg","@id":"https:\/\/digitalreportmx.com\/index.php\/2026\/09\/03\/pc-monterrey-refuerza-auxilio-en-galeana\/#organizationLogo","width":1693,"height":281},"image":{"@id":"https:\/\/digitalreportmx.com\/index.php\/2026\/09\/03\/pc-monterrey-refuerza-auxilio-en-galeana\/#organizationLogo"}},{"@type":"Person","@id":"https:\/\/digitalreportmx.com\/index.php\/author\/digitalreportmx-com\/#author","url":"https:\/\/digitalreportmx.com\/index.php\/author\/digitalreportmx-com\/","name":"digitalreportmx.com","image":{"@type":"ImageObject","@id":"https:\/\/digitalreportmx.com\/index.php\/2026\/09\/03\/pc-monterrey-refuerza-auxilio-en-galeana\/#authorImage","url":"https:\/\/secure.gravatar.com\/avatar\/2188078a0605d73ef57c1a9ac85e5a46c94d745432f7d01a9f4feac443943526?s=96&d=mm&r=g","width":96,"height":96,"caption":"digitalreportmx.com"}},{"@type":"WebPage","@id":"https:\/\/digitalreportmx.com\/index.php\/2026\/09\/03\/pc-monterrey-refuerza-auxilio-en-galeana\/#webpage","url":"https:\/\/digitalreportmx.com\/index.php\/2026\/09\/03\/pc-monterrey-refuerza-auxilio-en-galeana\/","name":"PC Monterrey refuerza auxilio en Galeana -","description":"Monterrey, NL Para fortalecer la coordinaci\u00f3n entre corporaciones de auxilio y promover la prevenci\u00f3n, la Direcci\u00f3n de Protecci\u00f3n Civil de Monterrey imparti\u00f3 un curso especializado en Rescate Vehicular y Atenci\u00f3n Prehospitalaria a personal de Protecci\u00f3n Civil de Galeana. Daniel Betancourt Salda\u00f1a, Director de Protecci\u00f3n Civil de Monterrey, se\u00f1al\u00f3 que, por instrucciones del alcalde Adri\u00e1n de","inLanguage":"es-MX","isPartOf":{"@id":"https:\/\/digitalreportmx.com\/#website"},"breadcrumb":{"@id":"https:\/\/digitalreportmx.com\/index.php\/2026\/09\/03\/pc-monterrey-refuerza-auxilio-en-galeana\/#breadcrumblist"},"author":{"@id":"https:\/\/digitalreportmx.com\/index.php\/author\/digitalreportmx-com\/#author"},"creator":{"@id":"https:\/\/digitalreportmx.com\/index.php\/author\/digitalreportmx-com\/#author"},"image":{"@type":"ImageObject","url":"https:\/\/digitalreportmx.com\/wp-content\/uploads\/2026\/09\/IMG-20260903-WA0047-scaled.jpg","@id":"https:\/\/digitalreportmx.com\/index.php\/2026\/09\/03\/pc-monterrey-refuerza-auxilio-en-galeana\/#mainImage","width":2560,"height":1920},"primaryImageOfPage":{"@id":"https:\/\/digitalreportmx.com\/index.php\/2026\/09\/03\/pc-monterrey-refuerza-auxilio-en-galeana\/#mainImage"},"datePublished":"2026-09-03T13:11:01-06:00","dateModified":"2026-09-03T13:11:02-06:00"},{"@type":"WebSite","@id":"https:\/\/digitalreportmx.com\/#website","url":"https:\/\/digitalreportmx.com\/","name":"digitalreportmx.com","inLanguage":"es-MX","publisher":{"@id":"https:\/\/digitalreportmx.com\/#organization"}}]},"og:locale":"es_MX","og:site_name":"-","og:type":"article","og:title":"PC Monterrey refuerza auxilio en Galeana -","og:description":"Monterrey, NL Para fortalecer la coordinaci\u00f3n entre corporaciones de auxilio y promover la prevenci\u00f3n, la Direcci\u00f3n de Protecci\u00f3n Civil de Monterrey imparti\u00f3 un curso especializado en Rescate Vehicular y Atenci\u00f3n Prehospitalaria a personal de Protecci\u00f3n Civil de Galeana. Daniel Betancourt Salda\u00f1a, Director de Protecci\u00f3n Civil de Monterrey, se\u00f1al\u00f3 que, por instrucciones del alcalde Adri\u00e1n de","og:url":"https:\/\/digitalreportmx.com\/index.php\/2026\/09\/03\/pc-monterrey-refuerza-auxilio-en-galeana\/","og:image":"https:\/\/digitalreportmx.com\/wp-content\/uploads\/2024\/02\/cropped-cropped-DRLOGO-1.jpg","og:image:secure_url":"https:\/\/digitalreportmx.com\/wp-content\/uploads\/2024\/02\/cropped-cropped-DRLOGO-1.jpg","article:published_time":"2026-09-03T19:11:01+00:00","article:modified_time":"2026-09-03T19:11:02+00:00","twitter:card":"summary_large_image","twitter:title":"PC Monterrey refuerza auxilio en Galeana -","twitter:description":"Monterrey, NL Para fortalecer la coordinaci\u00f3n entre corporaciones de auxilio y promover la prevenci\u00f3n, la Direcci\u00f3n de Protecci\u00f3n Civil de Monterrey imparti\u00f3 un curso especializado en Rescate Vehicular y Atenci\u00f3n Prehospitalaria a personal de Protecci\u00f3n Civil de Galeana. Daniel Betancourt Salda\u00f1a, Director de Protecci\u00f3n Civil de Monterrey, se\u00f1al\u00f3 que, por instrucciones del alcalde Adri\u00e1n de","twitter:image":"https:\/\/digitalreportmx.com\/wp-content\/uploads\/2024\/02\/cropped-cropped-DRLOGO-1.jpg"},"aioseo_meta_data":{"post_id":"45902","title":null,"description":null,"keywords":null,"keyphrases":{"focus":{"keyphrase":"","score":0,"analysis":{"keyphraseInTitle":{"score":0,"maxScore":9,"error":1}}},"additional":[]},"primary_term":null,"canonical_url":null,"og_title":null,"og_description":null,"og_object_type":"default","og_image_type":"default","og_image_url":null,"og_image_width":null,"og_image_height":null,"og_image_custom_url":null,"og_image_custom_fields":null,"og_video":"","og_custom_url":null,"og_article_section":null,"og_article_tags":null,"twitter_use_og":false,"twitter_card":"default","twitter_image_type":"default","twitter_image_url":null,"twitter_image_custom_url":null,"twitter_image_custom_fields":null,"twitter_title":null,"twitter_description":null,"schema":{"blockGraphs":[],"customGraphs":[],"default":{"data":{"Article":[],"Course":[],"Dataset":[],"FAQPage":[],"Movie":[],"Person":[],"Product":[],"ProductReview":[],"Car":[],"Recipe":[],"Service":[],"SoftwareApplication":[],"WebPage":[]},"graphName":"BlogPosting","isEnabled":true},"graphs":[]},"schema_type":"default","schema_type_options":null,"pillar_content":false,"robots_default":true,"robots_noindex":false,"robots_noarchive":false,"robots_nosnippet":false,"robots_nofollow":false,"robots_noimageindex":false,"robots_noodp":false,"robots_notranslate":false,"robots_max_snippet":"-1","robots_max_videopreview":"-1","robots_max_imagepreview":"large","priority":null,"frequency":"default","local_seo":null,"breadcrumb_settings":null,"limit_modified_date":false,"ai":{"faqs":[],"keyPoints":[],"schemas":[],"titles":[],"descriptions":[],"socialPosts":{"email":{"subject":"","preview":"","content":""},"linkedin":[],"twitter":[],"facebook":[],"instagram":[]}},"created":"2026-09-03 19:11:02","updated":"2026-09-03 19:12:12","seo_analyzer_scan_date":null,"focus_keyword":null,"additional_keywords":null,"truseo_locale":null},"aioseo_breadcrumb":"<div class=\"aioseo-breadcrumbs\"><span class=\"aioseo-breadcrumb\">\n\t\t\t<a href=\"https:\/\/digitalreportmx.com\" title=\"Home\">Home<\/a>\n\t\t<\/span><span class=\"aioseo-breadcrumb-separator\">&raquo;<\/span><span class=\"aioseo-breadcrumb\">\n\t\t\t<a href=\"https:\/\/digitalreportmx.com\/index.php\/category\/local\/\" title=\"Local\">Local<\/a>\n\t\t<\/span><span class=\"aioseo-breadcrumb-separator\">&raquo;<\/span><span class=\"aioseo-breadcrumb\">\n\t\t\tPC Monterrey refuerza auxilio en Galeana\n\t\t<\/span><\/div>","aioseo_breadcrumb_json":[{"label":"Home","link":"https:\/\/digitalreportmx.com"},{"label":"Local","link":"https:\/\/digitalreportmx.com\/index.php\/category\/local\/"},{"label":"PC Monterrey refuerza auxilio en Galeana","link":"https:\/\/digitalreportmx.com\/index.php\/2026\/09\/03\/pc-monterrey-refuerza-auxilio-en-galeana\/"}],"_links":{"self":[{"href":"https:\/\/digitalreportmx.com\/index.php\/wp-json\/wp\/v2\/posts\/45902","targetHints":{"allow":["GET"]}}],"collection":[{"href":"https:\/\/digitalreportmx.com\/index.php\/wp-json\/wp\/v2\/posts"}],"about":[{"href":"https:\/\/digitalreportmx.com\/index.php\/wp-json\/wp\/v2\/types\/post"}],"author":[{"embeddable":true,"href":"https:\/\/digitalreportmx.com\/index.php\/wp-json\/wp\/v2\/users\/1"}],"replies":[{"embeddable":true,"href":"https:\/\/digitalreportmx.com\/index.php\/wp-json\/wp\/v2\/comments?post=45902"}],"version-history":[{"count":1,"href":"https:\/\/digitalreportmx.com\/index.php\/wp-json\/wp\/v2\/posts\/45902\/revisions"}],"predecessor-version":[{"id":45907,"href":"https:\/\/digitalreportmx.com\/index.php\/wp-json\/wp\/v2\/posts\/45902\/revisions\/45907"}],"wp:featuredmedia":[{"embeddable":true,"href":"https:\/\/digitalreportmx.com\/index.php\/wp-json\/wp\/v2\/media\/45906"}],"wp:attachment":[{"href":"https:\/\/digitalreportmx.com\/index.php\/wp-json\/wp\/v2\/media?parent=45902"}],"wp:term":[{"taxonomy":"category","embeddable":true,"href":"https:\/\/digitalreportmx.com\/index.php\/wp-json\/wp\/v2\/categories?post=45902"},{"taxonomy":"post_tag","embeddable":true,"href":"https:\/\/digitalreportmx.com\/index.php\/wp-json\/wp\/v2\/tags?post=45902"}],"curies":[{"name":"wp","href":"https:\/\/api.w.org\/{rel}","templated":true}]}}