{"id":45959,"date":"2026-09-04T15:55:59","date_gmt":"2026-09-04T21:55:59","guid":{"rendered":"https:\/\/digitalreportmx.com\/?p=45959"},"modified":"2026-09-04T15:58:25","modified_gmt":"2026-09-04T21:58:25","slug":"miguel-flores-pide-debatir-por-penas-mas-severas-a-criminales","status":"publish","type":"post","link":"https:\/\/digitalreportmx.com\/index.php\/2026\/09\/04\/miguel-flores-pide-debatir-por-penas-mas-severas-a-criminales\/","title":{"rendered":"Miguel Flores pide debatir por penas m\u00e1s severas a criminales"},"content":{"rendered":"\n<p><kbd>Monterrey<\/kbd>, Nuevo Le\u00f3n<\/p>\n\n\n\n<p>El Secretario General de Gobierno, Miguel \u00c1ngel Flores Serna, hizo un exhorto para abrir el debate sobre aplicar penas m\u00e1s severas a quienes atenten contra la vida e integridad de las personas.<\/p>\n\n\n\n<p>El funcionario estatal extern\u00f3 su postura tras darse a conocer el caso del m\u00fasico Jonathan Mel\u00e9ndez, integrante del grupo Camilo S\u00e9ptimo, quien fue asesinado junto a su esposa embarazada, su hija de seis a\u00f1os de edad y su ni\u00f1era, en el Estado de M\u00e9xico.<\/p>\n\n\n\n<p>\u201c\u00bfQu\u00e9 m\u00e1s tiene que pasar a M\u00e9xico para que digamos ya basta? Invito a gobernadores, alcaldes, autoridades y a todos los ciudadanos mexicanos a que ya abramos un debate serio sobre la castraci\u00f3n qu\u00edmica a violadores de ni\u00f1os, sobre la pena de muerte y sobre cadena perpetua a este tipo de monstruos\u201d, expres\u00f3 Flores Serna.<\/p>\n\n\n\n<figure class=\"wp-block-video\"><video controls src=\"https:\/\/digitalreportmx.com\/wp-content\/uploads\/2026\/09\/1000385393.mov\"><\/video><\/figure>\n\n\n\n<p>A trav\u00e9s de la aplicaci\u00f3n de penas m\u00e1s severas, detall\u00f3, se dar\u00e1n herramientas a las polic\u00edas y procuradur\u00edas para evitar que homicidas encuentren vac\u00edos legales que les permitan reducir sus sentencias o, incluso, quedar absueltos.<\/p>\n\n\n\n<p>Flores Serna record\u00f3 que desde Nuevo Le\u00f3n se han impulsado reformas al C\u00f3digo Penal para fortalecer las sanciones contra delitos que afectan gravemente a la sociedad, particularmente aquellos cometidos contra ni\u00f1as, ni\u00f1os y adolescentes.<\/p>\n\n\n\n<p>\u201cMuchas de esas propuestas nacieron de escuchar historias que indignan. Hay quienes se incomodan cuando se habla de mano dura, pero m\u00e1s deber\u00eda incomodarnos que existan agresores que destruyen la vida de un ni\u00f1o y despu\u00e9s vuelven a caminar por la calle como si nada hubiera pasado\u201d, concluy\u00f3 el funcionario.<\/p>\n\n\n\n<figure class=\"wp-block-image size-large\"><img loading=\"lazy\" decoding=\"async\" width=\"1024\" height=\"1024\" src=\"https:\/\/digitalreportmx.com\/wp-content\/uploads\/2026\/09\/1000385395-1024x1024.jpg\" alt=\"\" class=\"wp-image-45962\" srcset=\"https:\/\/digitalreportmx.com\/wp-content\/uploads\/2026\/09\/1000385395-1024x1024.jpg 1024w, https:\/\/digitalreportmx.com\/wp-content\/uploads\/2026\/09\/1000385395-300x300.jpg 300w, https:\/\/digitalreportmx.com\/wp-content\/uploads\/2026\/09\/1000385395-150x150.jpg 150w, https:\/\/digitalreportmx.com\/wp-content\/uploads\/2026\/09\/1000385395-768x769.jpg 768w, https:\/\/digitalreportmx.com\/wp-content\/uploads\/2026\/09\/1000385395.jpg 1279w\" sizes=\"auto, (max-width: 1024px) 100vw, 1024px\" \/><\/figure>\n","protected":false},"excerpt":{"rendered":"<p>Monterrey, Nuevo Le\u00f3n El Secretario General de Gobierno, Miguel \u00c1ngel Flores Serna, hizo un exhorto para abrir el debate sobre aplicar penas m\u00e1s severas a quienes atenten contra la vida e integridad de las personas. El funcionario estatal extern\u00f3 su postura tras darse a conocer el caso del m\u00fasico Jonathan Mel\u00e9ndez, integrante del grupo Camilo [&hellip;]<\/p>\n","protected":false},"author":1,"featured_media":45960,"comment_status":"open","ping_status":"open","sticky":false,"template":"","format":"standard","meta":{"om_disable_all_campaigns":false,"_monsterinsights_skip_tracking":false,"_uf_show_specific_survey":0,"_uf_disable_surveys":false,"footnotes":""},"categories":[16,13],"tags":[],"class_list":["post-45959","post","type-post","status-publish","format-standard","has-post-thumbnail","hentry","category-relevante-2","category-reporte-local"],"aioseo_notices":[],"aioseo_head":"\n\t\t<!-- All in One SEO 5.0.1.1 - aioseo.com -->\n\t<meta name=\"description\" content=\"Monterrey, Nuevo Le\u00f3n El Secretario General de Gobierno, Miguel \u00c1ngel Flores Serna, hizo un exhorto para abrir el debate sobre aplicar penas m\u00e1s severas a quienes atenten contra la vida e integridad de las personas. El funcionario estatal extern\u00f3 su postura tras darse a conocer el caso del m\u00fasico Jonathan Mel\u00e9ndez, integrante del grupo Camilo\" \/>\n\t<meta name=\"robots\" content=\"max-image-preview:large\" \/>\n\t<meta name=\"author\" content=\"digitalreportmx.com\"\/>\n\t<link rel=\"canonical\" href=\"https:\/\/digitalreportmx.com\/index.php\/2026\/09\/04\/miguel-flores-pide-debatir-por-penas-mas-severas-a-criminales\/\" \/>\n\t<meta name=\"generator\" content=\"All in One SEO (AIOSEO) 5.0.1.1\" \/>\n\t\t<meta property=\"og:locale\" content=\"es_MX\" \/>\n\t\t<meta property=\"og:site_name\" content=\"-\" \/>\n\t\t<meta property=\"og:type\" content=\"article\" \/>\n\t\t<meta property=\"og:title\" content=\"Miguel Flores pide debatir por penas m\u00e1s severas a criminales -\" \/>\n\t\t<meta property=\"og:description\" content=\"Monterrey, Nuevo Le\u00f3n El Secretario General de Gobierno, Miguel \u00c1ngel Flores Serna, hizo un exhorto para abrir el debate sobre aplicar penas m\u00e1s severas a quienes atenten contra la vida e integridad de las personas. El funcionario estatal extern\u00f3 su postura tras darse a conocer el caso del m\u00fasico Jonathan Mel\u00e9ndez, integrante del grupo Camilo\" \/>\n\t\t<meta property=\"og:url\" content=\"https:\/\/digitalreportmx.com\/index.php\/2026\/09\/04\/miguel-flores-pide-debatir-por-penas-mas-severas-a-criminales\/\" \/>\n\t\t<meta property=\"og:image\" content=\"https:\/\/digitalreportmx.com\/wp-content\/uploads\/2024\/02\/cropped-cropped-DRLOGO-1.jpg\" \/>\n\t\t<meta property=\"og:image:secure_url\" content=\"https:\/\/digitalreportmx.com\/wp-content\/uploads\/2024\/02\/cropped-cropped-DRLOGO-1.jpg\" \/>\n\t\t<meta property=\"article:published_time\" content=\"2026-09-04T21:55:59+00:00\" \/>\n\t\t<meta property=\"article:modified_time\" content=\"2026-09-04T21:58:25+00:00\" \/>\n\t\t<meta name=\"twitter:card\" content=\"summary_large_image\" \/>\n\t\t<meta name=\"twitter:title\" content=\"Miguel Flores pide debatir por penas m\u00e1s severas a criminales -\" \/>\n\t\t<meta name=\"twitter:description\" content=\"Monterrey, Nuevo Le\u00f3n El Secretario General de Gobierno, Miguel \u00c1ngel Flores Serna, hizo un exhorto para abrir el debate sobre aplicar penas m\u00e1s severas a quienes atenten contra la vida e integridad de las personas. El funcionario estatal extern\u00f3 su postura tras darse a conocer el caso del m\u00fasico Jonathan Mel\u00e9ndez, integrante del grupo Camilo\" \/>\n\t\t<meta name=\"twitter:image\" content=\"https:\/\/digitalreportmx.com\/wp-content\/uploads\/2024\/02\/cropped-cropped-DRLOGO-1.jpg\" \/>\n\t\t<script type=\"application\/ld+json\" class=\"aioseo-schema\">\n\t\t\t{\"@context\":\"https:\\\/\\\/schema.org\",\"@graph\":[{\"@type\":\"BlogPosting\",\"@id\":\"https:\\\/\\\/digitalreportmx.com\\\/index.php\\\/2026\\\/09\\\/04\\\/miguel-flores-pide-debatir-por-penas-mas-severas-a-criminales\\\/#blogposting\",\"name\":\"Miguel Flores pide debatir por penas m\\u00e1s severas a criminales -\",\"headline\":\"Miguel Flores pide debatir por penas m\\u00e1s severas a criminales\",\"author\":{\"@id\":\"https:\\\/\\\/digitalreportmx.com\\\/index.php\\\/author\\\/digitalreportmx-com\\\/#author\"},\"publisher\":{\"@id\":\"https:\\\/\\\/digitalreportmx.com\\\/#organization\"},\"image\":{\"@type\":\"ImageObject\",\"url\":\"https:\\\/\\\/digitalreportmx.com\\\/wp-content\\\/uploads\\\/2026\\\/09\\\/IMG-20260904-WA0125.jpg\",\"width\":1280,\"height\":1122},\"datePublished\":\"2026-09-04T15:55:59-06:00\",\"dateModified\":\"2026-09-04T15:58:25-06:00\",\"inLanguage\":\"es-MX\",\"mainEntityOfPage\":{\"@id\":\"https:\\\/\\\/digitalreportmx.com\\\/index.php\\\/2026\\\/09\\\/04\\\/miguel-flores-pide-debatir-por-penas-mas-severas-a-criminales\\\/#webpage\"},\"isPartOf\":{\"@id\":\"https:\\\/\\\/digitalreportmx.com\\\/index.php\\\/2026\\\/09\\\/04\\\/miguel-flores-pide-debatir-por-penas-mas-severas-a-criminales\\\/#webpage\"},\"articleSection\":\"Relevante, REPORTE LOCAL\"},{\"@type\":\"BreadcrumbList\",\"@id\":\"https:\\\/\\\/digitalreportmx.com\\\/index.php\\\/2026\\\/09\\\/04\\\/miguel-flores-pide-debatir-por-penas-mas-severas-a-criminales\\\/#breadcrumblist\",\"itemListElement\":[{\"@type\":\"ListItem\",\"@id\":\"https:\\\/\\\/digitalreportmx.com#listItem\",\"position\":1,\"name\":\"Home\",\"item\":\"https:\\\/\\\/digitalreportmx.com\",\"nextItem\":{\"@type\":\"ListItem\",\"@id\":\"https:\\\/\\\/digitalreportmx.com\\\/index.php\\\/category\\\/relevante-2\\\/#listItem\",\"name\":\"Relevante\"}},{\"@type\":\"ListItem\",\"@id\":\"https:\\\/\\\/digitalreportmx.com\\\/index.php\\\/category\\\/relevante-2\\\/#listItem\",\"position\":2,\"name\":\"Relevante\",\"item\":\"https:\\\/\\\/digitalreportmx.com\\\/index.php\\\/category\\\/relevante-2\\\/\",\"nextItem\":{\"@type\":\"ListItem\",\"@id\":\"https:\\\/\\\/digitalreportmx.com\\\/index.php\\\/category\\\/relevante-2\\\/reporte-local\\\/#listItem\",\"name\":\"REPORTE LOCAL\"},\"previousItem\":{\"@type\":\"ListItem\",\"@id\":\"https:\\\/\\\/digitalreportmx.com#listItem\",\"name\":\"Home\"}},{\"@type\":\"ListItem\",\"@id\":\"https:\\\/\\\/digitalreportmx.com\\\/index.php\\\/category\\\/relevante-2\\\/reporte-local\\\/#listItem\",\"position\":3,\"name\":\"REPORTE LOCAL\",\"item\":\"https:\\\/\\\/digitalreportmx.com\\\/index.php\\\/category\\\/relevante-2\\\/reporte-local\\\/\",\"nextItem\":{\"@type\":\"ListItem\",\"@id\":\"https:\\\/\\\/digitalreportmx.com\\\/index.php\\\/2026\\\/09\\\/04\\\/miguel-flores-pide-debatir-por-penas-mas-severas-a-criminales\\\/#listItem\",\"name\":\"Miguel Flores pide debatir por penas m\\u00e1s severas a criminales\"},\"previousItem\":{\"@type\":\"ListItem\",\"@id\":\"https:\\\/\\\/digitalreportmx.com\\\/index.php\\\/category\\\/relevante-2\\\/#listItem\",\"name\":\"Relevante\"}},{\"@type\":\"ListItem\",\"@id\":\"https:\\\/\\\/digitalreportmx.com\\\/index.php\\\/2026\\\/09\\\/04\\\/miguel-flores-pide-debatir-por-penas-mas-severas-a-criminales\\\/#listItem\",\"position\":4,\"name\":\"Miguel Flores pide debatir por penas m\\u00e1s severas a criminales\",\"previousItem\":{\"@type\":\"ListItem\",\"@id\":\"https:\\\/\\\/digitalreportmx.com\\\/index.php\\\/category\\\/relevante-2\\\/reporte-local\\\/#listItem\",\"name\":\"REPORTE LOCAL\"}}]},{\"@type\":\"Organization\",\"@id\":\"https:\\\/\\\/digitalreportmx.com\\\/#organization\",\"name\":\"digitalreportmx.com\",\"url\":\"https:\\\/\\\/digitalreportmx.com\\\/\",\"logo\":{\"@type\":\"ImageObject\",\"url\":\"https:\\\/\\\/digitalreportmx.com\\\/wp-content\\\/uploads\\\/2024\\\/02\\\/cropped-cropped-DRLOGO-1.jpg\",\"@id\":\"https:\\\/\\\/digitalreportmx.com\\\/index.php\\\/2026\\\/09\\\/04\\\/miguel-flores-pide-debatir-por-penas-mas-severas-a-criminales\\\/#organizationLogo\",\"width\":1693,\"height\":281},\"image\":{\"@id\":\"https:\\\/\\\/digitalreportmx.com\\\/index.php\\\/2026\\\/09\\\/04\\\/miguel-flores-pide-debatir-por-penas-mas-severas-a-criminales\\\/#organizationLogo\"}},{\"@type\":\"Person\",\"@id\":\"https:\\\/\\\/digitalreportmx.com\\\/index.php\\\/author\\\/digitalreportmx-com\\\/#author\",\"url\":\"https:\\\/\\\/digitalreportmx.com\\\/index.php\\\/author\\\/digitalreportmx-com\\\/\",\"name\":\"digitalreportmx.com\",\"image\":{\"@type\":\"ImageObject\",\"@id\":\"https:\\\/\\\/digitalreportmx.com\\\/index.php\\\/2026\\\/09\\\/04\\\/miguel-flores-pide-debatir-por-penas-mas-severas-a-criminales\\\/#authorImage\",\"url\":\"https:\\\/\\\/secure.gravatar.com\\\/avatar\\\/2188078a0605d73ef57c1a9ac85e5a46c94d745432f7d01a9f4feac443943526?s=96&d=mm&r=g\",\"width\":96,\"height\":96,\"caption\":\"digitalreportmx.com\"}},{\"@type\":\"WebPage\",\"@id\":\"https:\\\/\\\/digitalreportmx.com\\\/index.php\\\/2026\\\/09\\\/04\\\/miguel-flores-pide-debatir-por-penas-mas-severas-a-criminales\\\/#webpage\",\"url\":\"https:\\\/\\\/digitalreportmx.com\\\/index.php\\\/2026\\\/09\\\/04\\\/miguel-flores-pide-debatir-por-penas-mas-severas-a-criminales\\\/\",\"name\":\"Miguel Flores pide debatir por penas m\\u00e1s severas a criminales -\",\"description\":\"Monterrey, Nuevo Le\\u00f3n El Secretario General de Gobierno, Miguel \\u00c1ngel Flores Serna, hizo un exhorto para abrir el debate sobre aplicar penas m\\u00e1s severas a quienes atenten contra la vida e integridad de las personas. El funcionario estatal extern\\u00f3 su postura tras darse a conocer el caso del m\\u00fasico Jonathan Mel\\u00e9ndez, integrante del grupo Camilo\",\"inLanguage\":\"es-MX\",\"isPartOf\":{\"@id\":\"https:\\\/\\\/digitalreportmx.com\\\/#website\"},\"breadcrumb\":{\"@id\":\"https:\\\/\\\/digitalreportmx.com\\\/index.php\\\/2026\\\/09\\\/04\\\/miguel-flores-pide-debatir-por-penas-mas-severas-a-criminales\\\/#breadcrumblist\"},\"author\":{\"@id\":\"https:\\\/\\\/digitalreportmx.com\\\/index.php\\\/author\\\/digitalreportmx-com\\\/#author\"},\"creator\":{\"@id\":\"https:\\\/\\\/digitalreportmx.com\\\/index.php\\\/author\\\/digitalreportmx-com\\\/#author\"},\"image\":{\"@type\":\"ImageObject\",\"url\":\"https:\\\/\\\/digitalreportmx.com\\\/wp-content\\\/uploads\\\/2026\\\/09\\\/IMG-20260904-WA0125.jpg\",\"@id\":\"https:\\\/\\\/digitalreportmx.com\\\/index.php\\\/2026\\\/09\\\/04\\\/miguel-flores-pide-debatir-por-penas-mas-severas-a-criminales\\\/#mainImage\",\"width\":1280,\"height\":1122},\"primaryImageOfPage\":{\"@id\":\"https:\\\/\\\/digitalreportmx.com\\\/index.php\\\/2026\\\/09\\\/04\\\/miguel-flores-pide-debatir-por-penas-mas-severas-a-criminales\\\/#mainImage\"},\"datePublished\":\"2026-09-04T15:55:59-06:00\",\"dateModified\":\"2026-09-04T15:58:25-06:00\"},{\"@type\":\"WebSite\",\"@id\":\"https:\\\/\\\/digitalreportmx.com\\\/#website\",\"url\":\"https:\\\/\\\/digitalreportmx.com\\\/\",\"name\":\"digitalreportmx.com\",\"inLanguage\":\"es-MX\",\"publisher\":{\"@id\":\"https:\\\/\\\/digitalreportmx.com\\\/#organization\"}}]}\n\t\t<\/script>\n\t\t<!-- All in One SEO -->\n\n","aioseo_head_json":{"title":"Miguel Flores pide debatir por penas m\u00e1s severas a criminales -","description":"Monterrey, Nuevo Le\u00f3n El Secretario General de Gobierno, Miguel \u00c1ngel Flores Serna, hizo un exhorto para abrir el debate sobre aplicar penas m\u00e1s severas a quienes atenten contra la vida e integridad de las personas. El funcionario estatal extern\u00f3 su postura tras darse a conocer el caso del m\u00fasico Jonathan Mel\u00e9ndez, integrante del grupo Camilo","canonical_url":"https:\/\/digitalreportmx.com\/index.php\/2026\/09\/04\/miguel-flores-pide-debatir-por-penas-mas-severas-a-criminales\/","robots":"max-image-preview:large","keywords":"","webmasterTools":{"miscellaneous":""},"schema":{"@context":"https:\/\/schema.org","@graph":[{"@type":"BlogPosting","@id":"https:\/\/digitalreportmx.com\/index.php\/2026\/09\/04\/miguel-flores-pide-debatir-por-penas-mas-severas-a-criminales\/#blogposting","name":"Miguel Flores pide debatir por penas m\u00e1s severas a criminales -","headline":"Miguel Flores pide debatir por penas m\u00e1s severas a criminales","author":{"@id":"https:\/\/digitalreportmx.com\/index.php\/author\/digitalreportmx-com\/#author"},"publisher":{"@id":"https:\/\/digitalreportmx.com\/#organization"},"image":{"@type":"ImageObject","url":"https:\/\/digitalreportmx.com\/wp-content\/uploads\/2026\/09\/IMG-20260904-WA0125.jpg","width":1280,"height":1122},"datePublished":"2026-09-04T15:55:59-06:00","dateModified":"2026-09-04T15:58:25-06:00","inLanguage":"es-MX","mainEntityOfPage":{"@id":"https:\/\/digitalreportmx.com\/index.php\/2026\/09\/04\/miguel-flores-pide-debatir-por-penas-mas-severas-a-criminales\/#webpage"},"isPartOf":{"@id":"https:\/\/digitalreportmx.com\/index.php\/2026\/09\/04\/miguel-flores-pide-debatir-por-penas-mas-severas-a-criminales\/#webpage"},"articleSection":"Relevante, REPORTE LOCAL"},{"@type":"BreadcrumbList","@id":"https:\/\/digitalreportmx.com\/index.php\/2026\/09\/04\/miguel-flores-pide-debatir-por-penas-mas-severas-a-criminales\/#breadcrumblist","itemListElement":[{"@type":"ListItem","@id":"https:\/\/digitalreportmx.com#listItem","position":1,"name":"Home","item":"https:\/\/digitalreportmx.com","nextItem":{"@type":"ListItem","@id":"https:\/\/digitalreportmx.com\/index.php\/category\/relevante-2\/#listItem","name":"Relevante"}},{"@type":"ListItem","@id":"https:\/\/digitalreportmx.com\/index.php\/category\/relevante-2\/#listItem","position":2,"name":"Relevante","item":"https:\/\/digitalreportmx.com\/index.php\/category\/relevante-2\/","nextItem":{"@type":"ListItem","@id":"https:\/\/digitalreportmx.com\/index.php\/category\/relevante-2\/reporte-local\/#listItem","name":"REPORTE LOCAL"},"previousItem":{"@type":"ListItem","@id":"https:\/\/digitalreportmx.com#listItem","name":"Home"}},{"@type":"ListItem","@id":"https:\/\/digitalreportmx.com\/index.php\/category\/relevante-2\/reporte-local\/#listItem","position":3,"name":"REPORTE LOCAL","item":"https:\/\/digitalreportmx.com\/index.php\/category\/relevante-2\/reporte-local\/","nextItem":{"@type":"ListItem","@id":"https:\/\/digitalreportmx.com\/index.php\/2026\/09\/04\/miguel-flores-pide-debatir-por-penas-mas-severas-a-criminales\/#listItem","name":"Miguel Flores pide debatir por penas m\u00e1s severas a criminales"},"previousItem":{"@type":"ListItem","@id":"https:\/\/digitalreportmx.com\/index.php\/category\/relevante-2\/#listItem","name":"Relevante"}},{"@type":"ListItem","@id":"https:\/\/digitalreportmx.com\/index.php\/2026\/09\/04\/miguel-flores-pide-debatir-por-penas-mas-severas-a-criminales\/#listItem","position":4,"name":"Miguel Flores pide debatir por penas m\u00e1s severas a criminales","previousItem":{"@type":"ListItem","@id":"https:\/\/digitalreportmx.com\/index.php\/category\/relevante-2\/reporte-local\/#listItem","name":"REPORTE LOCAL"}}]},{"@type":"Organization","@id":"https:\/\/digitalreportmx.com\/#organization","name":"digitalreportmx.com","url":"https:\/\/digitalreportmx.com\/","logo":{"@type":"ImageObject","url":"https:\/\/digitalreportmx.com\/wp-content\/uploads\/2024\/02\/cropped-cropped-DRLOGO-1.jpg","@id":"https:\/\/digitalreportmx.com\/index.php\/2026\/09\/04\/miguel-flores-pide-debatir-por-penas-mas-severas-a-criminales\/#organizationLogo","width":1693,"height":281},"image":{"@id":"https:\/\/digitalreportmx.com\/index.php\/2026\/09\/04\/miguel-flores-pide-debatir-por-penas-mas-severas-a-criminales\/#organizationLogo"}},{"@type":"Person","@id":"https:\/\/digitalreportmx.com\/index.php\/author\/digitalreportmx-com\/#author","url":"https:\/\/digitalreportmx.com\/index.php\/author\/digitalreportmx-com\/","name":"digitalreportmx.com","image":{"@type":"ImageObject","@id":"https:\/\/digitalreportmx.com\/index.php\/2026\/09\/04\/miguel-flores-pide-debatir-por-penas-mas-severas-a-criminales\/#authorImage","url":"https:\/\/secure.gravatar.com\/avatar\/2188078a0605d73ef57c1a9ac85e5a46c94d745432f7d01a9f4feac443943526?s=96&d=mm&r=g","width":96,"height":96,"caption":"digitalreportmx.com"}},{"@type":"WebPage","@id":"https:\/\/digitalreportmx.com\/index.php\/2026\/09\/04\/miguel-flores-pide-debatir-por-penas-mas-severas-a-criminales\/#webpage","url":"https:\/\/digitalreportmx.com\/index.php\/2026\/09\/04\/miguel-flores-pide-debatir-por-penas-mas-severas-a-criminales\/","name":"Miguel Flores pide debatir por penas m\u00e1s severas a criminales -","description":"Monterrey, Nuevo Le\u00f3n El Secretario General de Gobierno, Miguel \u00c1ngel Flores Serna, hizo un exhorto para abrir el debate sobre aplicar penas m\u00e1s severas a quienes atenten contra la vida e integridad de las personas. El funcionario estatal extern\u00f3 su postura tras darse a conocer el caso del m\u00fasico Jonathan Mel\u00e9ndez, integrante del grupo Camilo","inLanguage":"es-MX","isPartOf":{"@id":"https:\/\/digitalreportmx.com\/#website"},"breadcrumb":{"@id":"https:\/\/digitalreportmx.com\/index.php\/2026\/09\/04\/miguel-flores-pide-debatir-por-penas-mas-severas-a-criminales\/#breadcrumblist"},"author":{"@id":"https:\/\/digitalreportmx.com\/index.php\/author\/digitalreportmx-com\/#author"},"creator":{"@id":"https:\/\/digitalreportmx.com\/index.php\/author\/digitalreportmx-com\/#author"},"image":{"@type":"ImageObject","url":"https:\/\/digitalreportmx.com\/wp-content\/uploads\/2026\/09\/IMG-20260904-WA0125.jpg","@id":"https:\/\/digitalreportmx.com\/index.php\/2026\/09\/04\/miguel-flores-pide-debatir-por-penas-mas-severas-a-criminales\/#mainImage","width":1280,"height":1122},"primaryImageOfPage":{"@id":"https:\/\/digitalreportmx.com\/index.php\/2026\/09\/04\/miguel-flores-pide-debatir-por-penas-mas-severas-a-criminales\/#mainImage"},"datePublished":"2026-09-04T15:55:59-06:00","dateModified":"2026-09-04T15:58:25-06:00"},{"@type":"WebSite","@id":"https:\/\/digitalreportmx.com\/#website","url":"https:\/\/digitalreportmx.com\/","name":"digitalreportmx.com","inLanguage":"es-MX","publisher":{"@id":"https:\/\/digitalreportmx.com\/#organization"}}]},"og:locale":"es_MX","og:site_name":"-","og:type":"article","og:title":"Miguel Flores pide debatir por penas m\u00e1s severas a criminales -","og:description":"Monterrey, Nuevo Le\u00f3n El Secretario General de Gobierno, Miguel \u00c1ngel Flores Serna, hizo un exhorto para abrir el debate sobre aplicar penas m\u00e1s severas a quienes atenten contra la vida e integridad de las personas. El funcionario estatal extern\u00f3 su postura tras darse a conocer el caso del m\u00fasico Jonathan Mel\u00e9ndez, integrante del grupo Camilo","og:url":"https:\/\/digitalreportmx.com\/index.php\/2026\/09\/04\/miguel-flores-pide-debatir-por-penas-mas-severas-a-criminales\/","og:image":"https:\/\/digitalreportmx.com\/wp-content\/uploads\/2024\/02\/cropped-cropped-DRLOGO-1.jpg","og:image:secure_url":"https:\/\/digitalreportmx.com\/wp-content\/uploads\/2024\/02\/cropped-cropped-DRLOGO-1.jpg","article:published_time":"2026-09-04T21:55:59+00:00","article:modified_time":"2026-09-04T21:58:25+00:00","twitter:card":"summary_large_image","twitter:title":"Miguel Flores pide debatir por penas m\u00e1s severas a criminales -","twitter:description":"Monterrey, Nuevo Le\u00f3n El Secretario General de Gobierno, Miguel \u00c1ngel Flores Serna, hizo un exhorto para abrir el debate sobre aplicar penas m\u00e1s severas a quienes atenten contra la vida e integridad de las personas. El funcionario estatal extern\u00f3 su postura tras darse a conocer el caso del m\u00fasico Jonathan Mel\u00e9ndez, integrante del grupo Camilo","twitter:image":"https:\/\/digitalreportmx.com\/wp-content\/uploads\/2024\/02\/cropped-cropped-DRLOGO-1.jpg"},"aioseo_meta_data":{"post_id":"45959","title":null,"description":null,"keywords":null,"keyphrases":{"focus":{"keyphrase":"","score":0,"analysis":{"keyphraseInTitle":{"score":0,"maxScore":9,"error":1}}},"additional":[]},"primary_term":null,"canonical_url":null,"og_title":null,"og_description":null,"og_object_type":"default","og_image_type":"default","og_image_url":null,"og_image_width":null,"og_image_height":null,"og_image_custom_url":null,"og_image_custom_fields":null,"og_video":"","og_custom_url":null,"og_article_section":null,"og_article_tags":null,"twitter_use_og":false,"twitter_card":"default","twitter_image_type":"default","twitter_image_url":null,"twitter_image_custom_url":null,"twitter_image_custom_fields":null,"twitter_title":null,"twitter_description":null,"schema":{"blockGraphs":[],"customGraphs":[],"default":{"data":{"Article":[],"Course":[],"Dataset":[],"FAQPage":[],"Movie":[],"Person":[],"Product":[],"ProductReview":[],"Car":[],"Recipe":[],"Service":[],"SoftwareApplication":[],"WebPage":[]},"graphName":"BlogPosting","isEnabled":true},"graphs":[]},"schema_type":"default","schema_type_options":null,"pillar_content":false,"robots_default":true,"robots_noindex":false,"robots_noarchive":false,"robots_nosnippet":false,"robots_nofollow":false,"robots_noimageindex":false,"robots_noodp":false,"robots_notranslate":false,"robots_max_snippet":"-1","robots_max_videopreview":"-1","robots_max_imagepreview":"large","priority":null,"frequency":"default","local_seo":null,"breadcrumb_settings":null,"limit_modified_date":false,"ai":{"faqs":[],"keyPoints":[],"schemas":[],"titles":[],"descriptions":[],"socialPosts":{"email":{"subject":"","preview":"","content":""},"linkedin":[],"twitter":[],"facebook":[],"instagram":[]}},"created":"2026-09-04 21:56:00","updated":"2026-09-04 21:59:12","seo_analyzer_scan_date":null,"focus_keyword":null,"additional_keywords":null,"truseo_locale":null},"aioseo_breadcrumb":"<div class=\"aioseo-breadcrumbs\"><span class=\"aioseo-breadcrumb\">\n\t\t\t<a href=\"https:\/\/digitalreportmx.com\" title=\"Home\">Home<\/a>\n\t\t<\/span><span class=\"aioseo-breadcrumb-separator\">&raquo;<\/span><span class=\"aioseo-breadcrumb\">\n\t\t\t<a href=\"https:\/\/digitalreportmx.com\/index.php\/category\/relevante-2\/\" title=\"Relevante\">Relevante<\/a>\n\t\t<\/span><span class=\"aioseo-breadcrumb-separator\">&raquo;<\/span><span class=\"aioseo-breadcrumb\">\n\t\t\t<a href=\"https:\/\/digitalreportmx.com\/index.php\/category\/relevante-2\/reporte-local\/\" title=\"REPORTE LOCAL\">REPORTE LOCAL<\/a>\n\t\t<\/span><span class=\"aioseo-breadcrumb-separator\">&raquo;<\/span><span class=\"aioseo-breadcrumb\">\n\t\t\tMiguel Flores pide debatir por penas m\u00e1s severas a criminales\n\t\t<\/span><\/div>","aioseo_breadcrumb_json":[{"label":"Home","link":"https:\/\/digitalreportmx.com"},{"label":"Relevante","link":"https:\/\/digitalreportmx.com\/index.php\/category\/relevante-2\/"},{"label":"REPORTE LOCAL","link":"https:\/\/digitalreportmx.com\/index.php\/category\/relevante-2\/reporte-local\/"},{"label":"Miguel Flores pide debatir por penas m\u00e1s severas a criminales","link":"https:\/\/digitalreportmx.com\/index.php\/2026\/09\/04\/miguel-flores-pide-debatir-por-penas-mas-severas-a-criminales\/"}],"_links":{"self":[{"href":"https:\/\/digitalreportmx.com\/index.php\/wp-json\/wp\/v2\/posts\/45959","targetHints":{"allow":["GET"]}}],"collection":[{"href":"https:\/\/digitalreportmx.com\/index.php\/wp-json\/wp\/v2\/posts"}],"about":[{"href":"https:\/\/digitalreportmx.com\/index.php\/wp-json\/wp\/v2\/types\/post"}],"author":[{"embeddable":true,"href":"https:\/\/digitalreportmx.com\/index.php\/wp-json\/wp\/v2\/users\/1"}],"replies":[{"embeddable":true,"href":"https:\/\/digitalreportmx.com\/index.php\/wp-json\/wp\/v2\/comments?post=45959"}],"version-history":[{"count":4,"href":"https:\/\/digitalreportmx.com\/index.php\/wp-json\/wp\/v2\/posts\/45959\/revisions"}],"predecessor-version":[{"id":45968,"href":"https:\/\/digitalreportmx.com\/index.php\/wp-json\/wp\/v2\/posts\/45959\/revisions\/45968"}],"wp:featuredmedia":[{"embeddable":true,"href":"https:\/\/digitalreportmx.com\/index.php\/wp-json\/wp\/v2\/media\/45960"}],"wp:attachment":[{"href":"https:\/\/digitalreportmx.com\/index.php\/wp-json\/wp\/v2\/media?parent=45959"}],"wp:term":[{"taxonomy":"category","embeddable":true,"href":"https:\/\/digitalreportmx.com\/index.php\/wp-json\/wp\/v2\/categories?post=45959"},{"taxonomy":"post_tag","embeddable":true,"href":"https:\/\/digitalreportmx.com\/index.php\/wp-json\/wp\/v2\/tags?post=45959"}],"curies":[{"name":"wp","href":"https:\/\/api.w.org\/{rel}","templated":true}]}}