{"id":45969,"date":"2026-09-04T16:02:02","date_gmt":"2026-09-04T22:02:02","guid":{"rendered":"https:\/\/digitalreportmx.com\/?p=45969"},"modified":"2026-09-04T16:06:40","modified_gmt":"2026-09-04T22:06:40","slug":"se-reune-adrian-de-la-garza-con-campeona-de-boxeo-magaly-tormenta-rodriguez","status":"publish","type":"post","link":"https:\/\/digitalreportmx.com\/index.php\/2026\/09\/04\/se-reune-adrian-de-la-garza-con-campeona-de-boxeo-magaly-tormenta-rodriguez\/","title":{"rendered":"Se re\u00fane Adri\u00e1n con campeona de boxeo Magaly \u201cTormenta\u201d Rodr\u00edguez"},"content":{"rendered":"\n<p><kbd>Monterrey<\/kbd>, NL<\/p>\n\n\n\n<p>El alcalde de Monterrey, Adri\u00e1n de la Garza, sostuvo una reuni\u00f3n con la boxeadora nuevoleonesa Isela Magaly \u201cTormenta\u201d Rodr\u00edguez L\u00f3pez, campeona nacional de peso pluma en M\u00e9xico, con quien dialog\u00f3 sobre su trayectoria y los logros que ha obtenido a lo largo de su carrera deportiva.<\/p>\n\n\n\n<p>La pugilista de 33 a\u00f1os debut\u00f3 en el boxeo profesional en 2009 y actualmente compite en la divisi\u00f3n pluma, donde se ubica en el quinto lugar del ranking mundial y segundo a nivel nacional.<\/p>\n\n\n\n<p>A lo largo de su carrera suma 27 victorias, 13 de ellas por nocaut y entre sus principales logros destaca la conquista del Campeonato Plata de peso superligero del Consejo Mundial de Boxeo, obtenido en junio de 2022 en Francia, tras derrotar a la boxeadora Victoire Piteau.<\/p>\n\n\n\n<p>Tambi\u00e9n disput\u00f3 en 2023 el Campeonato Mundial de peso ligero de la Organizaci\u00f3n Internacional de Boxeo, en Londres, frente a la entonces invicta Caroline Dubois.<\/p>\n\n\n\n<figure class=\"wp-block-video\"><video controls src=\"https:\/\/digitalreportmx.com\/wp-content\/uploads\/2026\/09\/1000385447.mp4\"><\/video><\/figure>\n\n\n\n<p>Durante el encuentro, el alcalde reconoci\u00f3 la disciplina, esfuerzo y perseverancia de la deportista, quien ha llevado el nombre de Nuevo Le\u00f3n y M\u00e9xico a escenarios internacionales.<\/p>\n\n\n\n<p>Como parte de la reuni\u00f3n, Magaly \u201cTormenta\u201d Rodr\u00edguez recibi\u00f3 un reconocimiento a nombre del municipio de Monterrey por su trayectoria y por ser talento regio.<\/p>\n\n\n\n<p>\u201cEs un orgullo tenerte aqu\u00ed y, sobre todo, que nos representes y estamos seguros que el 19 de septiembre vamos a conservar este campeonato. Vas a salir campeona, eres campeona, pero nuevamente vas a defender muy bien tu t\u00edtulo y eso es un honor y muy importante entregar este distintivo, que se lo damos a toda nuestra gente distinguida de Monterrey.\u201d<\/p>\n\n\n\n<p>Por su parte, Magaly \u201cTormenta\u201d Rodr\u00edguez invit\u00f3 a las familias regiomontanas y a los aficionados al boxeo a acompa\u00f1arla en su pr\u00f3xima pelea, que se llevar\u00e1 a cabo el 19 de septiembre, donde buscar\u00e1 continuar sumando triunfos a su carrera profesional.<\/p>\n\n\n\n<figure class=\"wp-block-image size-large\"><img loading=\"lazy\" decoding=\"async\" width=\"1024\" height=\"683\" src=\"https:\/\/digitalreportmx.com\/wp-content\/uploads\/2026\/09\/1000385466-1024x683.jpg\" alt=\"\" class=\"wp-image-45972\" srcset=\"https:\/\/digitalreportmx.com\/wp-content\/uploads\/2026\/09\/1000385466-1024x683.jpg 1024w, https:\/\/digitalreportmx.com\/wp-content\/uploads\/2026\/09\/1000385466-300x200.jpg 300w, https:\/\/digitalreportmx.com\/wp-content\/uploads\/2026\/09\/1000385466-768x512.jpg 768w, https:\/\/digitalreportmx.com\/wp-content\/uploads\/2026\/09\/1000385466-1536x1024.jpg 1536w, https:\/\/digitalreportmx.com\/wp-content\/uploads\/2026\/09\/1000385466-2048x1366.jpg 2048w\" sizes=\"auto, (max-width: 1024px) 100vw, 1024px\" \/><\/figure>\n","protected":false},"excerpt":{"rendered":"<p>Monterrey, NL El alcalde de Monterrey, Adri\u00e1n de la Garza, sostuvo una reuni\u00f3n con la boxeadora nuevoleonesa Isela Magaly \u201cTormenta\u201d Rodr\u00edguez L\u00f3pez, campeona nacional de peso pluma en M\u00e9xico, con quien dialog\u00f3 sobre su trayectoria y los logros que ha obtenido a lo largo de su carrera deportiva. La pugilista de 33 a\u00f1os debut\u00f3 en [&hellip;]<\/p>\n","protected":false},"author":1,"featured_media":45970,"comment_status":"open","ping_status":"open","sticky":false,"template":"","format":"standard","meta":{"om_disable_all_campaigns":false,"_monsterinsights_skip_tracking":false,"_uf_show_specific_survey":0,"_uf_disable_surveys":false,"footnotes":""},"categories":[16,9],"tags":[],"class_list":["post-45969","post","type-post","status-publish","format-standard","has-post-thumbnail","hentry","category-relevante-2","category-sports"],"aioseo_notices":[],"aioseo_head":"\n\t\t<!-- All in One SEO 5.0.1.1 - aioseo.com -->\n\t<meta name=\"description\" content=\"Monterrey, NL El alcalde de Monterrey, Adri\u00e1n de la Garza, sostuvo una reuni\u00f3n con la boxeadora nuevoleonesa Isela Magaly \u201cTormenta\u201d Rodr\u00edguez L\u00f3pez, campeona nacional de peso pluma en M\u00e9xico, con quien dialog\u00f3 sobre su trayectoria y los logros que ha obtenido a lo largo de su carrera deportiva. La pugilista de 33 a\u00f1os debut\u00f3 en\" \/>\n\t<meta name=\"robots\" content=\"max-image-preview:large\" \/>\n\t<meta name=\"author\" content=\"digitalreportmx.com\"\/>\n\t<link rel=\"canonical\" href=\"https:\/\/digitalreportmx.com\/index.php\/2026\/09\/04\/se-reune-adrian-de-la-garza-con-campeona-de-boxeo-magaly-tormenta-rodriguez\/\" \/>\n\t<meta name=\"generator\" content=\"All in One SEO (AIOSEO) 5.0.1.1\" \/>\n\t\t<meta property=\"og:locale\" content=\"es_MX\" \/>\n\t\t<meta property=\"og:site_name\" content=\"-\" \/>\n\t\t<meta property=\"og:type\" content=\"article\" \/>\n\t\t<meta property=\"og:title\" content=\"Se re\u00fane Adri\u00e1n con campeona de boxeo Magaly \u201cTormenta\u201d Rodr\u00edguez -\" \/>\n\t\t<meta property=\"og:description\" content=\"Monterrey, NL El alcalde de Monterrey, Adri\u00e1n de la Garza, sostuvo una reuni\u00f3n con la boxeadora nuevoleonesa Isela Magaly \u201cTormenta\u201d Rodr\u00edguez L\u00f3pez, campeona nacional de peso pluma en M\u00e9xico, con quien dialog\u00f3 sobre su trayectoria y los logros que ha obtenido a lo largo de su carrera deportiva. La pugilista de 33 a\u00f1os debut\u00f3 en\" \/>\n\t\t<meta property=\"og:url\" content=\"https:\/\/digitalreportmx.com\/index.php\/2026\/09\/04\/se-reune-adrian-de-la-garza-con-campeona-de-boxeo-magaly-tormenta-rodriguez\/\" \/>\n\t\t<meta property=\"og:image\" content=\"https:\/\/digitalreportmx.com\/wp-content\/uploads\/2024\/02\/cropped-cropped-DRLOGO-1.jpg\" \/>\n\t\t<meta property=\"og:image:secure_url\" content=\"https:\/\/digitalreportmx.com\/wp-content\/uploads\/2024\/02\/cropped-cropped-DRLOGO-1.jpg\" \/>\n\t\t<meta property=\"article:published_time\" content=\"2026-09-04T22:02:02+00:00\" \/>\n\t\t<meta property=\"article:modified_time\" content=\"2026-09-04T22:06:40+00:00\" \/>\n\t\t<meta name=\"twitter:card\" content=\"summary_large_image\" \/>\n\t\t<meta name=\"twitter:title\" content=\"Se re\u00fane Adri\u00e1n con campeona de boxeo Magaly \u201cTormenta\u201d Rodr\u00edguez -\" \/>\n\t\t<meta name=\"twitter:description\" content=\"Monterrey, NL El alcalde de Monterrey, Adri\u00e1n de la Garza, sostuvo una reuni\u00f3n con la boxeadora nuevoleonesa Isela Magaly \u201cTormenta\u201d Rodr\u00edguez L\u00f3pez, campeona nacional de peso pluma en M\u00e9xico, con quien dialog\u00f3 sobre su trayectoria y los logros que ha obtenido a lo largo de su carrera deportiva. La pugilista de 33 a\u00f1os debut\u00f3 en\" \/>\n\t\t<meta name=\"twitter:image\" content=\"https:\/\/digitalreportmx.com\/wp-content\/uploads\/2024\/02\/cropped-cropped-DRLOGO-1.jpg\" \/>\n\t\t<script type=\"application\/ld+json\" class=\"aioseo-schema\">\n\t\t\t{\"@context\":\"https:\\\/\\\/schema.org\",\"@graph\":[{\"@type\":\"BlogPosting\",\"@id\":\"https:\\\/\\\/digitalreportmx.com\\\/index.php\\\/2026\\\/09\\\/04\\\/se-reune-adrian-de-la-garza-con-campeona-de-boxeo-magaly-tormenta-rodriguez\\\/#blogposting\",\"name\":\"Se re\\u00fane Adri\\u00e1n con campeona de boxeo Magaly \\u201cTormenta\\u201d Rodr\\u00edguez -\",\"headline\":\"Se re\\u00fane Adri\\u00e1n con campeona de boxeo Magaly \\u201cTormenta\\u201d Rodr\\u00edguez\",\"author\":{\"@id\":\"https:\\\/\\\/digitalreportmx.com\\\/index.php\\\/author\\\/digitalreportmx-com\\\/#author\"},\"publisher\":{\"@id\":\"https:\\\/\\\/digitalreportmx.com\\\/#organization\"},\"image\":{\"@type\":\"ImageObject\",\"url\":\"https:\\\/\\\/digitalreportmx.com\\\/wp-content\\\/uploads\\\/2026\\\/09\\\/IMG-20260904-WA0095-scaled.jpg\",\"width\":2560,\"height\":1707},\"datePublished\":\"2026-09-04T16:02:02-06:00\",\"dateModified\":\"2026-09-04T16:06:40-06:00\",\"inLanguage\":\"es-MX\",\"mainEntityOfPage\":{\"@id\":\"https:\\\/\\\/digitalreportmx.com\\\/index.php\\\/2026\\\/09\\\/04\\\/se-reune-adrian-de-la-garza-con-campeona-de-boxeo-magaly-tormenta-rodriguez\\\/#webpage\"},\"isPartOf\":{\"@id\":\"https:\\\/\\\/digitalreportmx.com\\\/index.php\\\/2026\\\/09\\\/04\\\/se-reune-adrian-de-la-garza-con-campeona-de-boxeo-magaly-tormenta-rodriguez\\\/#webpage\"},\"articleSection\":\"Relevante, SPORTS\"},{\"@type\":\"BreadcrumbList\",\"@id\":\"https:\\\/\\\/digitalreportmx.com\\\/index.php\\\/2026\\\/09\\\/04\\\/se-reune-adrian-de-la-garza-con-campeona-de-boxeo-magaly-tormenta-rodriguez\\\/#breadcrumblist\",\"itemListElement\":[{\"@type\":\"ListItem\",\"@id\":\"https:\\\/\\\/digitalreportmx.com#listItem\",\"position\":1,\"name\":\"Home\",\"item\":\"https:\\\/\\\/digitalreportmx.com\",\"nextItem\":{\"@type\":\"ListItem\",\"@id\":\"https:\\\/\\\/digitalreportmx.com\\\/index.php\\\/category\\\/sports\\\/#listItem\",\"name\":\"SPORTS\"}},{\"@type\":\"ListItem\",\"@id\":\"https:\\\/\\\/digitalreportmx.com\\\/index.php\\\/category\\\/sports\\\/#listItem\",\"position\":2,\"name\":\"SPORTS\",\"item\":\"https:\\\/\\\/digitalreportmx.com\\\/index.php\\\/category\\\/sports\\\/\",\"nextItem\":{\"@type\":\"ListItem\",\"@id\":\"https:\\\/\\\/digitalreportmx.com\\\/index.php\\\/2026\\\/09\\\/04\\\/se-reune-adrian-de-la-garza-con-campeona-de-boxeo-magaly-tormenta-rodriguez\\\/#listItem\",\"name\":\"Se re\\u00fane Adri\\u00e1n con campeona de boxeo Magaly \\u201cTormenta\\u201d Rodr\\u00edguez\"},\"previousItem\":{\"@type\":\"ListItem\",\"@id\":\"https:\\\/\\\/digitalreportmx.com#listItem\",\"name\":\"Home\"}},{\"@type\":\"ListItem\",\"@id\":\"https:\\\/\\\/digitalreportmx.com\\\/index.php\\\/2026\\\/09\\\/04\\\/se-reune-adrian-de-la-garza-con-campeona-de-boxeo-magaly-tormenta-rodriguez\\\/#listItem\",\"position\":3,\"name\":\"Se re\\u00fane Adri\\u00e1n con campeona de boxeo Magaly \\u201cTormenta\\u201d Rodr\\u00edguez\",\"previousItem\":{\"@type\":\"ListItem\",\"@id\":\"https:\\\/\\\/digitalreportmx.com\\\/index.php\\\/category\\\/sports\\\/#listItem\",\"name\":\"SPORTS\"}}]},{\"@type\":\"Organization\",\"@id\":\"https:\\\/\\\/digitalreportmx.com\\\/#organization\",\"name\":\"digitalreportmx.com\",\"url\":\"https:\\\/\\\/digitalreportmx.com\\\/\",\"logo\":{\"@type\":\"ImageObject\",\"url\":\"https:\\\/\\\/digitalreportmx.com\\\/wp-content\\\/uploads\\\/2024\\\/02\\\/cropped-cropped-DRLOGO-1.jpg\",\"@id\":\"https:\\\/\\\/digitalreportmx.com\\\/index.php\\\/2026\\\/09\\\/04\\\/se-reune-adrian-de-la-garza-con-campeona-de-boxeo-magaly-tormenta-rodriguez\\\/#organizationLogo\",\"width\":1693,\"height\":281},\"image\":{\"@id\":\"https:\\\/\\\/digitalreportmx.com\\\/index.php\\\/2026\\\/09\\\/04\\\/se-reune-adrian-de-la-garza-con-campeona-de-boxeo-magaly-tormenta-rodriguez\\\/#organizationLogo\"}},{\"@type\":\"Person\",\"@id\":\"https:\\\/\\\/digitalreportmx.com\\\/index.php\\\/author\\\/digitalreportmx-com\\\/#author\",\"url\":\"https:\\\/\\\/digitalreportmx.com\\\/index.php\\\/author\\\/digitalreportmx-com\\\/\",\"name\":\"digitalreportmx.com\",\"image\":{\"@type\":\"ImageObject\",\"@id\":\"https:\\\/\\\/digitalreportmx.com\\\/index.php\\\/2026\\\/09\\\/04\\\/se-reune-adrian-de-la-garza-con-campeona-de-boxeo-magaly-tormenta-rodriguez\\\/#authorImage\",\"url\":\"https:\\\/\\\/secure.gravatar.com\\\/avatar\\\/2188078a0605d73ef57c1a9ac85e5a46c94d745432f7d01a9f4feac443943526?s=96&d=mm&r=g\",\"width\":96,\"height\":96,\"caption\":\"digitalreportmx.com\"}},{\"@type\":\"WebPage\",\"@id\":\"https:\\\/\\\/digitalreportmx.com\\\/index.php\\\/2026\\\/09\\\/04\\\/se-reune-adrian-de-la-garza-con-campeona-de-boxeo-magaly-tormenta-rodriguez\\\/#webpage\",\"url\":\"https:\\\/\\\/digitalreportmx.com\\\/index.php\\\/2026\\\/09\\\/04\\\/se-reune-adrian-de-la-garza-con-campeona-de-boxeo-magaly-tormenta-rodriguez\\\/\",\"name\":\"Se re\\u00fane Adri\\u00e1n con campeona de boxeo Magaly \\u201cTormenta\\u201d Rodr\\u00edguez -\",\"description\":\"Monterrey, NL El alcalde de Monterrey, Adri\\u00e1n de la Garza, sostuvo una reuni\\u00f3n con la boxeadora nuevoleonesa Isela Magaly \\u201cTormenta\\u201d Rodr\\u00edguez L\\u00f3pez, campeona nacional de peso pluma en M\\u00e9xico, con quien dialog\\u00f3 sobre su trayectoria y los logros que ha obtenido a lo largo de su carrera deportiva. La pugilista de 33 a\\u00f1os debut\\u00f3 en\",\"inLanguage\":\"es-MX\",\"isPartOf\":{\"@id\":\"https:\\\/\\\/digitalreportmx.com\\\/#website\"},\"breadcrumb\":{\"@id\":\"https:\\\/\\\/digitalreportmx.com\\\/index.php\\\/2026\\\/09\\\/04\\\/se-reune-adrian-de-la-garza-con-campeona-de-boxeo-magaly-tormenta-rodriguez\\\/#breadcrumblist\"},\"author\":{\"@id\":\"https:\\\/\\\/digitalreportmx.com\\\/index.php\\\/author\\\/digitalreportmx-com\\\/#author\"},\"creator\":{\"@id\":\"https:\\\/\\\/digitalreportmx.com\\\/index.php\\\/author\\\/digitalreportmx-com\\\/#author\"},\"image\":{\"@type\":\"ImageObject\",\"url\":\"https:\\\/\\\/digitalreportmx.com\\\/wp-content\\\/uploads\\\/2026\\\/09\\\/IMG-20260904-WA0095-scaled.jpg\",\"@id\":\"https:\\\/\\\/digitalreportmx.com\\\/index.php\\\/2026\\\/09\\\/04\\\/se-reune-adrian-de-la-garza-con-campeona-de-boxeo-magaly-tormenta-rodriguez\\\/#mainImage\",\"width\":2560,\"height\":1707},\"primaryImageOfPage\":{\"@id\":\"https:\\\/\\\/digitalreportmx.com\\\/index.php\\\/2026\\\/09\\\/04\\\/se-reune-adrian-de-la-garza-con-campeona-de-boxeo-magaly-tormenta-rodriguez\\\/#mainImage\"},\"datePublished\":\"2026-09-04T16:02:02-06:00\",\"dateModified\":\"2026-09-04T16:06:40-06:00\"},{\"@type\":\"WebSite\",\"@id\":\"https:\\\/\\\/digitalreportmx.com\\\/#website\",\"url\":\"https:\\\/\\\/digitalreportmx.com\\\/\",\"name\":\"digitalreportmx.com\",\"inLanguage\":\"es-MX\",\"publisher\":{\"@id\":\"https:\\\/\\\/digitalreportmx.com\\\/#organization\"}}]}\n\t\t<\/script>\n\t\t<!-- All in One SEO -->\n\n","aioseo_head_json":{"title":"Se re\u00fane Adri\u00e1n con campeona de boxeo Magaly \u201cTormenta\u201d Rodr\u00edguez -","description":"Monterrey, NL El alcalde de Monterrey, Adri\u00e1n de la Garza, sostuvo una reuni\u00f3n con la boxeadora nuevoleonesa Isela Magaly \u201cTormenta\u201d Rodr\u00edguez L\u00f3pez, campeona nacional de peso pluma en M\u00e9xico, con quien dialog\u00f3 sobre su trayectoria y los logros que ha obtenido a lo largo de su carrera deportiva. La pugilista de 33 a\u00f1os debut\u00f3 en","canonical_url":"https:\/\/digitalreportmx.com\/index.php\/2026\/09\/04\/se-reune-adrian-de-la-garza-con-campeona-de-boxeo-magaly-tormenta-rodriguez\/","robots":"max-image-preview:large","keywords":"","webmasterTools":{"miscellaneous":""},"schema":{"@context":"https:\/\/schema.org","@graph":[{"@type":"BlogPosting","@id":"https:\/\/digitalreportmx.com\/index.php\/2026\/09\/04\/se-reune-adrian-de-la-garza-con-campeona-de-boxeo-magaly-tormenta-rodriguez\/#blogposting","name":"Se re\u00fane Adri\u00e1n con campeona de boxeo Magaly \u201cTormenta\u201d Rodr\u00edguez -","headline":"Se re\u00fane Adri\u00e1n con campeona de boxeo Magaly \u201cTormenta\u201d Rodr\u00edguez","author":{"@id":"https:\/\/digitalreportmx.com\/index.php\/author\/digitalreportmx-com\/#author"},"publisher":{"@id":"https:\/\/digitalreportmx.com\/#organization"},"image":{"@type":"ImageObject","url":"https:\/\/digitalreportmx.com\/wp-content\/uploads\/2026\/09\/IMG-20260904-WA0095-scaled.jpg","width":2560,"height":1707},"datePublished":"2026-09-04T16:02:02-06:00","dateModified":"2026-09-04T16:06:40-06:00","inLanguage":"es-MX","mainEntityOfPage":{"@id":"https:\/\/digitalreportmx.com\/index.php\/2026\/09\/04\/se-reune-adrian-de-la-garza-con-campeona-de-boxeo-magaly-tormenta-rodriguez\/#webpage"},"isPartOf":{"@id":"https:\/\/digitalreportmx.com\/index.php\/2026\/09\/04\/se-reune-adrian-de-la-garza-con-campeona-de-boxeo-magaly-tormenta-rodriguez\/#webpage"},"articleSection":"Relevante, SPORTS"},{"@type":"BreadcrumbList","@id":"https:\/\/digitalreportmx.com\/index.php\/2026\/09\/04\/se-reune-adrian-de-la-garza-con-campeona-de-boxeo-magaly-tormenta-rodriguez\/#breadcrumblist","itemListElement":[{"@type":"ListItem","@id":"https:\/\/digitalreportmx.com#listItem","position":1,"name":"Home","item":"https:\/\/digitalreportmx.com","nextItem":{"@type":"ListItem","@id":"https:\/\/digitalreportmx.com\/index.php\/category\/sports\/#listItem","name":"SPORTS"}},{"@type":"ListItem","@id":"https:\/\/digitalreportmx.com\/index.php\/category\/sports\/#listItem","position":2,"name":"SPORTS","item":"https:\/\/digitalreportmx.com\/index.php\/category\/sports\/","nextItem":{"@type":"ListItem","@id":"https:\/\/digitalreportmx.com\/index.php\/2026\/09\/04\/se-reune-adrian-de-la-garza-con-campeona-de-boxeo-magaly-tormenta-rodriguez\/#listItem","name":"Se re\u00fane Adri\u00e1n con campeona de boxeo Magaly \u201cTormenta\u201d Rodr\u00edguez"},"previousItem":{"@type":"ListItem","@id":"https:\/\/digitalreportmx.com#listItem","name":"Home"}},{"@type":"ListItem","@id":"https:\/\/digitalreportmx.com\/index.php\/2026\/09\/04\/se-reune-adrian-de-la-garza-con-campeona-de-boxeo-magaly-tormenta-rodriguez\/#listItem","position":3,"name":"Se re\u00fane Adri\u00e1n con campeona de boxeo Magaly \u201cTormenta\u201d Rodr\u00edguez","previousItem":{"@type":"ListItem","@id":"https:\/\/digitalreportmx.com\/index.php\/category\/sports\/#listItem","name":"SPORTS"}}]},{"@type":"Organization","@id":"https:\/\/digitalreportmx.com\/#organization","name":"digitalreportmx.com","url":"https:\/\/digitalreportmx.com\/","logo":{"@type":"ImageObject","url":"https:\/\/digitalreportmx.com\/wp-content\/uploads\/2024\/02\/cropped-cropped-DRLOGO-1.jpg","@id":"https:\/\/digitalreportmx.com\/index.php\/2026\/09\/04\/se-reune-adrian-de-la-garza-con-campeona-de-boxeo-magaly-tormenta-rodriguez\/#organizationLogo","width":1693,"height":281},"image":{"@id":"https:\/\/digitalreportmx.com\/index.php\/2026\/09\/04\/se-reune-adrian-de-la-garza-con-campeona-de-boxeo-magaly-tormenta-rodriguez\/#organizationLogo"}},{"@type":"Person","@id":"https:\/\/digitalreportmx.com\/index.php\/author\/digitalreportmx-com\/#author","url":"https:\/\/digitalreportmx.com\/index.php\/author\/digitalreportmx-com\/","name":"digitalreportmx.com","image":{"@type":"ImageObject","@id":"https:\/\/digitalreportmx.com\/index.php\/2026\/09\/04\/se-reune-adrian-de-la-garza-con-campeona-de-boxeo-magaly-tormenta-rodriguez\/#authorImage","url":"https:\/\/secure.gravatar.com\/avatar\/2188078a0605d73ef57c1a9ac85e5a46c94d745432f7d01a9f4feac443943526?s=96&d=mm&r=g","width":96,"height":96,"caption":"digitalreportmx.com"}},{"@type":"WebPage","@id":"https:\/\/digitalreportmx.com\/index.php\/2026\/09\/04\/se-reune-adrian-de-la-garza-con-campeona-de-boxeo-magaly-tormenta-rodriguez\/#webpage","url":"https:\/\/digitalreportmx.com\/index.php\/2026\/09\/04\/se-reune-adrian-de-la-garza-con-campeona-de-boxeo-magaly-tormenta-rodriguez\/","name":"Se re\u00fane Adri\u00e1n con campeona de boxeo Magaly \u201cTormenta\u201d Rodr\u00edguez -","description":"Monterrey, NL El alcalde de Monterrey, Adri\u00e1n de la Garza, sostuvo una reuni\u00f3n con la boxeadora nuevoleonesa Isela Magaly \u201cTormenta\u201d Rodr\u00edguez L\u00f3pez, campeona nacional de peso pluma en M\u00e9xico, con quien dialog\u00f3 sobre su trayectoria y los logros que ha obtenido a lo largo de su carrera deportiva. La pugilista de 33 a\u00f1os debut\u00f3 en","inLanguage":"es-MX","isPartOf":{"@id":"https:\/\/digitalreportmx.com\/#website"},"breadcrumb":{"@id":"https:\/\/digitalreportmx.com\/index.php\/2026\/09\/04\/se-reune-adrian-de-la-garza-con-campeona-de-boxeo-magaly-tormenta-rodriguez\/#breadcrumblist"},"author":{"@id":"https:\/\/digitalreportmx.com\/index.php\/author\/digitalreportmx-com\/#author"},"creator":{"@id":"https:\/\/digitalreportmx.com\/index.php\/author\/digitalreportmx-com\/#author"},"image":{"@type":"ImageObject","url":"https:\/\/digitalreportmx.com\/wp-content\/uploads\/2026\/09\/IMG-20260904-WA0095-scaled.jpg","@id":"https:\/\/digitalreportmx.com\/index.php\/2026\/09\/04\/se-reune-adrian-de-la-garza-con-campeona-de-boxeo-magaly-tormenta-rodriguez\/#mainImage","width":2560,"height":1707},"primaryImageOfPage":{"@id":"https:\/\/digitalreportmx.com\/index.php\/2026\/09\/04\/se-reune-adrian-de-la-garza-con-campeona-de-boxeo-magaly-tormenta-rodriguez\/#mainImage"},"datePublished":"2026-09-04T16:02:02-06:00","dateModified":"2026-09-04T16:06:40-06:00"},{"@type":"WebSite","@id":"https:\/\/digitalreportmx.com\/#website","url":"https:\/\/digitalreportmx.com\/","name":"digitalreportmx.com","inLanguage":"es-MX","publisher":{"@id":"https:\/\/digitalreportmx.com\/#organization"}}]},"og:locale":"es_MX","og:site_name":"-","og:type":"article","og:title":"Se re\u00fane Adri\u00e1n con campeona de boxeo Magaly \u201cTormenta\u201d Rodr\u00edguez -","og:description":"Monterrey, NL El alcalde de Monterrey, Adri\u00e1n de la Garza, sostuvo una reuni\u00f3n con la boxeadora nuevoleonesa Isela Magaly \u201cTormenta\u201d Rodr\u00edguez L\u00f3pez, campeona nacional de peso pluma en M\u00e9xico, con quien dialog\u00f3 sobre su trayectoria y los logros que ha obtenido a lo largo de su carrera deportiva. La pugilista de 33 a\u00f1os debut\u00f3 en","og:url":"https:\/\/digitalreportmx.com\/index.php\/2026\/09\/04\/se-reune-adrian-de-la-garza-con-campeona-de-boxeo-magaly-tormenta-rodriguez\/","og:image":"https:\/\/digitalreportmx.com\/wp-content\/uploads\/2024\/02\/cropped-cropped-DRLOGO-1.jpg","og:image:secure_url":"https:\/\/digitalreportmx.com\/wp-content\/uploads\/2024\/02\/cropped-cropped-DRLOGO-1.jpg","article:published_time":"2026-09-04T22:02:02+00:00","article:modified_time":"2026-09-04T22:06:40+00:00","twitter:card":"summary_large_image","twitter:title":"Se re\u00fane Adri\u00e1n con campeona de boxeo Magaly \u201cTormenta\u201d Rodr\u00edguez -","twitter:description":"Monterrey, NL El alcalde de Monterrey, Adri\u00e1n de la Garza, sostuvo una reuni\u00f3n con la boxeadora nuevoleonesa Isela Magaly \u201cTormenta\u201d Rodr\u00edguez L\u00f3pez, campeona nacional de peso pluma en M\u00e9xico, con quien dialog\u00f3 sobre su trayectoria y los logros que ha obtenido a lo largo de su carrera deportiva. La pugilista de 33 a\u00f1os debut\u00f3 en","twitter:image":"https:\/\/digitalreportmx.com\/wp-content\/uploads\/2024\/02\/cropped-cropped-DRLOGO-1.jpg"},"aioseo_meta_data":{"post_id":"45969","title":null,"description":null,"keywords":null,"keyphrases":{"focus":{"keyphrase":"","score":0,"analysis":{"keyphraseInTitle":{"score":0,"maxScore":9,"error":1}}},"additional":[]},"primary_term":null,"canonical_url":null,"og_title":null,"og_description":null,"og_object_type":"default","og_image_type":"default","og_image_url":null,"og_image_width":null,"og_image_height":null,"og_image_custom_url":null,"og_image_custom_fields":null,"og_video":"","og_custom_url":null,"og_article_section":null,"og_article_tags":null,"twitter_use_og":false,"twitter_card":"default","twitter_image_type":"default","twitter_image_url":null,"twitter_image_custom_url":null,"twitter_image_custom_fields":null,"twitter_title":null,"twitter_description":null,"schema":{"blockGraphs":[],"customGraphs":[],"default":{"data":{"Article":[],"Course":[],"Dataset":[],"FAQPage":[],"Movie":[],"Person":[],"Product":[],"ProductReview":[],"Car":[],"Recipe":[],"Service":[],"SoftwareApplication":[],"WebPage":[]},"graphName":"BlogPosting","isEnabled":true},"graphs":[]},"schema_type":"default","schema_type_options":null,"pillar_content":false,"robots_default":true,"robots_noindex":false,"robots_noarchive":false,"robots_nosnippet":false,"robots_nofollow":false,"robots_noimageindex":false,"robots_noodp":false,"robots_notranslate":false,"robots_max_snippet":"-1","robots_max_videopreview":"-1","robots_max_imagepreview":"large","priority":null,"frequency":"default","local_seo":null,"breadcrumb_settings":null,"limit_modified_date":false,"ai":{"faqs":[],"keyPoints":[],"schemas":[],"titles":[],"descriptions":[],"socialPosts":{"email":{"subject":"","preview":"","content":""},"linkedin":[],"twitter":[],"facebook":[],"instagram":[]}},"created":"2026-09-04 22:02:03","updated":"2026-09-04 22:08:17","seo_analyzer_scan_date":null,"focus_keyword":null,"additional_keywords":null,"truseo_locale":null},"aioseo_breadcrumb":"<div class=\"aioseo-breadcrumbs\"><span class=\"aioseo-breadcrumb\">\n\t\t\t<a href=\"https:\/\/digitalreportmx.com\" title=\"Home\">Home<\/a>\n\t\t<\/span><span class=\"aioseo-breadcrumb-separator\">&raquo;<\/span><span class=\"aioseo-breadcrumb\">\n\t\t\t<a href=\"https:\/\/digitalreportmx.com\/index.php\/category\/sports\/\" title=\"SPORTS\">SPORTS<\/a>\n\t\t<\/span><span class=\"aioseo-breadcrumb-separator\">&raquo;<\/span><span class=\"aioseo-breadcrumb\">\n\t\t\tSe re\u00fane Adri\u00e1n con campeona de boxeo Magaly \u201cTormenta\u201d Rodr\u00edguez\n\t\t<\/span><\/div>","aioseo_breadcrumb_json":[{"label":"Home","link":"https:\/\/digitalreportmx.com"},{"label":"SPORTS","link":"https:\/\/digitalreportmx.com\/index.php\/category\/sports\/"},{"label":"Se re\u00fane Adri\u00e1n con campeona de boxeo Magaly \u201cTormenta\u201d Rodr\u00edguez","link":"https:\/\/digitalreportmx.com\/index.php\/2026\/09\/04\/se-reune-adrian-de-la-garza-con-campeona-de-boxeo-magaly-tormenta-rodriguez\/"}],"_links":{"self":[{"href":"https:\/\/digitalreportmx.com\/index.php\/wp-json\/wp\/v2\/posts\/45969","targetHints":{"allow":["GET"]}}],"collection":[{"href":"https:\/\/digitalreportmx.com\/index.php\/wp-json\/wp\/v2\/posts"}],"about":[{"href":"https:\/\/digitalreportmx.com\/index.php\/wp-json\/wp\/v2\/types\/post"}],"author":[{"embeddable":true,"href":"https:\/\/digitalreportmx.com\/index.php\/wp-json\/wp\/v2\/users\/1"}],"replies":[{"embeddable":true,"href":"https:\/\/digitalreportmx.com\/index.php\/wp-json\/wp\/v2\/comments?post=45969"}],"version-history":[{"count":3,"href":"https:\/\/digitalreportmx.com\/index.php\/wp-json\/wp\/v2\/posts\/45969\/revisions"}],"predecessor-version":[{"id":45976,"href":"https:\/\/digitalreportmx.com\/index.php\/wp-json\/wp\/v2\/posts\/45969\/revisions\/45976"}],"wp:featuredmedia":[{"embeddable":true,"href":"https:\/\/digitalreportmx.com\/index.php\/wp-json\/wp\/v2\/media\/45970"}],"wp:attachment":[{"href":"https:\/\/digitalreportmx.com\/index.php\/wp-json\/wp\/v2\/media?parent=45969"}],"wp:term":[{"taxonomy":"category","embeddable":true,"href":"https:\/\/digitalreportmx.com\/index.php\/wp-json\/wp\/v2\/categories?post=45969"},{"taxonomy":"post_tag","embeddable":true,"href":"https:\/\/digitalreportmx.com\/index.php\/wp-json\/wp\/v2\/tags?post=45969"}],"curies":[{"name":"wp","href":"https:\/\/api.w.org\/{rel}","templated":true}]}}