{"id":46028,"date":"2026-09-04T21:58:06","date_gmt":"2026-09-05T03:58:06","guid":{"rendered":"https:\/\/digitalreportmx.com\/?p=46028"},"modified":"2026-09-04T21:58:59","modified_gmt":"2026-09-05T03:58:59","slug":"infonavit-entrega-viviendas-del-bienestar-en-colima","status":"publish","type":"post","link":"https:\/\/digitalreportmx.com\/index.php\/2026\/09\/04\/infonavit-entrega-viviendas-del-bienestar-en-colima\/","title":{"rendered":"Reciben de INFONAVIT  Viviendas del Bienestar"},"content":{"rendered":"\n<p><kbd>Colima<\/kbd><\/p>\n\n\n\n<p>El director general del INFONAVIT, Octavio Romero Oropeza, junto con la titular de la Sedatu, Edna Elena Vega Rangel, y la secretaria de Infraestructura, Desarrollo Urbano y Movilidad de Colima, Marisol Neri Le\u00f3n, en<br>representaci\u00f3n de la gobernadora Indira Vizca\u00edno Silva, entregaron viviendas en el fraccionamiento Infonavit La Fortuna, en Villa de \u00c1lvarez, como parte del Programa de Vivienda para el Bienestar.<\/p>\n\n\n\n<p>Este desarrollo contempla 237 viviendas.<br>Romero Oropeza detall\u00f3 que, a nivel nacional, se tienen:<\/p>\n\n\n\n<p>467 desarrollos aprobados, equivalentes a 542 mil 833 viviendas, el 45% de avance de la meta sexenal.<\/p>\n\n\n\n<p>220 mil 500 viviendas en construcci\u00f3n y 37 mil 900 han sido colocadas.<\/p>\n\n\n\n<figure class=\"wp-block-image size-large\"><img loading=\"lazy\" decoding=\"async\" width=\"1024\" height=\"683\" src=\"https:\/\/digitalreportmx.com\/wp-content\/uploads\/2026\/09\/1000385955-1024x683.jpg\" alt=\"\" class=\"wp-image-46030\" srcset=\"https:\/\/digitalreportmx.com\/wp-content\/uploads\/2026\/09\/1000385955-1024x683.jpg 1024w, https:\/\/digitalreportmx.com\/wp-content\/uploads\/2026\/09\/1000385955-300x200.jpg 300w, https:\/\/digitalreportmx.com\/wp-content\/uploads\/2026\/09\/1000385955-768x512.jpg 768w, https:\/\/digitalreportmx.com\/wp-content\/uploads\/2026\/09\/1000385955-1536x1024.jpg 1536w, https:\/\/digitalreportmx.com\/wp-content\/uploads\/2026\/09\/1000385955-2048x1365.jpg 2048w\" sizes=\"auto, (max-width: 1024px) 100vw, 1024px\" \/><\/figure>\n\n\n\n<p>43 conjuntos habitacionales vendidos al 100% y en septiembre se abrir\u00e1n 7 fraccionamientos m\u00e1s.<br>Sobre la implementaci\u00f3n del programa en Colima, inform\u00f3 que:<\/p>\n\n\n\n<p>La meta pas\u00f3 de 15 mil a 20 mil viviendas.<\/p>\n\n\n\n<p>Ya se est\u00e1n construyendo 6 mil viviendas y casi 8 mil m\u00e1s se sumar\u00e1n en los pr\u00f3ximos meses, alcanzando el 70% de la meta.Inform\u00f3 que, con el programa INFONAVIT Soluci\u00f3n Integral se reestructuraron 4 millones 856 mil cr\u00e9ditos<br>impagables a nivel nacional y, en Colima, m\u00e1s de 50 mil familias fueron beneficiadas con reducciones en su tasa de inter\u00e9s, mensualidad, saldo o la liquidaci\u00f3n total de su financiamiento. <\/p>\n\n\n\n<figure class=\"wp-block-image size-large\"><img loading=\"lazy\" decoding=\"async\" width=\"1024\" height=\"683\" src=\"https:\/\/digitalreportmx.com\/wp-content\/uploads\/2026\/09\/1000385953-1024x683.jpg\" alt=\"\" class=\"wp-image-46031\" srcset=\"https:\/\/digitalreportmx.com\/wp-content\/uploads\/2026\/09\/1000385953-1024x683.jpg 1024w, https:\/\/digitalreportmx.com\/wp-content\/uploads\/2026\/09\/1000385953-300x200.jpg 300w, https:\/\/digitalreportmx.com\/wp-content\/uploads\/2026\/09\/1000385953-768x512.jpg 768w, https:\/\/digitalreportmx.com\/wp-content\/uploads\/2026\/09\/1000385953.jpg 1280w\" sizes=\"auto, (max-width: 1024px) 100vw, 1024px\" \/><\/figure>\n\n\n\n<p>Adem\u00e1s, anunci\u00f3 que a m\u00e1s de 40 mil derechohabientes que ya liquidaron su cr\u00e9dito se les liberar\u00e1 su hipoteca de manera gratuita.<br>En su intervenci\u00f3n, la titular de Sedatu, Edna Vega Rangel, destac\u00f3 que el programa de vivienda es hist\u00f3rico, al tender el bienestar de las personas mediante la construcci\u00f3n de vivienda, apoyos de mejoramiento, entrega<br>de escrituras y reestructuras de los cr\u00e9ditos del pasado que eran impagables. <\/p>\n\n\n\n<p>Esta iniciativa de la Presidenta beneficiar\u00e1 a m\u00e1s de 12 millones de familias durante el sexenio.<br>Por su parte, la secretaria de Infraestructura, Desarrollo Urbano y Movilidad de Colima, Marisol Neri Le\u00f3n, agradeci\u00f3 a la Presidenta Claudia Sheinbaum por impulsar este programa, en el que INFONAVIT junto con los<br>gobiernos locales, hace realidad el sue\u00f1o de las familias colimenses de tener su propio hogar.<br>Esta es la tercera entrega de viviendas que se lleva a cabo en Colima por parte del INFONAVIT y la n\u00famero 43 a nivel nacional, en el marco del programa que contempla la edificaci\u00f3n de 1 mill\u00f3n 200 mil viviendas en el pa\u00eds por parte del Instituto para los derechohabientes de menores ingresos.<\/p>\n\n\n\n<figure class=\"wp-block-image size-large\"><img loading=\"lazy\" decoding=\"async\" width=\"1024\" height=\"682\" src=\"https:\/\/digitalreportmx.com\/wp-content\/uploads\/2026\/09\/1000385954-1024x682.jpg\" alt=\"\" class=\"wp-image-46032\" srcset=\"https:\/\/digitalreportmx.com\/wp-content\/uploads\/2026\/09\/1000385954-1024x682.jpg 1024w, https:\/\/digitalreportmx.com\/wp-content\/uploads\/2026\/09\/1000385954-300x200.jpg 300w, https:\/\/digitalreportmx.com\/wp-content\/uploads\/2026\/09\/1000385954-768x512.jpg 768w, https:\/\/digitalreportmx.com\/wp-content\/uploads\/2026\/09\/1000385954.jpg 1280w\" sizes=\"auto, (max-width: 1024px) 100vw, 1024px\" \/><\/figure>\n","protected":false},"excerpt":{"rendered":"<p>Colima El director general del INFONAVIT, Octavio Romero Oropeza, junto con la titular de la Sedatu, Edna Elena Vega Rangel, y la secretaria de Infraestructura, Desarrollo Urbano y Movilidad de Colima, Marisol Neri Le\u00f3n, enrepresentaci\u00f3n de la gobernadora Indira Vizca\u00edno Silva, entregaron viviendas en el fraccionamiento Infonavit La Fortuna, en Villa de \u00c1lvarez, como parte [&hellip;]<\/p>\n","protected":false},"author":1,"featured_media":46029,"comment_status":"open","ping_status":"open","sticky":false,"template":"","format":"standard","meta":{"om_disable_all_campaigns":false,"_monsterinsights_skip_tracking":false,"_uf_show_specific_survey":0,"_uf_disable_surveys":false,"footnotes":""},"categories":[16,13],"tags":[],"class_list":["post-46028","post","type-post","status-publish","format-standard","has-post-thumbnail","hentry","category-relevante-2","category-reporte-local"],"aioseo_notices":[],"aioseo_head":"\n\t\t<!-- All in One SEO 5.0.1.1 - aioseo.com -->\n\t<meta name=\"description\" content=\"Colima El director general del INFONAVIT, Octavio Romero Oropeza, junto con la titular de la Sedatu, Edna Elena Vega Rangel, y la secretaria de Infraestructura, Desarrollo Urbano y Movilidad de Colima, Marisol Neri Le\u00f3n, enrepresentaci\u00f3n de la gobernadora Indira Vizca\u00edno Silva, entregaron viviendas en el fraccionamiento Infonavit La Fortuna, en Villa de \u00c1lvarez, como parte\" \/>\n\t<meta name=\"robots\" content=\"max-image-preview:large\" \/>\n\t<meta name=\"author\" content=\"digitalreportmx.com\"\/>\n\t<link rel=\"canonical\" href=\"https:\/\/digitalreportmx.com\/index.php\/2026\/09\/04\/infonavit-entrega-viviendas-del-bienestar-en-colima\/\" \/>\n\t<meta name=\"generator\" content=\"All in One SEO (AIOSEO) 5.0.1.1\" \/>\n\t\t<meta property=\"og:locale\" content=\"es_MX\" \/>\n\t\t<meta property=\"og:site_name\" content=\"-\" \/>\n\t\t<meta property=\"og:type\" content=\"article\" \/>\n\t\t<meta property=\"og:title\" content=\"Reciben de INFONAVIT Viviendas del Bienestar -\" \/>\n\t\t<meta property=\"og:description\" content=\"Colima El director general del INFONAVIT, Octavio Romero Oropeza, junto con la titular de la Sedatu, Edna Elena Vega Rangel, y la secretaria de Infraestructura, Desarrollo Urbano y Movilidad de Colima, Marisol Neri Le\u00f3n, enrepresentaci\u00f3n de la gobernadora Indira Vizca\u00edno Silva, entregaron viviendas en el fraccionamiento Infonavit La Fortuna, en Villa de \u00c1lvarez, como parte\" \/>\n\t\t<meta property=\"og:url\" content=\"https:\/\/digitalreportmx.com\/index.php\/2026\/09\/04\/infonavit-entrega-viviendas-del-bienestar-en-colima\/\" \/>\n\t\t<meta property=\"og:image\" content=\"https:\/\/digitalreportmx.com\/wp-content\/uploads\/2024\/02\/cropped-cropped-DRLOGO-1.jpg\" \/>\n\t\t<meta property=\"og:image:secure_url\" content=\"https:\/\/digitalreportmx.com\/wp-content\/uploads\/2024\/02\/cropped-cropped-DRLOGO-1.jpg\" \/>\n\t\t<meta property=\"article:published_time\" content=\"2026-09-05T03:58:06+00:00\" \/>\n\t\t<meta property=\"article:modified_time\" content=\"2026-09-05T03:58:59+00:00\" \/>\n\t\t<meta name=\"twitter:card\" content=\"summary_large_image\" \/>\n\t\t<meta name=\"twitter:title\" content=\"Reciben de INFONAVIT Viviendas del Bienestar -\" \/>\n\t\t<meta name=\"twitter:description\" content=\"Colima El director general del INFONAVIT, Octavio Romero Oropeza, junto con la titular de la Sedatu, Edna Elena Vega Rangel, y la secretaria de Infraestructura, Desarrollo Urbano y Movilidad de Colima, Marisol Neri Le\u00f3n, enrepresentaci\u00f3n de la gobernadora Indira Vizca\u00edno Silva, entregaron viviendas en el fraccionamiento Infonavit La Fortuna, en Villa de \u00c1lvarez, como parte\" \/>\n\t\t<meta name=\"twitter:image\" content=\"https:\/\/digitalreportmx.com\/wp-content\/uploads\/2024\/02\/cropped-cropped-DRLOGO-1.jpg\" \/>\n\t\t<script type=\"application\/ld+json\" class=\"aioseo-schema\">\n\t\t\t{\"@context\":\"https:\\\/\\\/schema.org\",\"@graph\":[{\"@type\":\"BlogPosting\",\"@id\":\"https:\\\/\\\/digitalreportmx.com\\\/index.php\\\/2026\\\/09\\\/04\\\/infonavit-entrega-viviendas-del-bienestar-en-colima\\\/#blogposting\",\"name\":\"Reciben de INFONAVIT Viviendas del Bienestar -\",\"headline\":\"Reciben de INFONAVIT  Viviendas del Bienestar\",\"author\":{\"@id\":\"https:\\\/\\\/digitalreportmx.com\\\/index.php\\\/author\\\/digitalreportmx-com\\\/#author\"},\"publisher\":{\"@id\":\"https:\\\/\\\/digitalreportmx.com\\\/#organization\"},\"image\":{\"@type\":\"ImageObject\",\"url\":\"https:\\\/\\\/digitalreportmx.com\\\/wp-content\\\/uploads\\\/2026\\\/09\\\/IMG-20260902-WA0192.jpg\",\"width\":1280,\"height\":720},\"datePublished\":\"2026-09-04T21:58:06-06:00\",\"dateModified\":\"2026-09-04T21:58:59-06:00\",\"inLanguage\":\"es-MX\",\"mainEntityOfPage\":{\"@id\":\"https:\\\/\\\/digitalreportmx.com\\\/index.php\\\/2026\\\/09\\\/04\\\/infonavit-entrega-viviendas-del-bienestar-en-colima\\\/#webpage\"},\"isPartOf\":{\"@id\":\"https:\\\/\\\/digitalreportmx.com\\\/index.php\\\/2026\\\/09\\\/04\\\/infonavit-entrega-viviendas-del-bienestar-en-colima\\\/#webpage\"},\"articleSection\":\"Relevante, REPORTE LOCAL\"},{\"@type\":\"BreadcrumbList\",\"@id\":\"https:\\\/\\\/digitalreportmx.com\\\/index.php\\\/2026\\\/09\\\/04\\\/infonavit-entrega-viviendas-del-bienestar-en-colima\\\/#breadcrumblist\",\"itemListElement\":[{\"@type\":\"ListItem\",\"@id\":\"https:\\\/\\\/digitalreportmx.com#listItem\",\"position\":1,\"name\":\"Home\",\"item\":\"https:\\\/\\\/digitalreportmx.com\",\"nextItem\":{\"@type\":\"ListItem\",\"@id\":\"https:\\\/\\\/digitalreportmx.com\\\/index.php\\\/category\\\/relevante-2\\\/#listItem\",\"name\":\"Relevante\"}},{\"@type\":\"ListItem\",\"@id\":\"https:\\\/\\\/digitalreportmx.com\\\/index.php\\\/category\\\/relevante-2\\\/#listItem\",\"position\":2,\"name\":\"Relevante\",\"item\":\"https:\\\/\\\/digitalreportmx.com\\\/index.php\\\/category\\\/relevante-2\\\/\",\"nextItem\":{\"@type\":\"ListItem\",\"@id\":\"https:\\\/\\\/digitalreportmx.com\\\/index.php\\\/category\\\/relevante-2\\\/reporte-local\\\/#listItem\",\"name\":\"REPORTE LOCAL\"},\"previousItem\":{\"@type\":\"ListItem\",\"@id\":\"https:\\\/\\\/digitalreportmx.com#listItem\",\"name\":\"Home\"}},{\"@type\":\"ListItem\",\"@id\":\"https:\\\/\\\/digitalreportmx.com\\\/index.php\\\/category\\\/relevante-2\\\/reporte-local\\\/#listItem\",\"position\":3,\"name\":\"REPORTE LOCAL\",\"item\":\"https:\\\/\\\/digitalreportmx.com\\\/index.php\\\/category\\\/relevante-2\\\/reporte-local\\\/\",\"nextItem\":{\"@type\":\"ListItem\",\"@id\":\"https:\\\/\\\/digitalreportmx.com\\\/index.php\\\/2026\\\/09\\\/04\\\/infonavit-entrega-viviendas-del-bienestar-en-colima\\\/#listItem\",\"name\":\"Reciben de INFONAVIT  Viviendas del Bienestar\"},\"previousItem\":{\"@type\":\"ListItem\",\"@id\":\"https:\\\/\\\/digitalreportmx.com\\\/index.php\\\/category\\\/relevante-2\\\/#listItem\",\"name\":\"Relevante\"}},{\"@type\":\"ListItem\",\"@id\":\"https:\\\/\\\/digitalreportmx.com\\\/index.php\\\/2026\\\/09\\\/04\\\/infonavit-entrega-viviendas-del-bienestar-en-colima\\\/#listItem\",\"position\":4,\"name\":\"Reciben de INFONAVIT  Viviendas del Bienestar\",\"previousItem\":{\"@type\":\"ListItem\",\"@id\":\"https:\\\/\\\/digitalreportmx.com\\\/index.php\\\/category\\\/relevante-2\\\/reporte-local\\\/#listItem\",\"name\":\"REPORTE LOCAL\"}}]},{\"@type\":\"Organization\",\"@id\":\"https:\\\/\\\/digitalreportmx.com\\\/#organization\",\"name\":\"digitalreportmx.com\",\"url\":\"https:\\\/\\\/digitalreportmx.com\\\/\",\"logo\":{\"@type\":\"ImageObject\",\"url\":\"https:\\\/\\\/digitalreportmx.com\\\/wp-content\\\/uploads\\\/2024\\\/02\\\/cropped-cropped-DRLOGO-1.jpg\",\"@id\":\"https:\\\/\\\/digitalreportmx.com\\\/index.php\\\/2026\\\/09\\\/04\\\/infonavit-entrega-viviendas-del-bienestar-en-colima\\\/#organizationLogo\",\"width\":1693,\"height\":281},\"image\":{\"@id\":\"https:\\\/\\\/digitalreportmx.com\\\/index.php\\\/2026\\\/09\\\/04\\\/infonavit-entrega-viviendas-del-bienestar-en-colima\\\/#organizationLogo\"}},{\"@type\":\"Person\",\"@id\":\"https:\\\/\\\/digitalreportmx.com\\\/index.php\\\/author\\\/digitalreportmx-com\\\/#author\",\"url\":\"https:\\\/\\\/digitalreportmx.com\\\/index.php\\\/author\\\/digitalreportmx-com\\\/\",\"name\":\"digitalreportmx.com\",\"image\":{\"@type\":\"ImageObject\",\"@id\":\"https:\\\/\\\/digitalreportmx.com\\\/index.php\\\/2026\\\/09\\\/04\\\/infonavit-entrega-viviendas-del-bienestar-en-colima\\\/#authorImage\",\"url\":\"https:\\\/\\\/secure.gravatar.com\\\/avatar\\\/2188078a0605d73ef57c1a9ac85e5a46c94d745432f7d01a9f4feac443943526?s=96&d=mm&r=g\",\"width\":96,\"height\":96,\"caption\":\"digitalreportmx.com\"}},{\"@type\":\"WebPage\",\"@id\":\"https:\\\/\\\/digitalreportmx.com\\\/index.php\\\/2026\\\/09\\\/04\\\/infonavit-entrega-viviendas-del-bienestar-en-colima\\\/#webpage\",\"url\":\"https:\\\/\\\/digitalreportmx.com\\\/index.php\\\/2026\\\/09\\\/04\\\/infonavit-entrega-viviendas-del-bienestar-en-colima\\\/\",\"name\":\"Reciben de INFONAVIT Viviendas del Bienestar -\",\"description\":\"Colima El director general del INFONAVIT, Octavio Romero Oropeza, junto con la titular de la Sedatu, Edna Elena Vega Rangel, y la secretaria de Infraestructura, Desarrollo Urbano y Movilidad de Colima, Marisol Neri Le\\u00f3n, enrepresentaci\\u00f3n de la gobernadora Indira Vizca\\u00edno Silva, entregaron viviendas en el fraccionamiento Infonavit La Fortuna, en Villa de \\u00c1lvarez, como parte\",\"inLanguage\":\"es-MX\",\"isPartOf\":{\"@id\":\"https:\\\/\\\/digitalreportmx.com\\\/#website\"},\"breadcrumb\":{\"@id\":\"https:\\\/\\\/digitalreportmx.com\\\/index.php\\\/2026\\\/09\\\/04\\\/infonavit-entrega-viviendas-del-bienestar-en-colima\\\/#breadcrumblist\"},\"author\":{\"@id\":\"https:\\\/\\\/digitalreportmx.com\\\/index.php\\\/author\\\/digitalreportmx-com\\\/#author\"},\"creator\":{\"@id\":\"https:\\\/\\\/digitalreportmx.com\\\/index.php\\\/author\\\/digitalreportmx-com\\\/#author\"},\"image\":{\"@type\":\"ImageObject\",\"url\":\"https:\\\/\\\/digitalreportmx.com\\\/wp-content\\\/uploads\\\/2026\\\/09\\\/IMG-20260902-WA0192.jpg\",\"@id\":\"https:\\\/\\\/digitalreportmx.com\\\/index.php\\\/2026\\\/09\\\/04\\\/infonavit-entrega-viviendas-del-bienestar-en-colima\\\/#mainImage\",\"width\":1280,\"height\":720},\"primaryImageOfPage\":{\"@id\":\"https:\\\/\\\/digitalreportmx.com\\\/index.php\\\/2026\\\/09\\\/04\\\/infonavit-entrega-viviendas-del-bienestar-en-colima\\\/#mainImage\"},\"datePublished\":\"2026-09-04T21:58:06-06:00\",\"dateModified\":\"2026-09-04T21:58:59-06:00\"},{\"@type\":\"WebSite\",\"@id\":\"https:\\\/\\\/digitalreportmx.com\\\/#website\",\"url\":\"https:\\\/\\\/digitalreportmx.com\\\/\",\"name\":\"digitalreportmx.com\",\"inLanguage\":\"es-MX\",\"publisher\":{\"@id\":\"https:\\\/\\\/digitalreportmx.com\\\/#organization\"}}]}\n\t\t<\/script>\n\t\t<!-- All in One SEO -->\n\n","aioseo_head_json":{"title":"Reciben de INFONAVIT Viviendas del Bienestar -","description":"Colima El director general del INFONAVIT, Octavio Romero Oropeza, junto con la titular de la Sedatu, Edna Elena Vega Rangel, y la secretaria de Infraestructura, Desarrollo Urbano y Movilidad de Colima, Marisol Neri Le\u00f3n, enrepresentaci\u00f3n de la gobernadora Indira Vizca\u00edno Silva, entregaron viviendas en el fraccionamiento Infonavit La Fortuna, en Villa de \u00c1lvarez, como parte","canonical_url":"https:\/\/digitalreportmx.com\/index.php\/2026\/09\/04\/infonavit-entrega-viviendas-del-bienestar-en-colima\/","robots":"max-image-preview:large","keywords":"","webmasterTools":{"miscellaneous":""},"schema":{"@context":"https:\/\/schema.org","@graph":[{"@type":"BlogPosting","@id":"https:\/\/digitalreportmx.com\/index.php\/2026\/09\/04\/infonavit-entrega-viviendas-del-bienestar-en-colima\/#blogposting","name":"Reciben de INFONAVIT Viviendas del Bienestar -","headline":"Reciben de INFONAVIT  Viviendas del Bienestar","author":{"@id":"https:\/\/digitalreportmx.com\/index.php\/author\/digitalreportmx-com\/#author"},"publisher":{"@id":"https:\/\/digitalreportmx.com\/#organization"},"image":{"@type":"ImageObject","url":"https:\/\/digitalreportmx.com\/wp-content\/uploads\/2026\/09\/IMG-20260902-WA0192.jpg","width":1280,"height":720},"datePublished":"2026-09-04T21:58:06-06:00","dateModified":"2026-09-04T21:58:59-06:00","inLanguage":"es-MX","mainEntityOfPage":{"@id":"https:\/\/digitalreportmx.com\/index.php\/2026\/09\/04\/infonavit-entrega-viviendas-del-bienestar-en-colima\/#webpage"},"isPartOf":{"@id":"https:\/\/digitalreportmx.com\/index.php\/2026\/09\/04\/infonavit-entrega-viviendas-del-bienestar-en-colima\/#webpage"},"articleSection":"Relevante, REPORTE LOCAL"},{"@type":"BreadcrumbList","@id":"https:\/\/digitalreportmx.com\/index.php\/2026\/09\/04\/infonavit-entrega-viviendas-del-bienestar-en-colima\/#breadcrumblist","itemListElement":[{"@type":"ListItem","@id":"https:\/\/digitalreportmx.com#listItem","position":1,"name":"Home","item":"https:\/\/digitalreportmx.com","nextItem":{"@type":"ListItem","@id":"https:\/\/digitalreportmx.com\/index.php\/category\/relevante-2\/#listItem","name":"Relevante"}},{"@type":"ListItem","@id":"https:\/\/digitalreportmx.com\/index.php\/category\/relevante-2\/#listItem","position":2,"name":"Relevante","item":"https:\/\/digitalreportmx.com\/index.php\/category\/relevante-2\/","nextItem":{"@type":"ListItem","@id":"https:\/\/digitalreportmx.com\/index.php\/category\/relevante-2\/reporte-local\/#listItem","name":"REPORTE LOCAL"},"previousItem":{"@type":"ListItem","@id":"https:\/\/digitalreportmx.com#listItem","name":"Home"}},{"@type":"ListItem","@id":"https:\/\/digitalreportmx.com\/index.php\/category\/relevante-2\/reporte-local\/#listItem","position":3,"name":"REPORTE LOCAL","item":"https:\/\/digitalreportmx.com\/index.php\/category\/relevante-2\/reporte-local\/","nextItem":{"@type":"ListItem","@id":"https:\/\/digitalreportmx.com\/index.php\/2026\/09\/04\/infonavit-entrega-viviendas-del-bienestar-en-colima\/#listItem","name":"Reciben de INFONAVIT  Viviendas del Bienestar"},"previousItem":{"@type":"ListItem","@id":"https:\/\/digitalreportmx.com\/index.php\/category\/relevante-2\/#listItem","name":"Relevante"}},{"@type":"ListItem","@id":"https:\/\/digitalreportmx.com\/index.php\/2026\/09\/04\/infonavit-entrega-viviendas-del-bienestar-en-colima\/#listItem","position":4,"name":"Reciben de INFONAVIT  Viviendas del Bienestar","previousItem":{"@type":"ListItem","@id":"https:\/\/digitalreportmx.com\/index.php\/category\/relevante-2\/reporte-local\/#listItem","name":"REPORTE LOCAL"}}]},{"@type":"Organization","@id":"https:\/\/digitalreportmx.com\/#organization","name":"digitalreportmx.com","url":"https:\/\/digitalreportmx.com\/","logo":{"@type":"ImageObject","url":"https:\/\/digitalreportmx.com\/wp-content\/uploads\/2024\/02\/cropped-cropped-DRLOGO-1.jpg","@id":"https:\/\/digitalreportmx.com\/index.php\/2026\/09\/04\/infonavit-entrega-viviendas-del-bienestar-en-colima\/#organizationLogo","width":1693,"height":281},"image":{"@id":"https:\/\/digitalreportmx.com\/index.php\/2026\/09\/04\/infonavit-entrega-viviendas-del-bienestar-en-colima\/#organizationLogo"}},{"@type":"Person","@id":"https:\/\/digitalreportmx.com\/index.php\/author\/digitalreportmx-com\/#author","url":"https:\/\/digitalreportmx.com\/index.php\/author\/digitalreportmx-com\/","name":"digitalreportmx.com","image":{"@type":"ImageObject","@id":"https:\/\/digitalreportmx.com\/index.php\/2026\/09\/04\/infonavit-entrega-viviendas-del-bienestar-en-colima\/#authorImage","url":"https:\/\/secure.gravatar.com\/avatar\/2188078a0605d73ef57c1a9ac85e5a46c94d745432f7d01a9f4feac443943526?s=96&d=mm&r=g","width":96,"height":96,"caption":"digitalreportmx.com"}},{"@type":"WebPage","@id":"https:\/\/digitalreportmx.com\/index.php\/2026\/09\/04\/infonavit-entrega-viviendas-del-bienestar-en-colima\/#webpage","url":"https:\/\/digitalreportmx.com\/index.php\/2026\/09\/04\/infonavit-entrega-viviendas-del-bienestar-en-colima\/","name":"Reciben de INFONAVIT Viviendas del Bienestar -","description":"Colima El director general del INFONAVIT, Octavio Romero Oropeza, junto con la titular de la Sedatu, Edna Elena Vega Rangel, y la secretaria de Infraestructura, Desarrollo Urbano y Movilidad de Colima, Marisol Neri Le\u00f3n, enrepresentaci\u00f3n de la gobernadora Indira Vizca\u00edno Silva, entregaron viviendas en el fraccionamiento Infonavit La Fortuna, en Villa de \u00c1lvarez, como parte","inLanguage":"es-MX","isPartOf":{"@id":"https:\/\/digitalreportmx.com\/#website"},"breadcrumb":{"@id":"https:\/\/digitalreportmx.com\/index.php\/2026\/09\/04\/infonavit-entrega-viviendas-del-bienestar-en-colima\/#breadcrumblist"},"author":{"@id":"https:\/\/digitalreportmx.com\/index.php\/author\/digitalreportmx-com\/#author"},"creator":{"@id":"https:\/\/digitalreportmx.com\/index.php\/author\/digitalreportmx-com\/#author"},"image":{"@type":"ImageObject","url":"https:\/\/digitalreportmx.com\/wp-content\/uploads\/2026\/09\/IMG-20260902-WA0192.jpg","@id":"https:\/\/digitalreportmx.com\/index.php\/2026\/09\/04\/infonavit-entrega-viviendas-del-bienestar-en-colima\/#mainImage","width":1280,"height":720},"primaryImageOfPage":{"@id":"https:\/\/digitalreportmx.com\/index.php\/2026\/09\/04\/infonavit-entrega-viviendas-del-bienestar-en-colima\/#mainImage"},"datePublished":"2026-09-04T21:58:06-06:00","dateModified":"2026-09-04T21:58:59-06:00"},{"@type":"WebSite","@id":"https:\/\/digitalreportmx.com\/#website","url":"https:\/\/digitalreportmx.com\/","name":"digitalreportmx.com","inLanguage":"es-MX","publisher":{"@id":"https:\/\/digitalreportmx.com\/#organization"}}]},"og:locale":"es_MX","og:site_name":"-","og:type":"article","og:title":"Reciben de INFONAVIT Viviendas del Bienestar -","og:description":"Colima El director general del INFONAVIT, Octavio Romero Oropeza, junto con la titular de la Sedatu, Edna Elena Vega Rangel, y la secretaria de Infraestructura, Desarrollo Urbano y Movilidad de Colima, Marisol Neri Le\u00f3n, enrepresentaci\u00f3n de la gobernadora Indira Vizca\u00edno Silva, entregaron viviendas en el fraccionamiento Infonavit La Fortuna, en Villa de \u00c1lvarez, como parte","og:url":"https:\/\/digitalreportmx.com\/index.php\/2026\/09\/04\/infonavit-entrega-viviendas-del-bienestar-en-colima\/","og:image":"https:\/\/digitalreportmx.com\/wp-content\/uploads\/2024\/02\/cropped-cropped-DRLOGO-1.jpg","og:image:secure_url":"https:\/\/digitalreportmx.com\/wp-content\/uploads\/2024\/02\/cropped-cropped-DRLOGO-1.jpg","article:published_time":"2026-09-05T03:58:06+00:00","article:modified_time":"2026-09-05T03:58:59+00:00","twitter:card":"summary_large_image","twitter:title":"Reciben de INFONAVIT Viviendas del Bienestar -","twitter:description":"Colima El director general del INFONAVIT, Octavio Romero Oropeza, junto con la titular de la Sedatu, Edna Elena Vega Rangel, y la secretaria de Infraestructura, Desarrollo Urbano y Movilidad de Colima, Marisol Neri Le\u00f3n, enrepresentaci\u00f3n de la gobernadora Indira Vizca\u00edno Silva, entregaron viviendas en el fraccionamiento Infonavit La Fortuna, en Villa de \u00c1lvarez, como parte","twitter:image":"https:\/\/digitalreportmx.com\/wp-content\/uploads\/2024\/02\/cropped-cropped-DRLOGO-1.jpg"},"aioseo_meta_data":{"post_id":"46028","title":null,"description":null,"keywords":null,"keyphrases":{"focus":{"keyphrase":"","score":0,"analysis":{"keyphraseInTitle":{"score":0,"maxScore":9,"error":1}}},"additional":[]},"primary_term":null,"canonical_url":null,"og_title":null,"og_description":null,"og_object_type":"default","og_image_type":"default","og_image_url":null,"og_image_width":null,"og_image_height":null,"og_image_custom_url":null,"og_image_custom_fields":null,"og_video":"","og_custom_url":null,"og_article_section":null,"og_article_tags":null,"twitter_use_og":false,"twitter_card":"default","twitter_image_type":"default","twitter_image_url":null,"twitter_image_custom_url":null,"twitter_image_custom_fields":null,"twitter_title":null,"twitter_description":null,"schema":{"blockGraphs":[],"customGraphs":[],"default":{"data":{"Article":[],"Course":[],"Dataset":[],"FAQPage":[],"Movie":[],"Person":[],"Product":[],"ProductReview":[],"Car":[],"Recipe":[],"Service":[],"SoftwareApplication":[],"WebPage":[]},"graphName":"BlogPosting","isEnabled":true},"graphs":[]},"schema_type":"default","schema_type_options":null,"pillar_content":false,"robots_default":true,"robots_noindex":false,"robots_noarchive":false,"robots_nosnippet":false,"robots_nofollow":false,"robots_noimageindex":false,"robots_noodp":false,"robots_notranslate":false,"robots_max_snippet":"-1","robots_max_videopreview":"-1","robots_max_imagepreview":"large","priority":null,"frequency":"default","local_seo":null,"breadcrumb_settings":null,"limit_modified_date":false,"ai":{"faqs":[],"keyPoints":[],"schemas":[],"titles":[],"descriptions":[],"socialPosts":{"email":{"subject":"","preview":"","content":""},"linkedin":[],"twitter":[],"facebook":[],"instagram":[]}},"created":"2026-09-05 03:58:07","updated":"2026-09-05 04:00:10","seo_analyzer_scan_date":null,"focus_keyword":null,"additional_keywords":null,"truseo_locale":null},"aioseo_breadcrumb":"<div class=\"aioseo-breadcrumbs\"><span class=\"aioseo-breadcrumb\">\n\t\t\t<a href=\"https:\/\/digitalreportmx.com\" title=\"Home\">Home<\/a>\n\t\t<\/span><span class=\"aioseo-breadcrumb-separator\">&raquo;<\/span><span class=\"aioseo-breadcrumb\">\n\t\t\t<a href=\"https:\/\/digitalreportmx.com\/index.php\/category\/relevante-2\/\" title=\"Relevante\">Relevante<\/a>\n\t\t<\/span><span class=\"aioseo-breadcrumb-separator\">&raquo;<\/span><span class=\"aioseo-breadcrumb\">\n\t\t\t<a href=\"https:\/\/digitalreportmx.com\/index.php\/category\/relevante-2\/reporte-local\/\" title=\"REPORTE LOCAL\">REPORTE LOCAL<\/a>\n\t\t<\/span><span class=\"aioseo-breadcrumb-separator\">&raquo;<\/span><span class=\"aioseo-breadcrumb\">\n\t\t\tReciben de INFONAVIT  Viviendas del Bienestar\n\t\t<\/span><\/div>","aioseo_breadcrumb_json":[{"label":"Home","link":"https:\/\/digitalreportmx.com"},{"label":"Relevante","link":"https:\/\/digitalreportmx.com\/index.php\/category\/relevante-2\/"},{"label":"REPORTE LOCAL","link":"https:\/\/digitalreportmx.com\/index.php\/category\/relevante-2\/reporte-local\/"},{"label":"Reciben de INFONAVIT  Viviendas del Bienestar","link":"https:\/\/digitalreportmx.com\/index.php\/2026\/09\/04\/infonavit-entrega-viviendas-del-bienestar-en-colima\/"}],"_links":{"self":[{"href":"https:\/\/digitalreportmx.com\/index.php\/wp-json\/wp\/v2\/posts\/46028","targetHints":{"allow":["GET"]}}],"collection":[{"href":"https:\/\/digitalreportmx.com\/index.php\/wp-json\/wp\/v2\/posts"}],"about":[{"href":"https:\/\/digitalreportmx.com\/index.php\/wp-json\/wp\/v2\/types\/post"}],"author":[{"embeddable":true,"href":"https:\/\/digitalreportmx.com\/index.php\/wp-json\/wp\/v2\/users\/1"}],"replies":[{"embeddable":true,"href":"https:\/\/digitalreportmx.com\/index.php\/wp-json\/wp\/v2\/comments?post=46028"}],"version-history":[{"count":3,"href":"https:\/\/digitalreportmx.com\/index.php\/wp-json\/wp\/v2\/posts\/46028\/revisions"}],"predecessor-version":[{"id":46035,"href":"https:\/\/digitalreportmx.com\/index.php\/wp-json\/wp\/v2\/posts\/46028\/revisions\/46035"}],"wp:featuredmedia":[{"embeddable":true,"href":"https:\/\/digitalreportmx.com\/index.php\/wp-json\/wp\/v2\/media\/46029"}],"wp:attachment":[{"href":"https:\/\/digitalreportmx.com\/index.php\/wp-json\/wp\/v2\/media?parent=46028"}],"wp:term":[{"taxonomy":"category","embeddable":true,"href":"https:\/\/digitalreportmx.com\/index.php\/wp-json\/wp\/v2\/categories?post=46028"},{"taxonomy":"post_tag","embeddable":true,"href":"https:\/\/digitalreportmx.com\/index.php\/wp-json\/wp\/v2\/tags?post=46028"}],"curies":[{"name":"wp","href":"https:\/\/api.w.org\/{rel}","templated":true}]}}