{"id":46062,"date":"2026-09-05T17:58:41","date_gmt":"2026-09-05T23:58:41","guid":{"rendered":"https:\/\/digitalreportmx.com\/?p=46062"},"modified":"2026-09-05T18:02:15","modified_gmt":"2026-09-06T00:02:15","slug":"reconocen-labor-y-trayectoria-de-policias-de-escobedo","status":"publish","type":"post","link":"https:\/\/digitalreportmx.com\/index.php\/2026\/09\/05\/reconocen-labor-y-trayectoria-de-policias-de-escobedo\/","title":{"rendered":"Reconocen trayectoria de polic\u00edas de Escobedo"},"content":{"rendered":"\n<p><kbd>Escobed,NL<\/kbd><\/p>\n\n\n\n<p>Para reconocer la labor, trayectoria y compromiso de los elementos de la Secretar\u00eda de Seguridad Ciudadana, el Gobierno de Escobedo llev\u00f3 a cabo la Ceremonia Conmemorativa del D\u00eda del Polic\u00eda, Ascensos Policiales y M\u00e9rito Policial.<\/p>\n\n\n\n<p>El evento se realiz\u00f3 en el Teatro Fidel Vel\u00e1zquez y estuvo encabezado por Jos\u00e9 Antonio Quiroga Chapa, encargado de despacho de la Presidencia Municipal de Escobedo, y Marco Antonio Zavala Sol\u00eds, Secretario de Seguridad.<\/p>\n\n\n\n<p>Durante la ceremonia, 35 polic\u00edas recibieron un nuevo grado en reconocimiento a su desempe\u00f1o, compromiso y trayectoria dentro de la corporaci\u00f3n. <\/p>\n\n\n\n<figure class=\"wp-block-image size-large\"><img loading=\"lazy\" decoding=\"async\" width=\"1024\" height=\"656\" src=\"https:\/\/digitalreportmx.com\/wp-content\/uploads\/2026\/09\/1000387099-1024x656.jpg\" alt=\"\" class=\"wp-image-46067\" srcset=\"https:\/\/digitalreportmx.com\/wp-content\/uploads\/2026\/09\/1000387099-1024x656.jpg 1024w, https:\/\/digitalreportmx.com\/wp-content\/uploads\/2026\/09\/1000387099-300x192.jpg 300w, https:\/\/digitalreportmx.com\/wp-content\/uploads\/2026\/09\/1000387099-768x492.jpg 768w, https:\/\/digitalreportmx.com\/wp-content\/uploads\/2026\/09\/1000387099.jpg 1489w\" sizes=\"auto, (max-width: 1024px) 100vw, 1024px\" \/><\/figure>\n\n\n\n<p>Asimismo, se otorgaron reconocimientos al M\u00e9rito Policial a 156 elementos que han destacado por su labor y servicio en favor de la seguridad de las familias de Escobedo.<\/p>\n\n\n\n<p>En su mensaje, Quiroga Chapa destac\u00f3 la importancia de reconocer a quienes diariamente trabajan por la seguridad del municipio, as\u00ed como de brindarles las herramientas necesarias para fortalecer su desempe\u00f1o y desarrollo profesional.<\/p>\n\n\n\n<p>\u201cEn Escobedo llevamos a\u00f1os construyendo una manera distinta de entender la seguridad: un polic\u00eda que use inteligencia y tecnolog\u00eda, pero que nunca pierda el contacto con su comunidad\u201d, se\u00f1al\u00f3.<\/p>\n\n\n\n<figure class=\"wp-block-image size-large\"><img loading=\"lazy\" decoding=\"async\" width=\"1024\" height=\"662\" src=\"https:\/\/digitalreportmx.com\/wp-content\/uploads\/2026\/09\/1000387098-1024x662.jpg\" alt=\"\" class=\"wp-image-46068\" srcset=\"https:\/\/digitalreportmx.com\/wp-content\/uploads\/2026\/09\/1000387098-1024x662.jpg 1024w, https:\/\/digitalreportmx.com\/wp-content\/uploads\/2026\/09\/1000387098-300x194.jpg 300w, https:\/\/digitalreportmx.com\/wp-content\/uploads\/2026\/09\/1000387098-768x496.jpg 768w, https:\/\/digitalreportmx.com\/wp-content\/uploads\/2026\/09\/1000387098.jpg 1537w\" sizes=\"auto, (max-width: 1024px) 100vw, 1024px\" \/><\/figure>\n\n\n\n<p>Adem\u00e1s, resalt\u00f3 que contar con una corporaci\u00f3n de primer nivel requiere brindar a los polic\u00edas capacitaci\u00f3n, respaldo y reconocimiento por su trabajo.<\/p>\n\n\n\n<p>\u201cLa 4T norte\u00f1a entiende algo muy sencillo: no podemos pedir polic\u00edas de primera si no tratamos a los polic\u00edas como elementos de primera.  Hay que capacitarlos, respaldarlos y, cuando hay buenos resultados, tambi\u00e9n hay que reconocerlos\u201d, expres\u00f3.<\/p>\n\n\n\n<p>Los elementos reconocidos estuvieron acompa\u00f1ados por sus familias, quienes fueron testigos de este momento en el que se destac\u00f3 su esfuerzo, compromiso y vocaci\u00f3n de servicio.<\/p>\n\n\n\n<figure class=\"wp-block-image size-large\"><img loading=\"lazy\" decoding=\"async\" width=\"1024\" height=\"578\" src=\"https:\/\/digitalreportmx.com\/wp-content\/uploads\/2026\/09\/1000387100-1024x578.jpg\" alt=\"\" class=\"wp-image-46069\" srcset=\"https:\/\/digitalreportmx.com\/wp-content\/uploads\/2026\/09\/1000387100-1024x578.jpg 1024w, https:\/\/digitalreportmx.com\/wp-content\/uploads\/2026\/09\/1000387100-300x169.jpg 300w, https:\/\/digitalreportmx.com\/wp-content\/uploads\/2026\/09\/1000387100-768x433.jpg 768w, https:\/\/digitalreportmx.com\/wp-content\/uploads\/2026\/09\/1000387100-1536x867.jpg 1536w, https:\/\/digitalreportmx.com\/wp-content\/uploads\/2026\/09\/1000387100.jpg 1600w\" sizes=\"auto, (max-width: 1024px) 100vw, 1024px\" \/><\/figure>\n","protected":false},"excerpt":{"rendered":"<p>Escobed,NL Para reconocer la labor, trayectoria y compromiso de los elementos de la Secretar\u00eda de Seguridad Ciudadana, el Gobierno de Escobedo llev\u00f3 a cabo la Ceremonia Conmemorativa del D\u00eda del Polic\u00eda, Ascensos Policiales y M\u00e9rito Policial. El evento se realiz\u00f3 en el Teatro Fidel Vel\u00e1zquez y estuvo encabezado por Jos\u00e9 Antonio Quiroga Chapa, encargado de [&hellip;]<\/p>\n","protected":false},"author":1,"featured_media":46064,"comment_status":"open","ping_status":"open","sticky":false,"template":"","format":"standard","meta":{"om_disable_all_campaigns":false,"_monsterinsights_skip_tracking":false,"_uf_show_specific_survey":0,"_uf_disable_surveys":false,"footnotes":""},"categories":[16,13],"tags":[],"class_list":["post-46062","post","type-post","status-publish","format-standard","has-post-thumbnail","hentry","category-relevante-2","category-reporte-local"],"aioseo_notices":[],"aioseo_head":"\n\t\t<!-- All in One SEO 5.0.1.1 - aioseo.com -->\n\t<meta name=\"description\" content=\"Escobed,NL Para reconocer la labor, trayectoria y compromiso de los elementos de la Secretar\u00eda de Seguridad Ciudadana, el Gobierno de Escobedo llev\u00f3 a cabo la Ceremonia Conmemorativa del D\u00eda del Polic\u00eda, Ascensos Policiales y M\u00e9rito Policial. El evento se realiz\u00f3 en el Teatro Fidel Vel\u00e1zquez y estuvo encabezado por Jos\u00e9 Antonio Quiroga Chapa, encargado de\" \/>\n\t<meta name=\"robots\" content=\"max-image-preview:large\" \/>\n\t<meta name=\"author\" content=\"digitalreportmx.com\"\/>\n\t<link rel=\"canonical\" href=\"https:\/\/digitalreportmx.com\/index.php\/2026\/09\/05\/reconocen-labor-y-trayectoria-de-policias-de-escobedo\/\" \/>\n\t<meta name=\"generator\" content=\"All in One SEO (AIOSEO) 5.0.1.1\" \/>\n\t\t<meta property=\"og:locale\" content=\"es_MX\" \/>\n\t\t<meta property=\"og:site_name\" content=\"-\" \/>\n\t\t<meta property=\"og:type\" content=\"article\" \/>\n\t\t<meta property=\"og:title\" content=\"Reconocen trayectoria de polic\u00edas de Escobedo -\" \/>\n\t\t<meta property=\"og:description\" content=\"Escobed,NL Para reconocer la labor, trayectoria y compromiso de los elementos de la Secretar\u00eda de Seguridad Ciudadana, el Gobierno de Escobedo llev\u00f3 a cabo la Ceremonia Conmemorativa del D\u00eda del Polic\u00eda, Ascensos Policiales y M\u00e9rito Policial. El evento se realiz\u00f3 en el Teatro Fidel Vel\u00e1zquez y estuvo encabezado por Jos\u00e9 Antonio Quiroga Chapa, encargado de\" \/>\n\t\t<meta property=\"og:url\" content=\"https:\/\/digitalreportmx.com\/index.php\/2026\/09\/05\/reconocen-labor-y-trayectoria-de-policias-de-escobedo\/\" \/>\n\t\t<meta property=\"og:image\" content=\"https:\/\/digitalreportmx.com\/wp-content\/uploads\/2024\/02\/cropped-cropped-DRLOGO-1.jpg\" \/>\n\t\t<meta property=\"og:image:secure_url\" content=\"https:\/\/digitalreportmx.com\/wp-content\/uploads\/2024\/02\/cropped-cropped-DRLOGO-1.jpg\" \/>\n\t\t<meta property=\"article:published_time\" content=\"2026-09-05T23:58:41+00:00\" \/>\n\t\t<meta property=\"article:modified_time\" content=\"2026-09-06T00:02:15+00:00\" \/>\n\t\t<meta name=\"twitter:card\" content=\"summary_large_image\" \/>\n\t\t<meta name=\"twitter:title\" content=\"Reconocen trayectoria de polic\u00edas de Escobedo -\" \/>\n\t\t<meta name=\"twitter:description\" content=\"Escobed,NL Para reconocer la labor, trayectoria y compromiso de los elementos de la Secretar\u00eda de Seguridad Ciudadana, el Gobierno de Escobedo llev\u00f3 a cabo la Ceremonia Conmemorativa del D\u00eda del Polic\u00eda, Ascensos Policiales y M\u00e9rito Policial. El evento se realiz\u00f3 en el Teatro Fidel Vel\u00e1zquez y estuvo encabezado por Jos\u00e9 Antonio Quiroga Chapa, encargado de\" \/>\n\t\t<meta name=\"twitter:image\" content=\"https:\/\/digitalreportmx.com\/wp-content\/uploads\/2024\/02\/cropped-cropped-DRLOGO-1.jpg\" \/>\n\t\t<script type=\"application\/ld+json\" class=\"aioseo-schema\">\n\t\t\t{\"@context\":\"https:\\\/\\\/schema.org\",\"@graph\":[{\"@type\":\"BlogPosting\",\"@id\":\"https:\\\/\\\/digitalreportmx.com\\\/index.php\\\/2026\\\/09\\\/05\\\/reconocen-labor-y-trayectoria-de-policias-de-escobedo\\\/#blogposting\",\"name\":\"Reconocen trayectoria de polic\\u00edas de Escobedo -\",\"headline\":\"Reconocen trayectoria de polic\\u00edas de Escobedo\",\"author\":{\"@id\":\"https:\\\/\\\/digitalreportmx.com\\\/index.php\\\/author\\\/digitalreportmx-com\\\/#author\"},\"publisher\":{\"@id\":\"https:\\\/\\\/digitalreportmx.com\\\/#organization\"},\"image\":{\"@type\":\"ImageObject\",\"url\":\"https:\\\/\\\/digitalreportmx.com\\\/wp-content\\\/uploads\\\/2026\\\/09\\\/IMG-20260905-WA0101.jpg\",\"width\":1600,\"height\":960},\"datePublished\":\"2026-09-05T17:58:41-06:00\",\"dateModified\":\"2026-09-05T18:02:15-06:00\",\"inLanguage\":\"es-MX\",\"mainEntityOfPage\":{\"@id\":\"https:\\\/\\\/digitalreportmx.com\\\/index.php\\\/2026\\\/09\\\/05\\\/reconocen-labor-y-trayectoria-de-policias-de-escobedo\\\/#webpage\"},\"isPartOf\":{\"@id\":\"https:\\\/\\\/digitalreportmx.com\\\/index.php\\\/2026\\\/09\\\/05\\\/reconocen-labor-y-trayectoria-de-policias-de-escobedo\\\/#webpage\"},\"articleSection\":\"Relevante, REPORTE LOCAL\"},{\"@type\":\"BreadcrumbList\",\"@id\":\"https:\\\/\\\/digitalreportmx.com\\\/index.php\\\/2026\\\/09\\\/05\\\/reconocen-labor-y-trayectoria-de-policias-de-escobedo\\\/#breadcrumblist\",\"itemListElement\":[{\"@type\":\"ListItem\",\"@id\":\"https:\\\/\\\/digitalreportmx.com#listItem\",\"position\":1,\"name\":\"Home\",\"item\":\"https:\\\/\\\/digitalreportmx.com\",\"nextItem\":{\"@type\":\"ListItem\",\"@id\":\"https:\\\/\\\/digitalreportmx.com\\\/index.php\\\/category\\\/relevante-2\\\/#listItem\",\"name\":\"Relevante\"}},{\"@type\":\"ListItem\",\"@id\":\"https:\\\/\\\/digitalreportmx.com\\\/index.php\\\/category\\\/relevante-2\\\/#listItem\",\"position\":2,\"name\":\"Relevante\",\"item\":\"https:\\\/\\\/digitalreportmx.com\\\/index.php\\\/category\\\/relevante-2\\\/\",\"nextItem\":{\"@type\":\"ListItem\",\"@id\":\"https:\\\/\\\/digitalreportmx.com\\\/index.php\\\/category\\\/relevante-2\\\/reporte-local\\\/#listItem\",\"name\":\"REPORTE LOCAL\"},\"previousItem\":{\"@type\":\"ListItem\",\"@id\":\"https:\\\/\\\/digitalreportmx.com#listItem\",\"name\":\"Home\"}},{\"@type\":\"ListItem\",\"@id\":\"https:\\\/\\\/digitalreportmx.com\\\/index.php\\\/category\\\/relevante-2\\\/reporte-local\\\/#listItem\",\"position\":3,\"name\":\"REPORTE LOCAL\",\"item\":\"https:\\\/\\\/digitalreportmx.com\\\/index.php\\\/category\\\/relevante-2\\\/reporte-local\\\/\",\"nextItem\":{\"@type\":\"ListItem\",\"@id\":\"https:\\\/\\\/digitalreportmx.com\\\/index.php\\\/2026\\\/09\\\/05\\\/reconocen-labor-y-trayectoria-de-policias-de-escobedo\\\/#listItem\",\"name\":\"Reconocen trayectoria de polic\\u00edas de Escobedo\"},\"previousItem\":{\"@type\":\"ListItem\",\"@id\":\"https:\\\/\\\/digitalreportmx.com\\\/index.php\\\/category\\\/relevante-2\\\/#listItem\",\"name\":\"Relevante\"}},{\"@type\":\"ListItem\",\"@id\":\"https:\\\/\\\/digitalreportmx.com\\\/index.php\\\/2026\\\/09\\\/05\\\/reconocen-labor-y-trayectoria-de-policias-de-escobedo\\\/#listItem\",\"position\":4,\"name\":\"Reconocen trayectoria de polic\\u00edas de Escobedo\",\"previousItem\":{\"@type\":\"ListItem\",\"@id\":\"https:\\\/\\\/digitalreportmx.com\\\/index.php\\\/category\\\/relevante-2\\\/reporte-local\\\/#listItem\",\"name\":\"REPORTE LOCAL\"}}]},{\"@type\":\"Organization\",\"@id\":\"https:\\\/\\\/digitalreportmx.com\\\/#organization\",\"name\":\"digitalreportmx.com\",\"url\":\"https:\\\/\\\/digitalreportmx.com\\\/\",\"logo\":{\"@type\":\"ImageObject\",\"url\":\"https:\\\/\\\/digitalreportmx.com\\\/wp-content\\\/uploads\\\/2024\\\/02\\\/cropped-cropped-DRLOGO-1.jpg\",\"@id\":\"https:\\\/\\\/digitalreportmx.com\\\/index.php\\\/2026\\\/09\\\/05\\\/reconocen-labor-y-trayectoria-de-policias-de-escobedo\\\/#organizationLogo\",\"width\":1693,\"height\":281},\"image\":{\"@id\":\"https:\\\/\\\/digitalreportmx.com\\\/index.php\\\/2026\\\/09\\\/05\\\/reconocen-labor-y-trayectoria-de-policias-de-escobedo\\\/#organizationLogo\"}},{\"@type\":\"Person\",\"@id\":\"https:\\\/\\\/digitalreportmx.com\\\/index.php\\\/author\\\/digitalreportmx-com\\\/#author\",\"url\":\"https:\\\/\\\/digitalreportmx.com\\\/index.php\\\/author\\\/digitalreportmx-com\\\/\",\"name\":\"digitalreportmx.com\",\"image\":{\"@type\":\"ImageObject\",\"@id\":\"https:\\\/\\\/digitalreportmx.com\\\/index.php\\\/2026\\\/09\\\/05\\\/reconocen-labor-y-trayectoria-de-policias-de-escobedo\\\/#authorImage\",\"url\":\"https:\\\/\\\/secure.gravatar.com\\\/avatar\\\/2188078a0605d73ef57c1a9ac85e5a46c94d745432f7d01a9f4feac443943526?s=96&d=mm&r=g\",\"width\":96,\"height\":96,\"caption\":\"digitalreportmx.com\"}},{\"@type\":\"WebPage\",\"@id\":\"https:\\\/\\\/digitalreportmx.com\\\/index.php\\\/2026\\\/09\\\/05\\\/reconocen-labor-y-trayectoria-de-policias-de-escobedo\\\/#webpage\",\"url\":\"https:\\\/\\\/digitalreportmx.com\\\/index.php\\\/2026\\\/09\\\/05\\\/reconocen-labor-y-trayectoria-de-policias-de-escobedo\\\/\",\"name\":\"Reconocen trayectoria de polic\\u00edas de Escobedo -\",\"description\":\"Escobed,NL Para reconocer la labor, trayectoria y compromiso de los elementos de la Secretar\\u00eda de Seguridad Ciudadana, el Gobierno de Escobedo llev\\u00f3 a cabo la Ceremonia Conmemorativa del D\\u00eda del Polic\\u00eda, Ascensos Policiales y M\\u00e9rito Policial. El evento se realiz\\u00f3 en el Teatro Fidel Vel\\u00e1zquez y estuvo encabezado por Jos\\u00e9 Antonio Quiroga Chapa, encargado de\",\"inLanguage\":\"es-MX\",\"isPartOf\":{\"@id\":\"https:\\\/\\\/digitalreportmx.com\\\/#website\"},\"breadcrumb\":{\"@id\":\"https:\\\/\\\/digitalreportmx.com\\\/index.php\\\/2026\\\/09\\\/05\\\/reconocen-labor-y-trayectoria-de-policias-de-escobedo\\\/#breadcrumblist\"},\"author\":{\"@id\":\"https:\\\/\\\/digitalreportmx.com\\\/index.php\\\/author\\\/digitalreportmx-com\\\/#author\"},\"creator\":{\"@id\":\"https:\\\/\\\/digitalreportmx.com\\\/index.php\\\/author\\\/digitalreportmx-com\\\/#author\"},\"image\":{\"@type\":\"ImageObject\",\"url\":\"https:\\\/\\\/digitalreportmx.com\\\/wp-content\\\/uploads\\\/2026\\\/09\\\/IMG-20260905-WA0101.jpg\",\"@id\":\"https:\\\/\\\/digitalreportmx.com\\\/index.php\\\/2026\\\/09\\\/05\\\/reconocen-labor-y-trayectoria-de-policias-de-escobedo\\\/#mainImage\",\"width\":1600,\"height\":960},\"primaryImageOfPage\":{\"@id\":\"https:\\\/\\\/digitalreportmx.com\\\/index.php\\\/2026\\\/09\\\/05\\\/reconocen-labor-y-trayectoria-de-policias-de-escobedo\\\/#mainImage\"},\"datePublished\":\"2026-09-05T17:58:41-06:00\",\"dateModified\":\"2026-09-05T18:02:15-06:00\"},{\"@type\":\"WebSite\",\"@id\":\"https:\\\/\\\/digitalreportmx.com\\\/#website\",\"url\":\"https:\\\/\\\/digitalreportmx.com\\\/\",\"name\":\"digitalreportmx.com\",\"inLanguage\":\"es-MX\",\"publisher\":{\"@id\":\"https:\\\/\\\/digitalreportmx.com\\\/#organization\"}}]}\n\t\t<\/script>\n\t\t<!-- All in One SEO -->\n\n","aioseo_head_json":{"title":"Reconocen trayectoria de polic\u00edas de Escobedo -","description":"Escobed,NL Para reconocer la labor, trayectoria y compromiso de los elementos de la Secretar\u00eda de Seguridad Ciudadana, el Gobierno de Escobedo llev\u00f3 a cabo la Ceremonia Conmemorativa del D\u00eda del Polic\u00eda, Ascensos Policiales y M\u00e9rito Policial. El evento se realiz\u00f3 en el Teatro Fidel Vel\u00e1zquez y estuvo encabezado por Jos\u00e9 Antonio Quiroga Chapa, encargado de","canonical_url":"https:\/\/digitalreportmx.com\/index.php\/2026\/09\/05\/reconocen-labor-y-trayectoria-de-policias-de-escobedo\/","robots":"max-image-preview:large","keywords":"","webmasterTools":{"miscellaneous":""},"schema":{"@context":"https:\/\/schema.org","@graph":[{"@type":"BlogPosting","@id":"https:\/\/digitalreportmx.com\/index.php\/2026\/09\/05\/reconocen-labor-y-trayectoria-de-policias-de-escobedo\/#blogposting","name":"Reconocen trayectoria de polic\u00edas de Escobedo -","headline":"Reconocen trayectoria de polic\u00edas de Escobedo","author":{"@id":"https:\/\/digitalreportmx.com\/index.php\/author\/digitalreportmx-com\/#author"},"publisher":{"@id":"https:\/\/digitalreportmx.com\/#organization"},"image":{"@type":"ImageObject","url":"https:\/\/digitalreportmx.com\/wp-content\/uploads\/2026\/09\/IMG-20260905-WA0101.jpg","width":1600,"height":960},"datePublished":"2026-09-05T17:58:41-06:00","dateModified":"2026-09-05T18:02:15-06:00","inLanguage":"es-MX","mainEntityOfPage":{"@id":"https:\/\/digitalreportmx.com\/index.php\/2026\/09\/05\/reconocen-labor-y-trayectoria-de-policias-de-escobedo\/#webpage"},"isPartOf":{"@id":"https:\/\/digitalreportmx.com\/index.php\/2026\/09\/05\/reconocen-labor-y-trayectoria-de-policias-de-escobedo\/#webpage"},"articleSection":"Relevante, REPORTE LOCAL"},{"@type":"BreadcrumbList","@id":"https:\/\/digitalreportmx.com\/index.php\/2026\/09\/05\/reconocen-labor-y-trayectoria-de-policias-de-escobedo\/#breadcrumblist","itemListElement":[{"@type":"ListItem","@id":"https:\/\/digitalreportmx.com#listItem","position":1,"name":"Home","item":"https:\/\/digitalreportmx.com","nextItem":{"@type":"ListItem","@id":"https:\/\/digitalreportmx.com\/index.php\/category\/relevante-2\/#listItem","name":"Relevante"}},{"@type":"ListItem","@id":"https:\/\/digitalreportmx.com\/index.php\/category\/relevante-2\/#listItem","position":2,"name":"Relevante","item":"https:\/\/digitalreportmx.com\/index.php\/category\/relevante-2\/","nextItem":{"@type":"ListItem","@id":"https:\/\/digitalreportmx.com\/index.php\/category\/relevante-2\/reporte-local\/#listItem","name":"REPORTE LOCAL"},"previousItem":{"@type":"ListItem","@id":"https:\/\/digitalreportmx.com#listItem","name":"Home"}},{"@type":"ListItem","@id":"https:\/\/digitalreportmx.com\/index.php\/category\/relevante-2\/reporte-local\/#listItem","position":3,"name":"REPORTE LOCAL","item":"https:\/\/digitalreportmx.com\/index.php\/category\/relevante-2\/reporte-local\/","nextItem":{"@type":"ListItem","@id":"https:\/\/digitalreportmx.com\/index.php\/2026\/09\/05\/reconocen-labor-y-trayectoria-de-policias-de-escobedo\/#listItem","name":"Reconocen trayectoria de polic\u00edas de Escobedo"},"previousItem":{"@type":"ListItem","@id":"https:\/\/digitalreportmx.com\/index.php\/category\/relevante-2\/#listItem","name":"Relevante"}},{"@type":"ListItem","@id":"https:\/\/digitalreportmx.com\/index.php\/2026\/09\/05\/reconocen-labor-y-trayectoria-de-policias-de-escobedo\/#listItem","position":4,"name":"Reconocen trayectoria de polic\u00edas de Escobedo","previousItem":{"@type":"ListItem","@id":"https:\/\/digitalreportmx.com\/index.php\/category\/relevante-2\/reporte-local\/#listItem","name":"REPORTE LOCAL"}}]},{"@type":"Organization","@id":"https:\/\/digitalreportmx.com\/#organization","name":"digitalreportmx.com","url":"https:\/\/digitalreportmx.com\/","logo":{"@type":"ImageObject","url":"https:\/\/digitalreportmx.com\/wp-content\/uploads\/2024\/02\/cropped-cropped-DRLOGO-1.jpg","@id":"https:\/\/digitalreportmx.com\/index.php\/2026\/09\/05\/reconocen-labor-y-trayectoria-de-policias-de-escobedo\/#organizationLogo","width":1693,"height":281},"image":{"@id":"https:\/\/digitalreportmx.com\/index.php\/2026\/09\/05\/reconocen-labor-y-trayectoria-de-policias-de-escobedo\/#organizationLogo"}},{"@type":"Person","@id":"https:\/\/digitalreportmx.com\/index.php\/author\/digitalreportmx-com\/#author","url":"https:\/\/digitalreportmx.com\/index.php\/author\/digitalreportmx-com\/","name":"digitalreportmx.com","image":{"@type":"ImageObject","@id":"https:\/\/digitalreportmx.com\/index.php\/2026\/09\/05\/reconocen-labor-y-trayectoria-de-policias-de-escobedo\/#authorImage","url":"https:\/\/secure.gravatar.com\/avatar\/2188078a0605d73ef57c1a9ac85e5a46c94d745432f7d01a9f4feac443943526?s=96&d=mm&r=g","width":96,"height":96,"caption":"digitalreportmx.com"}},{"@type":"WebPage","@id":"https:\/\/digitalreportmx.com\/index.php\/2026\/09\/05\/reconocen-labor-y-trayectoria-de-policias-de-escobedo\/#webpage","url":"https:\/\/digitalreportmx.com\/index.php\/2026\/09\/05\/reconocen-labor-y-trayectoria-de-policias-de-escobedo\/","name":"Reconocen trayectoria de polic\u00edas de Escobedo -","description":"Escobed,NL Para reconocer la labor, trayectoria y compromiso de los elementos de la Secretar\u00eda de Seguridad Ciudadana, el Gobierno de Escobedo llev\u00f3 a cabo la Ceremonia Conmemorativa del D\u00eda del Polic\u00eda, Ascensos Policiales y M\u00e9rito Policial. El evento se realiz\u00f3 en el Teatro Fidel Vel\u00e1zquez y estuvo encabezado por Jos\u00e9 Antonio Quiroga Chapa, encargado de","inLanguage":"es-MX","isPartOf":{"@id":"https:\/\/digitalreportmx.com\/#website"},"breadcrumb":{"@id":"https:\/\/digitalreportmx.com\/index.php\/2026\/09\/05\/reconocen-labor-y-trayectoria-de-policias-de-escobedo\/#breadcrumblist"},"author":{"@id":"https:\/\/digitalreportmx.com\/index.php\/author\/digitalreportmx-com\/#author"},"creator":{"@id":"https:\/\/digitalreportmx.com\/index.php\/author\/digitalreportmx-com\/#author"},"image":{"@type":"ImageObject","url":"https:\/\/digitalreportmx.com\/wp-content\/uploads\/2026\/09\/IMG-20260905-WA0101.jpg","@id":"https:\/\/digitalreportmx.com\/index.php\/2026\/09\/05\/reconocen-labor-y-trayectoria-de-policias-de-escobedo\/#mainImage","width":1600,"height":960},"primaryImageOfPage":{"@id":"https:\/\/digitalreportmx.com\/index.php\/2026\/09\/05\/reconocen-labor-y-trayectoria-de-policias-de-escobedo\/#mainImage"},"datePublished":"2026-09-05T17:58:41-06:00","dateModified":"2026-09-05T18:02:15-06:00"},{"@type":"WebSite","@id":"https:\/\/digitalreportmx.com\/#website","url":"https:\/\/digitalreportmx.com\/","name":"digitalreportmx.com","inLanguage":"es-MX","publisher":{"@id":"https:\/\/digitalreportmx.com\/#organization"}}]},"og:locale":"es_MX","og:site_name":"-","og:type":"article","og:title":"Reconocen trayectoria de polic\u00edas de Escobedo -","og:description":"Escobed,NL Para reconocer la labor, trayectoria y compromiso de los elementos de la Secretar\u00eda de Seguridad Ciudadana, el Gobierno de Escobedo llev\u00f3 a cabo la Ceremonia Conmemorativa del D\u00eda del Polic\u00eda, Ascensos Policiales y M\u00e9rito Policial. El evento se realiz\u00f3 en el Teatro Fidel Vel\u00e1zquez y estuvo encabezado por Jos\u00e9 Antonio Quiroga Chapa, encargado de","og:url":"https:\/\/digitalreportmx.com\/index.php\/2026\/09\/05\/reconocen-labor-y-trayectoria-de-policias-de-escobedo\/","og:image":"https:\/\/digitalreportmx.com\/wp-content\/uploads\/2024\/02\/cropped-cropped-DRLOGO-1.jpg","og:image:secure_url":"https:\/\/digitalreportmx.com\/wp-content\/uploads\/2024\/02\/cropped-cropped-DRLOGO-1.jpg","article:published_time":"2026-09-05T23:58:41+00:00","article:modified_time":"2026-09-06T00:02:15+00:00","twitter:card":"summary_large_image","twitter:title":"Reconocen trayectoria de polic\u00edas de Escobedo -","twitter:description":"Escobed,NL Para reconocer la labor, trayectoria y compromiso de los elementos de la Secretar\u00eda de Seguridad Ciudadana, el Gobierno de Escobedo llev\u00f3 a cabo la Ceremonia Conmemorativa del D\u00eda del Polic\u00eda, Ascensos Policiales y M\u00e9rito Policial. El evento se realiz\u00f3 en el Teatro Fidel Vel\u00e1zquez y estuvo encabezado por Jos\u00e9 Antonio Quiroga Chapa, encargado de","twitter:image":"https:\/\/digitalreportmx.com\/wp-content\/uploads\/2024\/02\/cropped-cropped-DRLOGO-1.jpg"},"aioseo_meta_data":{"post_id":"46062","title":null,"description":null,"keywords":null,"keyphrases":{"focus":{"keyphrase":"","score":0,"analysis":{"keyphraseInTitle":{"score":0,"maxScore":9,"error":1}}},"additional":[]},"primary_term":null,"canonical_url":null,"og_title":null,"og_description":null,"og_object_type":"default","og_image_type":"default","og_image_url":null,"og_image_width":null,"og_image_height":null,"og_image_custom_url":null,"og_image_custom_fields":null,"og_video":"","og_custom_url":null,"og_article_section":null,"og_article_tags":null,"twitter_use_og":false,"twitter_card":"default","twitter_image_type":"default","twitter_image_url":null,"twitter_image_custom_url":null,"twitter_image_custom_fields":null,"twitter_title":null,"twitter_description":null,"schema":{"blockGraphs":[],"customGraphs":[],"default":{"data":{"Article":[],"Course":[],"Dataset":[],"FAQPage":[],"Movie":[],"Person":[],"Product":[],"ProductReview":[],"Car":[],"Recipe":[],"Service":[],"SoftwareApplication":[],"WebPage":[]},"graphName":"BlogPosting","isEnabled":true},"graphs":[]},"schema_type":"default","schema_type_options":null,"pillar_content":false,"robots_default":true,"robots_noindex":false,"robots_noarchive":false,"robots_nosnippet":false,"robots_nofollow":false,"robots_noimageindex":false,"robots_noodp":false,"robots_notranslate":false,"robots_max_snippet":"-1","robots_max_videopreview":"-1","robots_max_imagepreview":"large","priority":null,"frequency":"default","local_seo":null,"breadcrumb_settings":null,"limit_modified_date":false,"ai":{"faqs":[],"keyPoints":[],"schemas":[],"titles":[],"descriptions":[],"socialPosts":{"email":{"subject":"","preview":"","content":""},"linkedin":[],"twitter":[],"facebook":[],"instagram":[]}},"created":"2026-09-05 23:58:41","updated":"2026-09-06 00:03:14","seo_analyzer_scan_date":null,"focus_keyword":null,"additional_keywords":null,"truseo_locale":null},"aioseo_breadcrumb":"<div class=\"aioseo-breadcrumbs\"><span class=\"aioseo-breadcrumb\">\n\t\t\t<a href=\"https:\/\/digitalreportmx.com\" title=\"Home\">Home<\/a>\n\t\t<\/span><span class=\"aioseo-breadcrumb-separator\">&raquo;<\/span><span class=\"aioseo-breadcrumb\">\n\t\t\t<a href=\"https:\/\/digitalreportmx.com\/index.php\/category\/relevante-2\/\" title=\"Relevante\">Relevante<\/a>\n\t\t<\/span><span class=\"aioseo-breadcrumb-separator\">&raquo;<\/span><span class=\"aioseo-breadcrumb\">\n\t\t\t<a href=\"https:\/\/digitalreportmx.com\/index.php\/category\/relevante-2\/reporte-local\/\" title=\"REPORTE LOCAL\">REPORTE LOCAL<\/a>\n\t\t<\/span><span class=\"aioseo-breadcrumb-separator\">&raquo;<\/span><span class=\"aioseo-breadcrumb\">\n\t\t\tReconocen trayectoria de polic\u00edas de Escobedo\n\t\t<\/span><\/div>","aioseo_breadcrumb_json":[{"label":"Home","link":"https:\/\/digitalreportmx.com"},{"label":"Relevante","link":"https:\/\/digitalreportmx.com\/index.php\/category\/relevante-2\/"},{"label":"REPORTE LOCAL","link":"https:\/\/digitalreportmx.com\/index.php\/category\/relevante-2\/reporte-local\/"},{"label":"Reconocen trayectoria de polic\u00edas de Escobedo","link":"https:\/\/digitalreportmx.com\/index.php\/2026\/09\/05\/reconocen-labor-y-trayectoria-de-policias-de-escobedo\/"}],"_links":{"self":[{"href":"https:\/\/digitalreportmx.com\/index.php\/wp-json\/wp\/v2\/posts\/46062","targetHints":{"allow":["GET"]}}],"collection":[{"href":"https:\/\/digitalreportmx.com\/index.php\/wp-json\/wp\/v2\/posts"}],"about":[{"href":"https:\/\/digitalreportmx.com\/index.php\/wp-json\/wp\/v2\/types\/post"}],"author":[{"embeddable":true,"href":"https:\/\/digitalreportmx.com\/index.php\/wp-json\/wp\/v2\/users\/1"}],"replies":[{"embeddable":true,"href":"https:\/\/digitalreportmx.com\/index.php\/wp-json\/wp\/v2\/comments?post=46062"}],"version-history":[{"count":3,"href":"https:\/\/digitalreportmx.com\/index.php\/wp-json\/wp\/v2\/posts\/46062\/revisions"}],"predecessor-version":[{"id":46070,"href":"https:\/\/digitalreportmx.com\/index.php\/wp-json\/wp\/v2\/posts\/46062\/revisions\/46070"}],"wp:featuredmedia":[{"embeddable":true,"href":"https:\/\/digitalreportmx.com\/index.php\/wp-json\/wp\/v2\/media\/46064"}],"wp:attachment":[{"href":"https:\/\/digitalreportmx.com\/index.php\/wp-json\/wp\/v2\/media?parent=46062"}],"wp:term":[{"taxonomy":"category","embeddable":true,"href":"https:\/\/digitalreportmx.com\/index.php\/wp-json\/wp\/v2\/categories?post=46062"},{"taxonomy":"post_tag","embeddable":true,"href":"https:\/\/digitalreportmx.com\/index.php\/wp-json\/wp\/v2\/tags?post=46062"}],"curies":[{"name":"wp","href":"https:\/\/api.w.org\/{rel}","templated":true}]}}