{"id":46081,"date":"2026-09-05T21:31:38","date_gmt":"2026-09-06T03:31:38","guid":{"rendered":"https:\/\/digitalreportmx.com\/?p=46081"},"modified":"2026-09-05T21:33:34","modified_gmt":"2026-09-06T03:33:34","slug":"46081","status":"publish","type":"post","link":"https:\/\/digitalreportmx.com\/index.php\/2026\/09\/05\/46081\/","title":{"rendered":"Es Fuerza Civil de clase mundial: Samuel Garc\u00eda"},"content":{"rendered":"\n<p><kbd>Monterrey<\/kbd>, Nuevo Le\u00f3n<\/p>\n\n\n\n<p>Al se\u00f1alar que los logros de Fuerza Civil como mejor polic\u00eda de M\u00e9xico son apenas el comienzo, el Gobernador Samuel Garc\u00eda Sep\u00falveda dijo que la instituci\u00f3n policial est\u00e1 para compararse ahora con las mejores corporaciones internacionales.<\/p>\n\n\n\n<p>En la celebraci\u00f3n del D\u00eda del Polic\u00eda en donde entreg\u00f3 m\u00e1s de 600 grados de ascensos y medallas, el Mandatario estatal destac\u00f3 que Fuerza Civil es la mejor policial nacional en cuanto a desempe\u00f1o y confianza ciudadana; adem\u00e1s de alcanzar reducciones sin precedentes en los delitos de alto impacto y una inversi\u00f3n de 35 mil millones de pesos en equipamiento y mejora de la calidad de vida y desempe\u00f1o laboral de sus elementos.<\/p>\n\n\n\n<p>\u201cLos logros alcanzados estos cinco a\u00f1os son apenas el comienzo, estoy convencido que ya no estamos para compararnos con otros estados de M\u00e9xico, el ser primer lugar nos obliga ya a compararnos con polic\u00edas de otros pa\u00edses a nivel internacional\u201d, expres\u00f3.<\/p>\n\n\n\n<p>\u201cPara lograrlo, s\u00f3lo les pedimos una cosa, cuiden la instituci\u00f3n, cuiden la nueva Fuerza Civil, evitemos actos que desprestigien la imagen y la instituci\u00f3n que hoy se han ganado, y s\u00e9panse todos que Nuevo Le\u00f3n y sus 6 millones de habitantes est\u00e1n sumamente agradecidos con ustedes la mejor polic\u00eda de M\u00e9xico\u201d, agreg\u00f3.<\/p>\n\n\n\n<p>En su intervenci\u00f3n el Gobernador Samuel Garc\u00eda dijo que desde el inicio de la Administraci\u00f3n se propuso la meta, ya alcanzada, de refundar a la Fuerza Civil y construir un nuevo Nuevo Le\u00f3n tranquilo, en paz, seguro y primer lugar en todo, particularmente en materia de seguridad p\u00fablica.<\/p>\n\n\n\n<p>Se\u00f1al\u00f3 que con m\u00e1s de 18 Destacamentos en toda las regiones desde An\u00e1huac hasta Doctor Arroyo, Fuerza Civil es la polic\u00eda m\u00e1s equipada de todo el pa\u00eds con m\u00e1s de 100 Black Mambas, mil 200 patrullas pick-up, 300 blazer, polic\u00eda de caminos y la \u00fanica divisi\u00f3n a\u00e9rea de todas las entidades federativas que incluye 9 helic\u00f3pteros y 2 Black Hawk, entre otros rubros.<\/p>\n\n\n\n<p>Precis\u00f3 que agosto se consolid\u00f3 como el mes m\u00e1s seguro y con mayor reducci\u00f3n de delitos de todas las \u00edndoles, pero sobre todo en homicidio con una reducci\u00f3n del 87 por ciento de disminuci\u00f3n de delitos de alto impacto; siendo el mes m\u00e1s seguro de los \u00faltimos 21 a\u00f1os.<\/p>\n\n\n\n<p>Esto motiv\u00f3, dijo, que el INEGI reportara que nuestra polic\u00eda es siete veces primer lugar, destacando primer lugar en confianza y primer lugar en desempe\u00f1o y eficiencia. <\/p>\n\n\n\n<p>Nunca en la historia de Nuevo Le\u00f3n se hab\u00eda obtenido primer lugar en seguridad p\u00fablica.Previo al acto protocolario el Gobernador recorri\u00f3 la Expo Fuerza Civil XV A\u00f1os Transformando la Seguridad en las salas A y B de Cintermex; y posteriormente convivi\u00f3 con los elementos de Fuerza Civil y sus familiares.<\/p>\n","protected":false},"excerpt":{"rendered":"<p>Monterrey, Nuevo Le\u00f3n Al se\u00f1alar que los logros de Fuerza Civil como mejor polic\u00eda de M\u00e9xico son apenas el comienzo, el Gobernador Samuel Garc\u00eda Sep\u00falveda dijo que la instituci\u00f3n policial est\u00e1 para compararse ahora con las mejores corporaciones internacionales. En la celebraci\u00f3n del D\u00eda del Polic\u00eda en donde entreg\u00f3 m\u00e1s de 600 grados de ascensos [&hellip;]<\/p>\n","protected":false},"author":1,"featured_media":46082,"comment_status":"open","ping_status":"open","sticky":false,"template":"","format":"standard","meta":{"om_disable_all_campaigns":false,"_monsterinsights_skip_tracking":false,"_uf_show_specific_survey":0,"_uf_disable_surveys":false,"footnotes":""},"categories":[16,13],"tags":[],"class_list":["post-46081","post","type-post","status-publish","format-standard","has-post-thumbnail","hentry","category-relevante-2","category-reporte-local"],"aioseo_notices":[],"aioseo_head":"\n\t\t<!-- All in One SEO 5.0.1.1 - aioseo.com -->\n\t<meta name=\"description\" content=\"Monterrey, Nuevo Le\u00f3n Al se\u00f1alar que los logros de Fuerza Civil como mejor polic\u00eda de M\u00e9xico son apenas el comienzo, el Gobernador Samuel Garc\u00eda Sep\u00falveda dijo que la instituci\u00f3n policial est\u00e1 para compararse ahora con las mejores corporaciones internacionales. En la celebraci\u00f3n del D\u00eda del Polic\u00eda en donde entreg\u00f3 m\u00e1s de 600 grados de ascensos\" \/>\n\t<meta name=\"robots\" content=\"max-image-preview:large\" \/>\n\t<meta name=\"author\" content=\"digitalreportmx.com\"\/>\n\t<link rel=\"canonical\" href=\"https:\/\/digitalreportmx.com\/index.php\/2026\/09\/05\/46081\/\" \/>\n\t<meta name=\"generator\" content=\"All in One SEO (AIOSEO) 5.0.1.1\" \/>\n\t\t<meta property=\"og:locale\" content=\"es_MX\" \/>\n\t\t<meta property=\"og:site_name\" content=\"-\" \/>\n\t\t<meta property=\"og:type\" content=\"article\" \/>\n\t\t<meta property=\"og:title\" content=\"Es Fuerza Civil de clase mundial: Samuel Garc\u00eda -\" \/>\n\t\t<meta property=\"og:description\" content=\"Monterrey, Nuevo Le\u00f3n Al se\u00f1alar que los logros de Fuerza Civil como mejor polic\u00eda de M\u00e9xico son apenas el comienzo, el Gobernador Samuel Garc\u00eda Sep\u00falveda dijo que la instituci\u00f3n policial est\u00e1 para compararse ahora con las mejores corporaciones internacionales. En la celebraci\u00f3n del D\u00eda del Polic\u00eda en donde entreg\u00f3 m\u00e1s de 600 grados de ascensos\" \/>\n\t\t<meta property=\"og:url\" content=\"https:\/\/digitalreportmx.com\/index.php\/2026\/09\/05\/46081\/\" \/>\n\t\t<meta property=\"og:image\" content=\"https:\/\/digitalreportmx.com\/wp-content\/uploads\/2024\/02\/cropped-cropped-DRLOGO-1.jpg\" \/>\n\t\t<meta property=\"og:image:secure_url\" content=\"https:\/\/digitalreportmx.com\/wp-content\/uploads\/2024\/02\/cropped-cropped-DRLOGO-1.jpg\" \/>\n\t\t<meta property=\"article:published_time\" content=\"2026-09-06T03:31:38+00:00\" \/>\n\t\t<meta property=\"article:modified_time\" content=\"2026-09-06T03:33:34+00:00\" \/>\n\t\t<meta name=\"twitter:card\" content=\"summary_large_image\" \/>\n\t\t<meta name=\"twitter:title\" content=\"Es Fuerza Civil de clase mundial: Samuel Garc\u00eda -\" \/>\n\t\t<meta name=\"twitter:description\" content=\"Monterrey, Nuevo Le\u00f3n Al se\u00f1alar que los logros de Fuerza Civil como mejor polic\u00eda de M\u00e9xico son apenas el comienzo, el Gobernador Samuel Garc\u00eda Sep\u00falveda dijo que la instituci\u00f3n policial est\u00e1 para compararse ahora con las mejores corporaciones internacionales. En la celebraci\u00f3n del D\u00eda del Polic\u00eda en donde entreg\u00f3 m\u00e1s de 600 grados de ascensos\" \/>\n\t\t<meta name=\"twitter:image\" content=\"https:\/\/digitalreportmx.com\/wp-content\/uploads\/2024\/02\/cropped-cropped-DRLOGO-1.jpg\" \/>\n\t\t<script type=\"application\/ld+json\" class=\"aioseo-schema\">\n\t\t\t{\"@context\":\"https:\\\/\\\/schema.org\",\"@graph\":[{\"@type\":\"BlogPosting\",\"@id\":\"https:\\\/\\\/digitalreportmx.com\\\/index.php\\\/2026\\\/09\\\/05\\\/46081\\\/#blogposting\",\"name\":\"Es Fuerza Civil de clase mundial: Samuel Garc\\u00eda -\",\"headline\":\"Es Fuerza Civil de clase mundial: Samuel Garc\\u00eda\",\"author\":{\"@id\":\"https:\\\/\\\/digitalreportmx.com\\\/index.php\\\/author\\\/digitalreportmx-com\\\/#author\"},\"publisher\":{\"@id\":\"https:\\\/\\\/digitalreportmx.com\\\/#organization\"},\"image\":{\"@type\":\"ImageObject\",\"url\":\"https:\\\/\\\/digitalreportmx.com\\\/wp-content\\\/uploads\\\/2026\\\/09\\\/IMG-20260905-WA0095.jpg\",\"width\":1600,\"height\":1066},\"datePublished\":\"2026-09-05T21:31:38-06:00\",\"dateModified\":\"2026-09-05T21:33:34-06:00\",\"inLanguage\":\"es-MX\",\"mainEntityOfPage\":{\"@id\":\"https:\\\/\\\/digitalreportmx.com\\\/index.php\\\/2026\\\/09\\\/05\\\/46081\\\/#webpage\"},\"isPartOf\":{\"@id\":\"https:\\\/\\\/digitalreportmx.com\\\/index.php\\\/2026\\\/09\\\/05\\\/46081\\\/#webpage\"},\"articleSection\":\"Relevante, REPORTE LOCAL\"},{\"@type\":\"BreadcrumbList\",\"@id\":\"https:\\\/\\\/digitalreportmx.com\\\/index.php\\\/2026\\\/09\\\/05\\\/46081\\\/#breadcrumblist\",\"itemListElement\":[{\"@type\":\"ListItem\",\"@id\":\"https:\\\/\\\/digitalreportmx.com#listItem\",\"position\":1,\"name\":\"Home\",\"item\":\"https:\\\/\\\/digitalreportmx.com\",\"nextItem\":{\"@type\":\"ListItem\",\"@id\":\"https:\\\/\\\/digitalreportmx.com\\\/index.php\\\/category\\\/relevante-2\\\/#listItem\",\"name\":\"Relevante\"}},{\"@type\":\"ListItem\",\"@id\":\"https:\\\/\\\/digitalreportmx.com\\\/index.php\\\/category\\\/relevante-2\\\/#listItem\",\"position\":2,\"name\":\"Relevante\",\"item\":\"https:\\\/\\\/digitalreportmx.com\\\/index.php\\\/category\\\/relevante-2\\\/\",\"nextItem\":{\"@type\":\"ListItem\",\"@id\":\"https:\\\/\\\/digitalreportmx.com\\\/index.php\\\/category\\\/relevante-2\\\/reporte-local\\\/#listItem\",\"name\":\"REPORTE LOCAL\"},\"previousItem\":{\"@type\":\"ListItem\",\"@id\":\"https:\\\/\\\/digitalreportmx.com#listItem\",\"name\":\"Home\"}},{\"@type\":\"ListItem\",\"@id\":\"https:\\\/\\\/digitalreportmx.com\\\/index.php\\\/category\\\/relevante-2\\\/reporte-local\\\/#listItem\",\"position\":3,\"name\":\"REPORTE LOCAL\",\"item\":\"https:\\\/\\\/digitalreportmx.com\\\/index.php\\\/category\\\/relevante-2\\\/reporte-local\\\/\",\"nextItem\":{\"@type\":\"ListItem\",\"@id\":\"https:\\\/\\\/digitalreportmx.com\\\/index.php\\\/2026\\\/09\\\/05\\\/46081\\\/#listItem\",\"name\":\"Es Fuerza Civil de clase mundial: Samuel Garc\\u00eda\"},\"previousItem\":{\"@type\":\"ListItem\",\"@id\":\"https:\\\/\\\/digitalreportmx.com\\\/index.php\\\/category\\\/relevante-2\\\/#listItem\",\"name\":\"Relevante\"}},{\"@type\":\"ListItem\",\"@id\":\"https:\\\/\\\/digitalreportmx.com\\\/index.php\\\/2026\\\/09\\\/05\\\/46081\\\/#listItem\",\"position\":4,\"name\":\"Es Fuerza Civil de clase mundial: Samuel Garc\\u00eda\",\"previousItem\":{\"@type\":\"ListItem\",\"@id\":\"https:\\\/\\\/digitalreportmx.com\\\/index.php\\\/category\\\/relevante-2\\\/reporte-local\\\/#listItem\",\"name\":\"REPORTE LOCAL\"}}]},{\"@type\":\"Organization\",\"@id\":\"https:\\\/\\\/digitalreportmx.com\\\/#organization\",\"name\":\"digitalreportmx.com\",\"url\":\"https:\\\/\\\/digitalreportmx.com\\\/\",\"logo\":{\"@type\":\"ImageObject\",\"url\":\"https:\\\/\\\/digitalreportmx.com\\\/wp-content\\\/uploads\\\/2024\\\/02\\\/cropped-cropped-DRLOGO-1.jpg\",\"@id\":\"https:\\\/\\\/digitalreportmx.com\\\/index.php\\\/2026\\\/09\\\/05\\\/46081\\\/#organizationLogo\",\"width\":1693,\"height\":281},\"image\":{\"@id\":\"https:\\\/\\\/digitalreportmx.com\\\/index.php\\\/2026\\\/09\\\/05\\\/46081\\\/#organizationLogo\"}},{\"@type\":\"Person\",\"@id\":\"https:\\\/\\\/digitalreportmx.com\\\/index.php\\\/author\\\/digitalreportmx-com\\\/#author\",\"url\":\"https:\\\/\\\/digitalreportmx.com\\\/index.php\\\/author\\\/digitalreportmx-com\\\/\",\"name\":\"digitalreportmx.com\",\"image\":{\"@type\":\"ImageObject\",\"@id\":\"https:\\\/\\\/digitalreportmx.com\\\/index.php\\\/2026\\\/09\\\/05\\\/46081\\\/#authorImage\",\"url\":\"https:\\\/\\\/secure.gravatar.com\\\/avatar\\\/2188078a0605d73ef57c1a9ac85e5a46c94d745432f7d01a9f4feac443943526?s=96&d=mm&r=g\",\"width\":96,\"height\":96,\"caption\":\"digitalreportmx.com\"}},{\"@type\":\"WebPage\",\"@id\":\"https:\\\/\\\/digitalreportmx.com\\\/index.php\\\/2026\\\/09\\\/05\\\/46081\\\/#webpage\",\"url\":\"https:\\\/\\\/digitalreportmx.com\\\/index.php\\\/2026\\\/09\\\/05\\\/46081\\\/\",\"name\":\"Es Fuerza Civil de clase mundial: Samuel Garc\\u00eda -\",\"description\":\"Monterrey, Nuevo Le\\u00f3n Al se\\u00f1alar que los logros de Fuerza Civil como mejor polic\\u00eda de M\\u00e9xico son apenas el comienzo, el Gobernador Samuel Garc\\u00eda Sep\\u00falveda dijo que la instituci\\u00f3n policial est\\u00e1 para compararse ahora con las mejores corporaciones internacionales. En la celebraci\\u00f3n del D\\u00eda del Polic\\u00eda en donde entreg\\u00f3 m\\u00e1s de 600 grados de ascensos\",\"inLanguage\":\"es-MX\",\"isPartOf\":{\"@id\":\"https:\\\/\\\/digitalreportmx.com\\\/#website\"},\"breadcrumb\":{\"@id\":\"https:\\\/\\\/digitalreportmx.com\\\/index.php\\\/2026\\\/09\\\/05\\\/46081\\\/#breadcrumblist\"},\"author\":{\"@id\":\"https:\\\/\\\/digitalreportmx.com\\\/index.php\\\/author\\\/digitalreportmx-com\\\/#author\"},\"creator\":{\"@id\":\"https:\\\/\\\/digitalreportmx.com\\\/index.php\\\/author\\\/digitalreportmx-com\\\/#author\"},\"image\":{\"@type\":\"ImageObject\",\"url\":\"https:\\\/\\\/digitalreportmx.com\\\/wp-content\\\/uploads\\\/2026\\\/09\\\/IMG-20260905-WA0095.jpg\",\"@id\":\"https:\\\/\\\/digitalreportmx.com\\\/index.php\\\/2026\\\/09\\\/05\\\/46081\\\/#mainImage\",\"width\":1600,\"height\":1066},\"primaryImageOfPage\":{\"@id\":\"https:\\\/\\\/digitalreportmx.com\\\/index.php\\\/2026\\\/09\\\/05\\\/46081\\\/#mainImage\"},\"datePublished\":\"2026-09-05T21:31:38-06:00\",\"dateModified\":\"2026-09-05T21:33:34-06:00\"},{\"@type\":\"WebSite\",\"@id\":\"https:\\\/\\\/digitalreportmx.com\\\/#website\",\"url\":\"https:\\\/\\\/digitalreportmx.com\\\/\",\"name\":\"digitalreportmx.com\",\"inLanguage\":\"es-MX\",\"publisher\":{\"@id\":\"https:\\\/\\\/digitalreportmx.com\\\/#organization\"}}]}\n\t\t<\/script>\n\t\t<!-- All in One SEO -->\n\n","aioseo_head_json":{"title":"Es Fuerza Civil de clase mundial: Samuel Garc\u00eda -","description":"Monterrey, Nuevo Le\u00f3n Al se\u00f1alar que los logros de Fuerza Civil como mejor polic\u00eda de M\u00e9xico son apenas el comienzo, el Gobernador Samuel Garc\u00eda Sep\u00falveda dijo que la instituci\u00f3n policial est\u00e1 para compararse ahora con las mejores corporaciones internacionales. En la celebraci\u00f3n del D\u00eda del Polic\u00eda en donde entreg\u00f3 m\u00e1s de 600 grados de ascensos","canonical_url":"https:\/\/digitalreportmx.com\/index.php\/2026\/09\/05\/46081\/","robots":"max-image-preview:large","keywords":"","webmasterTools":{"miscellaneous":""},"schema":{"@context":"https:\/\/schema.org","@graph":[{"@type":"BlogPosting","@id":"https:\/\/digitalreportmx.com\/index.php\/2026\/09\/05\/46081\/#blogposting","name":"Es Fuerza Civil de clase mundial: Samuel Garc\u00eda -","headline":"Es Fuerza Civil de clase mundial: Samuel Garc\u00eda","author":{"@id":"https:\/\/digitalreportmx.com\/index.php\/author\/digitalreportmx-com\/#author"},"publisher":{"@id":"https:\/\/digitalreportmx.com\/#organization"},"image":{"@type":"ImageObject","url":"https:\/\/digitalreportmx.com\/wp-content\/uploads\/2026\/09\/IMG-20260905-WA0095.jpg","width":1600,"height":1066},"datePublished":"2026-09-05T21:31:38-06:00","dateModified":"2026-09-05T21:33:34-06:00","inLanguage":"es-MX","mainEntityOfPage":{"@id":"https:\/\/digitalreportmx.com\/index.php\/2026\/09\/05\/46081\/#webpage"},"isPartOf":{"@id":"https:\/\/digitalreportmx.com\/index.php\/2026\/09\/05\/46081\/#webpage"},"articleSection":"Relevante, REPORTE LOCAL"},{"@type":"BreadcrumbList","@id":"https:\/\/digitalreportmx.com\/index.php\/2026\/09\/05\/46081\/#breadcrumblist","itemListElement":[{"@type":"ListItem","@id":"https:\/\/digitalreportmx.com#listItem","position":1,"name":"Home","item":"https:\/\/digitalreportmx.com","nextItem":{"@type":"ListItem","@id":"https:\/\/digitalreportmx.com\/index.php\/category\/relevante-2\/#listItem","name":"Relevante"}},{"@type":"ListItem","@id":"https:\/\/digitalreportmx.com\/index.php\/category\/relevante-2\/#listItem","position":2,"name":"Relevante","item":"https:\/\/digitalreportmx.com\/index.php\/category\/relevante-2\/","nextItem":{"@type":"ListItem","@id":"https:\/\/digitalreportmx.com\/index.php\/category\/relevante-2\/reporte-local\/#listItem","name":"REPORTE LOCAL"},"previousItem":{"@type":"ListItem","@id":"https:\/\/digitalreportmx.com#listItem","name":"Home"}},{"@type":"ListItem","@id":"https:\/\/digitalreportmx.com\/index.php\/category\/relevante-2\/reporte-local\/#listItem","position":3,"name":"REPORTE LOCAL","item":"https:\/\/digitalreportmx.com\/index.php\/category\/relevante-2\/reporte-local\/","nextItem":{"@type":"ListItem","@id":"https:\/\/digitalreportmx.com\/index.php\/2026\/09\/05\/46081\/#listItem","name":"Es Fuerza Civil de clase mundial: Samuel Garc\u00eda"},"previousItem":{"@type":"ListItem","@id":"https:\/\/digitalreportmx.com\/index.php\/category\/relevante-2\/#listItem","name":"Relevante"}},{"@type":"ListItem","@id":"https:\/\/digitalreportmx.com\/index.php\/2026\/09\/05\/46081\/#listItem","position":4,"name":"Es Fuerza Civil de clase mundial: Samuel Garc\u00eda","previousItem":{"@type":"ListItem","@id":"https:\/\/digitalreportmx.com\/index.php\/category\/relevante-2\/reporte-local\/#listItem","name":"REPORTE LOCAL"}}]},{"@type":"Organization","@id":"https:\/\/digitalreportmx.com\/#organization","name":"digitalreportmx.com","url":"https:\/\/digitalreportmx.com\/","logo":{"@type":"ImageObject","url":"https:\/\/digitalreportmx.com\/wp-content\/uploads\/2024\/02\/cropped-cropped-DRLOGO-1.jpg","@id":"https:\/\/digitalreportmx.com\/index.php\/2026\/09\/05\/46081\/#organizationLogo","width":1693,"height":281},"image":{"@id":"https:\/\/digitalreportmx.com\/index.php\/2026\/09\/05\/46081\/#organizationLogo"}},{"@type":"Person","@id":"https:\/\/digitalreportmx.com\/index.php\/author\/digitalreportmx-com\/#author","url":"https:\/\/digitalreportmx.com\/index.php\/author\/digitalreportmx-com\/","name":"digitalreportmx.com","image":{"@type":"ImageObject","@id":"https:\/\/digitalreportmx.com\/index.php\/2026\/09\/05\/46081\/#authorImage","url":"https:\/\/secure.gravatar.com\/avatar\/2188078a0605d73ef57c1a9ac85e5a46c94d745432f7d01a9f4feac443943526?s=96&d=mm&r=g","width":96,"height":96,"caption":"digitalreportmx.com"}},{"@type":"WebPage","@id":"https:\/\/digitalreportmx.com\/index.php\/2026\/09\/05\/46081\/#webpage","url":"https:\/\/digitalreportmx.com\/index.php\/2026\/09\/05\/46081\/","name":"Es Fuerza Civil de clase mundial: Samuel Garc\u00eda -","description":"Monterrey, Nuevo Le\u00f3n Al se\u00f1alar que los logros de Fuerza Civil como mejor polic\u00eda de M\u00e9xico son apenas el comienzo, el Gobernador Samuel Garc\u00eda Sep\u00falveda dijo que la instituci\u00f3n policial est\u00e1 para compararse ahora con las mejores corporaciones internacionales. En la celebraci\u00f3n del D\u00eda del Polic\u00eda en donde entreg\u00f3 m\u00e1s de 600 grados de ascensos","inLanguage":"es-MX","isPartOf":{"@id":"https:\/\/digitalreportmx.com\/#website"},"breadcrumb":{"@id":"https:\/\/digitalreportmx.com\/index.php\/2026\/09\/05\/46081\/#breadcrumblist"},"author":{"@id":"https:\/\/digitalreportmx.com\/index.php\/author\/digitalreportmx-com\/#author"},"creator":{"@id":"https:\/\/digitalreportmx.com\/index.php\/author\/digitalreportmx-com\/#author"},"image":{"@type":"ImageObject","url":"https:\/\/digitalreportmx.com\/wp-content\/uploads\/2026\/09\/IMG-20260905-WA0095.jpg","@id":"https:\/\/digitalreportmx.com\/index.php\/2026\/09\/05\/46081\/#mainImage","width":1600,"height":1066},"primaryImageOfPage":{"@id":"https:\/\/digitalreportmx.com\/index.php\/2026\/09\/05\/46081\/#mainImage"},"datePublished":"2026-09-05T21:31:38-06:00","dateModified":"2026-09-05T21:33:34-06:00"},{"@type":"WebSite","@id":"https:\/\/digitalreportmx.com\/#website","url":"https:\/\/digitalreportmx.com\/","name":"digitalreportmx.com","inLanguage":"es-MX","publisher":{"@id":"https:\/\/digitalreportmx.com\/#organization"}}]},"og:locale":"es_MX","og:site_name":"-","og:type":"article","og:title":"Es Fuerza Civil de clase mundial: Samuel Garc\u00eda -","og:description":"Monterrey, Nuevo Le\u00f3n Al se\u00f1alar que los logros de Fuerza Civil como mejor polic\u00eda de M\u00e9xico son apenas el comienzo, el Gobernador Samuel Garc\u00eda Sep\u00falveda dijo que la instituci\u00f3n policial est\u00e1 para compararse ahora con las mejores corporaciones internacionales. En la celebraci\u00f3n del D\u00eda del Polic\u00eda en donde entreg\u00f3 m\u00e1s de 600 grados de ascensos","og:url":"https:\/\/digitalreportmx.com\/index.php\/2026\/09\/05\/46081\/","og:image":"https:\/\/digitalreportmx.com\/wp-content\/uploads\/2024\/02\/cropped-cropped-DRLOGO-1.jpg","og:image:secure_url":"https:\/\/digitalreportmx.com\/wp-content\/uploads\/2024\/02\/cropped-cropped-DRLOGO-1.jpg","article:published_time":"2026-09-06T03:31:38+00:00","article:modified_time":"2026-09-06T03:33:34+00:00","twitter:card":"summary_large_image","twitter:title":"Es Fuerza Civil de clase mundial: Samuel Garc\u00eda -","twitter:description":"Monterrey, Nuevo Le\u00f3n Al se\u00f1alar que los logros de Fuerza Civil como mejor polic\u00eda de M\u00e9xico son apenas el comienzo, el Gobernador Samuel Garc\u00eda Sep\u00falveda dijo que la instituci\u00f3n policial est\u00e1 para compararse ahora con las mejores corporaciones internacionales. En la celebraci\u00f3n del D\u00eda del Polic\u00eda en donde entreg\u00f3 m\u00e1s de 600 grados de ascensos","twitter:image":"https:\/\/digitalreportmx.com\/wp-content\/uploads\/2024\/02\/cropped-cropped-DRLOGO-1.jpg"},"aioseo_meta_data":{"post_id":"46081","title":null,"description":null,"keywords":null,"keyphrases":{"focus":{"keyphrase":"","score":0,"analysis":{"keyphraseInTitle":{"score":0,"maxScore":9,"error":1}}},"additional":[]},"primary_term":null,"canonical_url":null,"og_title":null,"og_description":null,"og_object_type":"default","og_image_type":"default","og_image_url":null,"og_image_width":null,"og_image_height":null,"og_image_custom_url":null,"og_image_custom_fields":null,"og_video":"","og_custom_url":null,"og_article_section":null,"og_article_tags":null,"twitter_use_og":false,"twitter_card":"default","twitter_image_type":"default","twitter_image_url":null,"twitter_image_custom_url":null,"twitter_image_custom_fields":null,"twitter_title":null,"twitter_description":null,"schema":{"blockGraphs":[],"customGraphs":[],"default":{"data":{"Article":[],"Course":[],"Dataset":[],"FAQPage":[],"Movie":[],"Person":[],"Product":[],"ProductReview":[],"Car":[],"Recipe":[],"Service":[],"SoftwareApplication":[],"WebPage":[]},"graphName":"BlogPosting","isEnabled":true},"graphs":[]},"schema_type":"default","schema_type_options":null,"pillar_content":false,"robots_default":true,"robots_noindex":false,"robots_noarchive":false,"robots_nosnippet":false,"robots_nofollow":false,"robots_noimageindex":false,"robots_noodp":false,"robots_notranslate":false,"robots_max_snippet":"-1","robots_max_videopreview":"-1","robots_max_imagepreview":"large","priority":null,"frequency":"default","local_seo":null,"breadcrumb_settings":null,"limit_modified_date":false,"ai":{"faqs":[],"keyPoints":[],"schemas":[],"titles":[],"descriptions":[],"socialPosts":{"email":{"subject":"","preview":"","content":""},"linkedin":[],"twitter":[],"facebook":[],"instagram":[]}},"created":"2026-09-06 03:31:39","updated":"2026-09-06 03:33:39","seo_analyzer_scan_date":null,"focus_keyword":null,"additional_keywords":null,"truseo_locale":null},"aioseo_breadcrumb":"<div class=\"aioseo-breadcrumbs\"><span class=\"aioseo-breadcrumb\">\n\t\t\t<a href=\"https:\/\/digitalreportmx.com\" title=\"Home\">Home<\/a>\n\t\t<\/span><span class=\"aioseo-breadcrumb-separator\">&raquo;<\/span><span class=\"aioseo-breadcrumb\">\n\t\t\t<a href=\"https:\/\/digitalreportmx.com\/index.php\/category\/relevante-2\/\" title=\"Relevante\">Relevante<\/a>\n\t\t<\/span><span class=\"aioseo-breadcrumb-separator\">&raquo;<\/span><span class=\"aioseo-breadcrumb\">\n\t\t\t<a href=\"https:\/\/digitalreportmx.com\/index.php\/category\/relevante-2\/reporte-local\/\" title=\"REPORTE LOCAL\">REPORTE LOCAL<\/a>\n\t\t<\/span><span class=\"aioseo-breadcrumb-separator\">&raquo;<\/span><span class=\"aioseo-breadcrumb\">\n\t\t\tEs Fuerza Civil de clase mundial: Samuel Garc\u00eda\n\t\t<\/span><\/div>","aioseo_breadcrumb_json":[{"label":"Home","link":"https:\/\/digitalreportmx.com"},{"label":"Relevante","link":"https:\/\/digitalreportmx.com\/index.php\/category\/relevante-2\/"},{"label":"REPORTE LOCAL","link":"https:\/\/digitalreportmx.com\/index.php\/category\/relevante-2\/reporte-local\/"},{"label":"Es Fuerza Civil de clase mundial: Samuel Garc\u00eda","link":"https:\/\/digitalreportmx.com\/index.php\/2026\/09\/05\/46081\/"}],"_links":{"self":[{"href":"https:\/\/digitalreportmx.com\/index.php\/wp-json\/wp\/v2\/posts\/46081","targetHints":{"allow":["GET"]}}],"collection":[{"href":"https:\/\/digitalreportmx.com\/index.php\/wp-json\/wp\/v2\/posts"}],"about":[{"href":"https:\/\/digitalreportmx.com\/index.php\/wp-json\/wp\/v2\/types\/post"}],"author":[{"embeddable":true,"href":"https:\/\/digitalreportmx.com\/index.php\/wp-json\/wp\/v2\/users\/1"}],"replies":[{"embeddable":true,"href":"https:\/\/digitalreportmx.com\/index.php\/wp-json\/wp\/v2\/comments?post=46081"}],"version-history":[{"count":2,"href":"https:\/\/digitalreportmx.com\/index.php\/wp-json\/wp\/v2\/posts\/46081\/revisions"}],"predecessor-version":[{"id":46084,"href":"https:\/\/digitalreportmx.com\/index.php\/wp-json\/wp\/v2\/posts\/46081\/revisions\/46084"}],"wp:featuredmedia":[{"embeddable":true,"href":"https:\/\/digitalreportmx.com\/index.php\/wp-json\/wp\/v2\/media\/46082"}],"wp:attachment":[{"href":"https:\/\/digitalreportmx.com\/index.php\/wp-json\/wp\/v2\/media?parent=46081"}],"wp:term":[{"taxonomy":"category","embeddable":true,"href":"https:\/\/digitalreportmx.com\/index.php\/wp-json\/wp\/v2\/categories?post=46081"},{"taxonomy":"post_tag","embeddable":true,"href":"https:\/\/digitalreportmx.com\/index.php\/wp-json\/wp\/v2\/tags?post=46081"}],"curies":[{"name":"wp","href":"https:\/\/api.w.org\/{rel}","templated":true}]}}