{"id":5599,"date":"2024-10-08T17:04:08","date_gmt":"2024-10-08T23:04:08","guid":{"rendered":"https:\/\/digitalreportmx.com\/?p=5599"},"modified":"2024-10-08T17:04:11","modified_gmt":"2024-10-08T23:04:11","slug":"llevaran-apoyo-emocional-a-prepas-unis-y-centros-de-trabajo-de-santa-catarina","status":"publish","type":"post","link":"https:\/\/digitalreportmx.com\/index.php\/2024\/10\/08\/llevaran-apoyo-emocional-a-prepas-unis-y-centros-de-trabajo-de-santa-catarina\/","title":{"rendered":"Llevar\u00e1n apoyo emocional a prepas, Unis y centros de trabajo de Santa Catarina"},"content":{"rendered":"\n<p>STAFF <kbd>Santa Catarina<\/kbd><\/p>\n\n\n\n<p>El Alcalde de Santa Catarina, Jes\u00fas Nava Rivera, anunci\u00f3 un programa de Salud Emocional, tendiente a concientizar a la poblaci\u00f3n sobre la importancia de la salud mental y brindar atenci\u00f3n psicosocial especializada, particularmente a j\u00f3venes con problemas de depresi\u00f3n o estr\u00e9s en escuelas y centros laborales.<\/p>\n\n\n\n<p>En el marco, del D\u00eda Mundial de la Salud Mental, que se celebra cada 10 de octubre, el Mun\u00edcipe subray\u00f3 la importancia de impulsar acciones eficaces contra estos trastornos emocionales, de la mano con planteles de Preparatoria y Universidad, as\u00ed como centros de trabajo, donde se presentan este tipo de condiciones.<\/p>\n\n\n\n<p>\u201cLa salud mental o emocional comprende padecimientos como depresi\u00f3n y trastornos del \u00e1nimo, de la ansiedad, de la alimentaci\u00f3n, de la personalidad y estr\u00e9s post traum\u00e1tico, por lo que en Santa Catarina estamos atentos para apoyar a los j\u00f3venes que presentan este tipo de problemas de salud\u201d, se\u00f1al\u00f3 Nava Rivera, al presentar tambi\u00e9n el equipo de especialistas en psicolog\u00eda y educaci\u00f3n de dicho programa.<\/p>\n\n\n\n<p>Dentro de esta estrategia de salud emocional, se contempla la realizaci\u00f3n de talleres y pl\u00e1ticas en planteles educativos y centros laborales, con seguimiento a casos detectados, abund\u00f3.<\/p>\n\n\n\n<p>Para los interesados en recibir este apoyo de talleres para atender la salud mental y emocional, el Gobierno de Santa Catarina puso a disposici\u00f3n el tel\u00e9fono 8186761700, extensi\u00f3n 2511 (Asistencia Social del DIF Municipal), en horario de 8:00 a 17:00 horas.<\/p>\n\n\n\n<p>\u201cContamos con un equipo multidisciplinario de psic\u00f3logos especializados para otorgar intervenci\u00f3n emergente, diagn\u00f3stico y terapia individual, grupal o familiar\u201d, subray\u00f3 el Mun\u00edcipe.<\/p>\n","protected":false},"excerpt":{"rendered":"<p>STAFF Santa Catarina El Alcalde de Santa Catarina, Jes\u00fas Nava Rivera, anunci\u00f3 un programa de Salud Emocional, tendiente a concientizar a la poblaci\u00f3n sobre la importancia de la salud mental y brindar atenci\u00f3n psicosocial especializada, particularmente a j\u00f3venes con problemas de depresi\u00f3n o estr\u00e9s en escuelas y centros laborales. En el marco, del D\u00eda Mundial [&hellip;]<\/p>\n","protected":false},"author":1,"featured_media":5600,"comment_status":"open","ping_status":"open","sticky":false,"template":"","format":"standard","meta":{"om_disable_all_campaigns":false,"_monsterinsights_skip_tracking":false,"_monsterinsights_sitenote_active":false,"_monsterinsights_sitenote_note":"","_monsterinsights_sitenote_category":0,"footnotes":""},"categories":[16,13],"tags":[],"class_list":["post-5599","post","type-post","status-publish","format-standard","has-post-thumbnail","hentry","category-relevante-2","category-reporte-local"],"aioseo_notices":[],"_links":{"self":[{"href":"https:\/\/digitalreportmx.com\/index.php\/wp-json\/wp\/v2\/posts\/5599","targetHints":{"allow":["GET"]}}],"collection":[{"href":"https:\/\/digitalreportmx.com\/index.php\/wp-json\/wp\/v2\/posts"}],"about":[{"href":"https:\/\/digitalreportmx.com\/index.php\/wp-json\/wp\/v2\/types\/post"}],"author":[{"embeddable":true,"href":"https:\/\/digitalreportmx.com\/index.php\/wp-json\/wp\/v2\/users\/1"}],"replies":[{"embeddable":true,"href":"https:\/\/digitalreportmx.com\/index.php\/wp-json\/wp\/v2\/comments?post=5599"}],"version-history":[{"count":1,"href":"https:\/\/digitalreportmx.com\/index.php\/wp-json\/wp\/v2\/posts\/5599\/revisions"}],"predecessor-version":[{"id":5601,"href":"https:\/\/digitalreportmx.com\/index.php\/wp-json\/wp\/v2\/posts\/5599\/revisions\/5601"}],"wp:featuredmedia":[{"embeddable":true,"href":"https:\/\/digitalreportmx.com\/index.php\/wp-json\/wp\/v2\/media\/5600"}],"wp:attachment":[{"href":"https:\/\/digitalreportmx.com\/index.php\/wp-json\/wp\/v2\/media?parent=5599"}],"wp:term":[{"taxonomy":"category","embeddable":true,"href":"https:\/\/digitalreportmx.com\/index.php\/wp-json\/wp\/v2\/categories?post=5599"},{"taxonomy":"post_tag","embeddable":true,"href":"https:\/\/digitalreportmx.com\/index.php\/wp-json\/wp\/v2\/tags?post=5599"}],"curies":[{"name":"wp","href":"https:\/\/api.w.org\/{rel}","templated":true}]}}