{"id":5863,"date":"2024-10-29T14:30:22","date_gmt":"2024-10-29T20:30:22","guid":{"rendered":"https:\/\/digitalreportmx.com\/?p=5863"},"modified":"2024-10-29T14:30:28","modified_gmt":"2024-10-29T20:30:28","slug":"celebrara-san-pedro-con-miles-de-flores-de-cempasuchil-dia-de-muertos","status":"publish","type":"post","link":"https:\/\/digitalreportmx.com\/index.php\/2024\/10\/29\/celebrara-san-pedro-con-miles-de-flores-de-cempasuchil-dia-de-muertos\/","title":{"rendered":"Celebrar\u00e1 San Pedro con miles de flores de cempas\u00fachil D\u00eda de Muertos"},"content":{"rendered":"\n<p>STAFF <kbd>San Pedro Garza Garc\u00eda<\/kbd><\/p>\n\n\n\n<p>Para enaltecer nuestras tradiciones, el Municipio de San Pedro anunci\u00f3 el evento cultural &#8220;Flores que Cantan, celebraci\u00f3n de D\u00eda de Muertos&#8221;, que ofrecer\u00e1 una experiencia &#8220;inmersiva&#8221; en la Plaza Ju\u00e1rez del Casco Urbano.<\/p>\n\n\n\n<p>Este s\u00e1bado 2 de noviembre, la Secretaria de Cultura &#8220;vestir\u00e1&#8221; con miles de flores de cempas\u00fachil la Plaza Ju\u00e1rez, y contar\u00e1 con iluminaci\u00f3n, decoraci\u00f3n especial y m\u00fasica ininterrumpida de las 16:00 a las 21:00 horas, dijo la titular de la Secretar\u00eda, Alejandra \u00c1lvarez Cabrera.<\/p>\n\n\n\n<p>&#8220;Puedes venir con toda la familia desde las 4 hasta las 9. Es un evento cultural que permite quedarte, s\u00ed, as\u00ed es, toda la tarde. Vamos a tener m\u00fasica en vivo, baile, mercado, actividades para toda la familia&#8221;.<\/p>\n\n\n\n<p>Jorge S\u00e1nchez, Director de Desarrollo Cultural de la Secretar\u00eda, platic\u00f3 que, con las diversas actividades, que tambi\u00e9n incluyen un video mapping en el Museo Centenario, cuentacuentos disfrazados de Catrinas y concurso de disfraces, se busca que la poblaci\u00f3n conecte con la celebraci\u00f3n del D\u00eda de Muertos.<\/p>\n\n\n\n<p>&#8220;La intenci\u00f3n que tenemos es crear una experiencia inmersiva, donde cuando llegues seas part\u00edcipe de los aromas, de los colores, de las texturas, de los sabores de nuestra tradici\u00f3n, enaltecer y fortalecer estas tradiciones mexicanas que se exportan a todo el<\/p>\n\n\n\n<p>mundo y que son las principales que tenemos&#8221;, se\u00f1al\u00f3.<\/p>\n\n\n\n<p>El estacionamiento de la Secretar\u00eda de Administraci\u00f3n Municipal, ubicado en Av. Corregidora y la calle Independencia, en el Casco, ser\u00e1 totalmente gratuito, resalt\u00f3 \u00c1lvarez Cabrera.<\/p>\n\n\n\n<p>&#8220;Igualmente, para aquellas personas que se les dificulta caminar, vamos a tener minivan que va a estar trasladando del edificio hacia ac\u00e1&#8221;.<\/p>\n","protected":false},"excerpt":{"rendered":"<p>STAFF San Pedro Garza Garc\u00eda Para enaltecer nuestras tradiciones, el Municipio de San Pedro anunci\u00f3 el evento cultural &#8220;Flores que Cantan, celebraci\u00f3n de D\u00eda de Muertos&#8221;, que ofrecer\u00e1 una experiencia &#8220;inmersiva&#8221; en la Plaza Ju\u00e1rez del Casco Urbano. Este s\u00e1bado 2 de noviembre, la Secretaria de Cultura &#8220;vestir\u00e1&#8221; con miles de flores de cempas\u00fachil la [&hellip;]<\/p>\n","protected":false},"author":1,"featured_media":5864,"comment_status":"open","ping_status":"open","sticky":false,"template":"","format":"standard","meta":{"om_disable_all_campaigns":false,"_monsterinsights_skip_tracking":false,"_monsterinsights_sitenote_active":false,"_monsterinsights_sitenote_note":"","_monsterinsights_sitenote_category":0,"footnotes":""},"categories":[16,13],"tags":[],"class_list":["post-5863","post","type-post","status-publish","format-standard","has-post-thumbnail","hentry","category-relevante-2","category-reporte-local"],"aioseo_notices":[],"_links":{"self":[{"href":"https:\/\/digitalreportmx.com\/index.php\/wp-json\/wp\/v2\/posts\/5863","targetHints":{"allow":["GET"]}}],"collection":[{"href":"https:\/\/digitalreportmx.com\/index.php\/wp-json\/wp\/v2\/posts"}],"about":[{"href":"https:\/\/digitalreportmx.com\/index.php\/wp-json\/wp\/v2\/types\/post"}],"author":[{"embeddable":true,"href":"https:\/\/digitalreportmx.com\/index.php\/wp-json\/wp\/v2\/users\/1"}],"replies":[{"embeddable":true,"href":"https:\/\/digitalreportmx.com\/index.php\/wp-json\/wp\/v2\/comments?post=5863"}],"version-history":[{"count":1,"href":"https:\/\/digitalreportmx.com\/index.php\/wp-json\/wp\/v2\/posts\/5863\/revisions"}],"predecessor-version":[{"id":5865,"href":"https:\/\/digitalreportmx.com\/index.php\/wp-json\/wp\/v2\/posts\/5863\/revisions\/5865"}],"wp:featuredmedia":[{"embeddable":true,"href":"https:\/\/digitalreportmx.com\/index.php\/wp-json\/wp\/v2\/media\/5864"}],"wp:attachment":[{"href":"https:\/\/digitalreportmx.com\/index.php\/wp-json\/wp\/v2\/media?parent=5863"}],"wp:term":[{"taxonomy":"category","embeddable":true,"href":"https:\/\/digitalreportmx.com\/index.php\/wp-json\/wp\/v2\/categories?post=5863"},{"taxonomy":"post_tag","embeddable":true,"href":"https:\/\/digitalreportmx.com\/index.php\/wp-json\/wp\/v2\/tags?post=5863"}],"curies":[{"name":"wp","href":"https:\/\/api.w.org\/{rel}","templated":true}]}}