{"id":6174,"date":"2024-11-26T18:41:23","date_gmt":"2024-11-27T00:41:23","guid":{"rendered":"https:\/\/digitalreportmx.com\/?p=6174"},"modified":"2024-11-26T18:42:23","modified_gmt":"2024-11-27T00:42:23","slug":"activa-santa-catarina-reparto-de-agua-ante-cortes","status":"publish","type":"post","link":"https:\/\/digitalreportmx.com\/index.php\/2024\/11\/26\/activa-santa-catarina-reparto-de-agua-ante-cortes\/","title":{"rendered":"Activar\u00e1 Santa Catarina reparto de agua ante cortes"},"content":{"rendered":"\n<p><kbd>Santa Catarina<\/kbd><\/p>\n\n\n\n<p>Ante el pr\u00f3ximo corte del suministro de agua en Santa Catarina, por la conexi\u00f3n de la nueva tuber\u00eda que surtir\u00e1 del vital l\u00edquido a la Ciudad, el Gobierno Municipal alista un reparto emergente de agua que incluye el llenado de los 94 tanques estacionarios, distribuci\u00f3n en pipas y de forma embotellada.<\/p>\n\n\n\n<p>Por instrucci\u00f3n del Alcalde Jes\u00fas Nava Rivera, personal de Servicios P\u00fablicos municipal revisa las condiciones de los tinacos, les da mantenimiento y llena de agua.<\/p>\n\n\n\n<p>\u201cSe empieza a rellenar los tinacos ubicados en espacios p\u00fablicos y escuelas de Santa Catarina con pipas del Municipio y de empresas privadas que nos apoyar\u00e1n en esta tarea de no dejar sin el vital l\u00edquido a los m\u00e1s de 300 mil santacatarinenses\u201d, expres\u00f3 Nava Rivera.<\/p>\n\n\n\n<p>\u201cAtenderemos a la poblaci\u00f3n, suministraremos agua como lo hicimos en la pasada crisis, saldremos adelante, el contar ya con el tubo que gestionamos es un gran avance para que ya no nos vuelva a faltar el l\u00edquido\u201d.<\/p>\n\n\n\n<p>Mencion\u00f3 que la empresa AlEn confirm\u00f3 la donaci\u00f3n de 60 mil litros diarios de agua del pozo de su planta industrial en Santa Catarina, mientras que Deacero apoyar\u00e1 con 10 pipas, a reserva de la incorporaci\u00f3n de m\u00e1s unidades del sector privado y del Gobierno del Estado.<\/p>\n\n\n\n<p>Asimismo, se preparan dos puntos de distribuci\u00f3n de agua embotellada o purificada en Plaza Las Palmas y en el estacionamiento de HEB La Puerta.<\/p>\n\n\n\n<p>El Alcalde de Santa Catarina subray\u00f3 que la nueva tuber\u00eda ya no estar\u00e1 a expensas de fen\u00f3menos hidrometeorol\u00f3gicos, como la que se encontraba en La Huasteca.<\/p>\n\n\n\n<p>La reubicaci\u00f3n de la tuber\u00eda hidr\u00e1ulica que suministrar\u00e1 de agua potable a Santa Catarina, realizada por Servicios de Agua y Drenaje de Monterrey, fue a lo largo de 800 metros, desde el acceso a La Huasteca, hasta la avenida Miguel Alem\u00e1n.<\/p>\n\n\n\n<p>La tuber\u00eda de acero de 48 pulgadas colocada en este proceso, es una obra definitiva y sustituye a la anterior, que cruzaba el cauce del r\u00edo Santa Catarina, la cual fue da\u00f1ada por el paso de la Tormenta Tropical \u201cAlberto\u201d, durante el mes de junio pasado.<\/p>\n\n\n\n<p>En este orden, Nava Rivera pidi\u00f3 a la ciudadan\u00eda a estar atenta a la informaci\u00f3n oficial que, de manera conjunta con Servicios de Agua y Drenaje de Monterrey, se dar\u00e1 para precisar el inicio de las obras de conexi\u00f3n de la tuber\u00eda hidr\u00e1ulica, para dar paso a los cortes del suministro.<\/p>\n\n\n\n<p>La falta de agua por estas obras de conexi\u00f3n provocar\u00e1 cortes y ser\u00e1 Agua y Drenaje la que defina el tiempo de restricci\u00f3n.<\/p>\n\n\n\n<figure class=\"wp-block-image size-large\"><img loading=\"lazy\" decoding=\"async\" width=\"768\" height=\"1024\" src=\"https:\/\/digitalreportmx.com\/wp-content\/uploads\/2024\/11\/IMG-20241126-WA0036-768x1024.jpg\" alt=\"\" class=\"wp-image-6177\" srcset=\"https:\/\/digitalreportmx.com\/wp-content\/uploads\/2024\/11\/IMG-20241126-WA0036-768x1024.jpg 768w, https:\/\/digitalreportmx.com\/wp-content\/uploads\/2024\/11\/IMG-20241126-WA0036-225x300.jpg 225w, https:\/\/digitalreportmx.com\/wp-content\/uploads\/2024\/11\/IMG-20241126-WA0036.jpg 960w\" sizes=\"auto, (max-width: 768px) 100vw, 768px\" \/><\/figure>\n","protected":false},"excerpt":{"rendered":"<p>Santa Catarina Ante el pr\u00f3ximo corte del suministro de agua en Santa Catarina, por la conexi\u00f3n de la nueva tuber\u00eda que surtir\u00e1 del vital l\u00edquido a la Ciudad, el Gobierno Municipal alista un reparto emergente de agua que incluye el llenado de los 94 tanques estacionarios, distribuci\u00f3n en pipas y de forma embotellada. Por instrucci\u00f3n [&hellip;]<\/p>\n","protected":false},"author":1,"featured_media":6176,"comment_status":"open","ping_status":"open","sticky":false,"template":"","format":"standard","meta":{"om_disable_all_campaigns":false,"_monsterinsights_skip_tracking":false,"_monsterinsights_sitenote_active":false,"_monsterinsights_sitenote_note":"","_monsterinsights_sitenote_category":0,"footnotes":""},"categories":[16,13],"tags":[],"class_list":["post-6174","post","type-post","status-publish","format-standard","has-post-thumbnail","hentry","category-relevante-2","category-reporte-local"],"aioseo_notices":[],"_links":{"self":[{"href":"https:\/\/digitalreportmx.com\/index.php\/wp-json\/wp\/v2\/posts\/6174","targetHints":{"allow":["GET"]}}],"collection":[{"href":"https:\/\/digitalreportmx.com\/index.php\/wp-json\/wp\/v2\/posts"}],"about":[{"href":"https:\/\/digitalreportmx.com\/index.php\/wp-json\/wp\/v2\/types\/post"}],"author":[{"embeddable":true,"href":"https:\/\/digitalreportmx.com\/index.php\/wp-json\/wp\/v2\/users\/1"}],"replies":[{"embeddable":true,"href":"https:\/\/digitalreportmx.com\/index.php\/wp-json\/wp\/v2\/comments?post=6174"}],"version-history":[{"count":3,"href":"https:\/\/digitalreportmx.com\/index.php\/wp-json\/wp\/v2\/posts\/6174\/revisions"}],"predecessor-version":[{"id":6180,"href":"https:\/\/digitalreportmx.com\/index.php\/wp-json\/wp\/v2\/posts\/6174\/revisions\/6180"}],"wp:featuredmedia":[{"embeddable":true,"href":"https:\/\/digitalreportmx.com\/index.php\/wp-json\/wp\/v2\/media\/6176"}],"wp:attachment":[{"href":"https:\/\/digitalreportmx.com\/index.php\/wp-json\/wp\/v2\/media?parent=6174"}],"wp:term":[{"taxonomy":"category","embeddable":true,"href":"https:\/\/digitalreportmx.com\/index.php\/wp-json\/wp\/v2\/categories?post=6174"},{"taxonomy":"post_tag","embeddable":true,"href":"https:\/\/digitalreportmx.com\/index.php\/wp-json\/wp\/v2\/tags?post=6174"}],"curies":[{"name":"wp","href":"https:\/\/api.w.org\/{rel}","templated":true}]}}