{"id":6230,"date":"2024-11-28T21:14:32","date_gmt":"2024-11-29T03:14:32","guid":{"rendered":"https:\/\/digitalreportmx.com\/?p=6230"},"modified":"2024-11-28T21:14:33","modified_gmt":"2024-11-29T03:14:33","slug":"busca-waldo-impulsar-transicion-energetica","status":"publish","type":"post","link":"https:\/\/digitalreportmx.com\/index.php\/2024\/11\/28\/busca-waldo-impulsar-transicion-energetica\/","title":{"rendered":"Busca Waldo impulsar transici\u00f3n energ\u00e9tica"},"content":{"rendered":"\n<p><kbd>Ciudad de M\u00e9xico<\/kbd><\/p>\n\n\n\n<p>El d\u00eda de hoy se llev\u00f3 a cabo el Foro \u201cTransici\u00f3n energ\u00e9tica y electromovilidad: enfrentando los desaf\u00edos de los ODS y la Agenda 2030\u201d en el Senado de la Rep\u00fablica, auspiciado por el Senador por Nuevo Le\u00f3n, Waldo Fern\u00e1ndez y organizado por la Dra. Yolanda Villegas, especialista en Energ\u00eda.<\/p>\n\n\n\n<p>Inaugurado por la Senadora Laura Itzel Castillo, Presidenta de la Comisi\u00f3n de Energ\u00eda, el Foro estuvo integrado por expertos de la industria, representantes del gobierno y empresas del sector energ\u00e9tico. El evento tuvo como objetivo destacar la importancia de la electromovilidad como una de las soluciones principales para reducir las emisiones de carbono y cumplir con los compromisos internacionales en torno a los Objetivos de Desarrollo Sostenible (ODS) y la Agenda 2030.<\/p>\n\n\n\n<p>Fern\u00e1ndez, quien se desempe\u00f1a como Secretario de la Comisi\u00f3n de Energ\u00eda en el Senado, destac\u00f3 que la C\u00e1mara Alta ha reconocido la importancia del Sector Energ\u00e9tico en el pa\u00eds y para la revisi\u00f3n del Tratado de M\u00e9xico, Estados Unidos y Canad\u00e1 (T-MEC).<\/p>\n\n\n\n<p>\u201cEl Senado de la Rep\u00fablica reconoce lo fundamental que es la energ\u00eda para el pa\u00eds. Hace unos d\u00edas votamos una reforma que le garantiza la participaci\u00f3n de hasta el 46 por ciento al sector privado. Hemos entendido las dos funciones que tienen las empresas privadas y las paraestatales: el primero para generar riqueza y el segundo de cumplir con su funci\u00f3n social. Se trata, pues, de garantizar un equilibrio.\u201d expuso el Senador.&nbsp;<\/p>\n\n\n\n<p>Asegur\u00f3 que se reconoce el compromiso y el desaf\u00edo adquirido por el pa\u00eds en la Cumbre Clim\u00e1tica en 2022, COP 27, de reducir sus emisiones de carbono hasta en un 35 por ciento. Para lograrlo, dijo, el sector de electromovilidad y energ\u00e9tico es clave.&nbsp;<\/p>\n\n\n\n<p>A manera de conclusi\u00f3n, Fern\u00e1ndez reafirm\u00f3 el compromiso del Senado de la Rep\u00fablica con las y los mexicanos, el medio ambiente y sobre todo, con un pa\u00eds m\u00e1s justo.&nbsp;<\/p>\n\n\n\n<p>Adem\u00e1s del Senador Fern\u00e1ndez y la Dra. Yolanda Villegas, el Foro cont\u00f3 con la presencia del Ing. Walter Julian \u00c1ngel Jim\u00e9nez, Comisionado de la CRE y el Ing. Mauricio Jessurun Solomou, Presidente del Colegio de Ingenieros Civiles de M\u00e9xico y casi veinte panelistas de expertos.<\/p>\n","protected":false},"excerpt":{"rendered":"<p>Ciudad de M\u00e9xico El d\u00eda de hoy se llev\u00f3 a cabo el Foro \u201cTransici\u00f3n energ\u00e9tica y electromovilidad: enfrentando los desaf\u00edos de los ODS y la Agenda 2030\u201d en el Senado de la Rep\u00fablica, auspiciado por el Senador por Nuevo Le\u00f3n, Waldo Fern\u00e1ndez y organizado por la Dra. Yolanda Villegas, especialista en Energ\u00eda. Inaugurado por la [&hellip;]<\/p>\n","protected":false},"author":1,"featured_media":6231,"comment_status":"open","ping_status":"open","sticky":false,"template":"","format":"standard","meta":{"om_disable_all_campaigns":false,"_monsterinsights_skip_tracking":false,"_monsterinsights_sitenote_active":false,"_monsterinsights_sitenote_note":"","_monsterinsights_sitenote_category":0,"footnotes":""},"categories":[16,13],"tags":[],"class_list":["post-6230","post","type-post","status-publish","format-standard","has-post-thumbnail","hentry","category-relevante-2","category-reporte-local"],"aioseo_notices":[],"_links":{"self":[{"href":"https:\/\/digitalreportmx.com\/index.php\/wp-json\/wp\/v2\/posts\/6230","targetHints":{"allow":["GET"]}}],"collection":[{"href":"https:\/\/digitalreportmx.com\/index.php\/wp-json\/wp\/v2\/posts"}],"about":[{"href":"https:\/\/digitalreportmx.com\/index.php\/wp-json\/wp\/v2\/types\/post"}],"author":[{"embeddable":true,"href":"https:\/\/digitalreportmx.com\/index.php\/wp-json\/wp\/v2\/users\/1"}],"replies":[{"embeddable":true,"href":"https:\/\/digitalreportmx.com\/index.php\/wp-json\/wp\/v2\/comments?post=6230"}],"version-history":[{"count":1,"href":"https:\/\/digitalreportmx.com\/index.php\/wp-json\/wp\/v2\/posts\/6230\/revisions"}],"predecessor-version":[{"id":6232,"href":"https:\/\/digitalreportmx.com\/index.php\/wp-json\/wp\/v2\/posts\/6230\/revisions\/6232"}],"wp:featuredmedia":[{"embeddable":true,"href":"https:\/\/digitalreportmx.com\/index.php\/wp-json\/wp\/v2\/media\/6231"}],"wp:attachment":[{"href":"https:\/\/digitalreportmx.com\/index.php\/wp-json\/wp\/v2\/media?parent=6230"}],"wp:term":[{"taxonomy":"category","embeddable":true,"href":"https:\/\/digitalreportmx.com\/index.php\/wp-json\/wp\/v2\/categories?post=6230"},{"taxonomy":"post_tag","embeddable":true,"href":"https:\/\/digitalreportmx.com\/index.php\/wp-json\/wp\/v2\/tags?post=6230"}],"curies":[{"name":"wp","href":"https:\/\/api.w.org\/{rel}","templated":true}]}}