{"id":6248,"date":"2024-11-29T17:23:33","date_gmt":"2024-11-29T23:23:33","guid":{"rendered":"https:\/\/digitalreportmx.com\/?p=6248"},"modified":"2024-11-29T17:24:02","modified_gmt":"2024-11-29T23:24:02","slug":"anuncia-santa-catarina-construccion-de-centro-de-autismo","status":"publish","type":"post","link":"https:\/\/digitalreportmx.com\/index.php\/2024\/11\/29\/anuncia-santa-catarina-construccion-de-centro-de-autismo\/","title":{"rendered":"Anuncia Santa Catarina construcci\u00f3n de Centro de Autismo"},"content":{"rendered":"\n<p><kbd>Santa Catarina<\/kbd><\/p>\n\n\n\n<p>El Alcalde de Santa Catarina, Jes\u00fas Nava Rivera y la Presidenta del DIF municipal, Paola Garc\u00eda Yves, anunciaron la construcci\u00f3n del primer Centro de Autismo del municipio y convocaron a la sociedad m\u00e9dica, acad\u00e9mica y empresarial a unirse para mejorar la calidad de vida de pacientes y sus familias.<\/p>\n\n\n\n<p>El proyecto presentado por el Edil y la titular del DIF santacatarinense, a la comunidad m\u00e9dica, acad\u00e9mica y empresarial, tiene por objetivo otorgar atenci\u00f3n especializada y profesional de primer nivel a personas con el trastorno del espectro autista (TEA) y acompa\u00f1ar a sus familias en su tratamiento.<\/p>\n\n\n\n<p>\u201cEl presentar el proyecto a m\u00e9dicos, acad\u00e9micos y empresarios, tiene la intenci\u00f3n de unir esfuerzos con el Gobierno de Santa Catarina, en la creaci\u00f3n de este centro autista\u201d, se\u00f1al\u00f3 Nava Rivera en Plaza V\u00eda Cordillera.<\/p>\n\n\n\n<p>Los interesados en sumarse al proyecto pueden apoyar en \u00e1reas como Infraestructura y Equipamiento, mediante recursos destinados a la construcci\u00f3n y habilitaci\u00f3n del Centro; Inversi\u00f3n en espacios especializados para terapias y programas de desarrollo, explic\u00f3.<\/p>\n\n\n\n<p>Asimismo, con Capital Humano y Cognitivo, v\u00eda capacitaciones y certificaciones para el equipo profesional del Centro y colaboraci\u00f3n a trav\u00e9s de servicios Pro Bono en \u00e1reas especializadas.<\/p>\n\n\n\n<p>En el rubro de Material Did\u00e1ctico y de Trabajo, con lo relativo a insumos necesarios para talleres, terapias, y actividades educativas; herramientas para fomentar la inclusi\u00f3n y el desarrollo integral.<\/p>\n\n\n\n<p>Garc\u00eda Yves, se\u00f1al\u00f3 que el primer Centro de Autismo de Santa Catarina, representa una noble causa en sus etapas de atenci\u00f3n, el cual brindar\u00e1 diagn\u00f3sticos con doctores especializados y terapias con la Alianza Telet\u00f3n.<\/p>\n\n\n\n<p>Asimismo, Rehabilitaci\u00f3n Motora, con terapias como: habilidades vida diaria. ense\u00f1anza estructurada, integraci\u00f3n sensorial, apoyo conductual positivo y habilidades de comunicaci\u00f3n, as\u00ed como apoyo familiar a trav\u00e9s de conferencias, talleres, din\u00e1micas y convivencias.<\/p>\n\n\n\n<p>\u201cEs un proyecto que nos une a todos por nuestros ni\u00f1os, ni\u00f1as y adolescentes que necesitan de nuestro apoyo, al igual que sus familias, agradecemos el respaldo que s\u00e9, nos dar\u00e1n para impulsar este Centro de Autismo de Santa Catarina\u201d, expres\u00f3 la Presidenta del DIF municipal.<\/p>\n\n\n\n<p>Durante la presentaci\u00f3n del proyecto de atenci\u00f3n a personas con autismo, Gerardo Gaya, activista y consultor en comunicaci\u00f3n social, con un hijo con este espectro, dio una conferencia sobre la importancia de comprender y entender a las personas autistas para su inclusi\u00f3n en la sociedad.<\/p>\n\n\n\n<p>Se\u00f1al\u00f3 que el autismo es un regalo de la vida para las familias, disfrazado de dilema, para afrontarlo y resolverlo, venciendo miedos y la incomprensi\u00f3n de quienes desconocen esta condici\u00f3n.<\/p>\n","protected":false},"excerpt":{"rendered":"<p>Santa Catarina El Alcalde de Santa Catarina, Jes\u00fas Nava Rivera y la Presidenta del DIF municipal, Paola Garc\u00eda Yves, anunciaron la construcci\u00f3n del primer Centro de Autismo del municipio y convocaron a la sociedad m\u00e9dica, acad\u00e9mica y empresarial a unirse para mejorar la calidad de vida de pacientes y sus familias. El proyecto presentado por [&hellip;]<\/p>\n","protected":false},"author":1,"featured_media":6249,"comment_status":"open","ping_status":"open","sticky":false,"template":"","format":"standard","meta":{"om_disable_all_campaigns":false,"_monsterinsights_skip_tracking":false,"_monsterinsights_sitenote_active":false,"_monsterinsights_sitenote_note":"","_monsterinsights_sitenote_category":0,"footnotes":""},"categories":[16,13],"tags":[],"class_list":["post-6248","post","type-post","status-publish","format-standard","has-post-thumbnail","hentry","category-relevante-2","category-reporte-local"],"aioseo_notices":[],"_links":{"self":[{"href":"https:\/\/digitalreportmx.com\/index.php\/wp-json\/wp\/v2\/posts\/6248","targetHints":{"allow":["GET"]}}],"collection":[{"href":"https:\/\/digitalreportmx.com\/index.php\/wp-json\/wp\/v2\/posts"}],"about":[{"href":"https:\/\/digitalreportmx.com\/index.php\/wp-json\/wp\/v2\/types\/post"}],"author":[{"embeddable":true,"href":"https:\/\/digitalreportmx.com\/index.php\/wp-json\/wp\/v2\/users\/1"}],"replies":[{"embeddable":true,"href":"https:\/\/digitalreportmx.com\/index.php\/wp-json\/wp\/v2\/comments?post=6248"}],"version-history":[{"count":2,"href":"https:\/\/digitalreportmx.com\/index.php\/wp-json\/wp\/v2\/posts\/6248\/revisions"}],"predecessor-version":[{"id":6251,"href":"https:\/\/digitalreportmx.com\/index.php\/wp-json\/wp\/v2\/posts\/6248\/revisions\/6251"}],"wp:featuredmedia":[{"embeddable":true,"href":"https:\/\/digitalreportmx.com\/index.php\/wp-json\/wp\/v2\/media\/6249"}],"wp:attachment":[{"href":"https:\/\/digitalreportmx.com\/index.php\/wp-json\/wp\/v2\/media?parent=6248"}],"wp:term":[{"taxonomy":"category","embeddable":true,"href":"https:\/\/digitalreportmx.com\/index.php\/wp-json\/wp\/v2\/categories?post=6248"},{"taxonomy":"post_tag","embeddable":true,"href":"https:\/\/digitalreportmx.com\/index.php\/wp-json\/wp\/v2\/tags?post=6248"}],"curies":[{"name":"wp","href":"https:\/\/api.w.org\/{rel}","templated":true}]}}