{"id":6270,"date":"2024-12-01T14:45:07","date_gmt":"2024-12-01T20:45:07","guid":{"rendered":"https:\/\/digitalreportmx.com\/?p=6270"},"modified":"2024-12-01T14:45:11","modified_gmt":"2024-12-01T20:45:11","slug":"activa-santa-catarina-reparto-emergente-de-agua-ante-cortes","status":"publish","type":"post","link":"https:\/\/digitalreportmx.com\/index.php\/2024\/12\/01\/activa-santa-catarina-reparto-emergente-de-agua-ante-cortes\/","title":{"rendered":"Activa Santa Catarina reparto emergente de agua ante cortes"},"content":{"rendered":"\n<p><kbd>Santa Catarina <\/kbd><\/p>\n\n\n\n<p>Ante el corte al suministro de agua en Santa Catarina, por la conexi\u00f3n de la nueva tuber\u00eda que surtir\u00e1 del vital l\u00edquido a la Ciudad, el Gobierno Municipal activ\u00f3 el reparto emergente de agua que incluye el llenado de los 94 tanques estacionarios, distribuci\u00f3n del recurso en pipas y de forma embotellada.<\/p>\n\n\n\n<p>Por instrucci\u00f3n del Alcalde Jes\u00fas Nava Rivera, personal de Servicios P\u00fablicos municipal rellen\u00f3 los tanques estacionarios con capacidad de 5 mil y 10 mil litros,as\u00ed tambi\u00e9n servidores p\u00fablicos de otras \u00e1reas estar\u00e1n repartiendo agua en diversos sectores.<\/p>\n\n\n\n<p>\u201cSe rellenaron con agua los tanques ubicados en espacios p\u00fablicos y escuelas de Santa Catarina con pipas del Municipio y de empresas privadas que nos apoyan en esta tarea de no dejar sin el vital l\u00edquido a los m\u00e1s de 300 mil santacatarinenses\u201d, expres\u00f3 Nava Rivera.<\/p>\n\n\n\n<p>Dos puntos de distribuci\u00f3n de agua embotellada o purificada operar\u00e1n las 24 horas en Plaza Las Palmas y en el estacionamiento de HEB La Puerta.<\/p>\n\n\n\n<p>As\u00ed como tambi\u00e9n la Administraci\u00f3n Municipal operar\u00e1 44 rutas permanentes que cubrir\u00e1n las zonas afectadas de Santa Catarina para distribuir agua.<\/p>\n\n\n\n<p>El Alcalde de Santa Catarina subray\u00f3 que, por el estilo de ingenier\u00eda, esta tuber\u00eda de AyD que se reubic\u00f3 , ya no estar\u00e1 a expensas de fen\u00f3menos hidrometeorol\u00f3gicos, como la actual que se encuentra en La Huasteca.<\/p>\n\n\n\n<p>La reubicaci\u00f3n de la tuber\u00eda hidr\u00e1ulica que suministrar\u00e1 de agua potable a Santa Catarina, realizada por Servicios de Agua y Drenaje de Monterrey, fue a lo largo de 800 metros, desde el acceso a La Huasteca, hasta la avenida Miguel Alem\u00e1n.<\/p>\n\n\n\n<p>La tuber\u00eda de acero de 48 pulgadas colocada en este proceso, es una obra definitiva y sustituye a la anterior, que cruzaba el cauce del r\u00edo Santa Catarina, la cual fue da\u00f1ada por el paso de la Tormenta Tropical \u201cAlberto\u201d, durante el mes de junio pasado.<\/p>\n\n\n\n<p>En este orden, Nava Rivera pidi\u00f3 a la ciudadan\u00eda a estar atenta a la informaci\u00f3n oficial que, de manera conjunta con Servicios de Agua y Drenaje de Monterrey, se dar\u00e1 para precisar el inicio de las obras de conexi\u00f3n de la tuber\u00eda hidr\u00e1ulica, para dar paso a los cortes del suministro.<\/p>\n\n\n\n<p>La falta de agua por estas obras de conexi\u00f3n provocar\u00e1 cortes de 2 a 5 d\u00edas, dependiendo de la ubicaci\u00f3n y la cercan\u00eda con los tanques.<\/p>\n\n\n\n<figure class=\"wp-block-image size-large\"><img loading=\"lazy\" decoding=\"async\" width=\"1024\" height=\"768\" src=\"https:\/\/digitalreportmx.com\/wp-content\/uploads\/2024\/12\/IMG-20241126-WA0035-1024x768.jpg\" alt=\"\" class=\"wp-image-6272\" srcset=\"https:\/\/digitalreportmx.com\/wp-content\/uploads\/2024\/12\/IMG-20241126-WA0035-1024x768.jpg 1024w, https:\/\/digitalreportmx.com\/wp-content\/uploads\/2024\/12\/IMG-20241126-WA0035-300x225.jpg 300w, https:\/\/digitalreportmx.com\/wp-content\/uploads\/2024\/12\/IMG-20241126-WA0035-768x576.jpg 768w, https:\/\/digitalreportmx.com\/wp-content\/uploads\/2024\/12\/IMG-20241126-WA0035.jpg 1280w\" sizes=\"auto, (max-width: 1024px) 100vw, 1024px\" \/><\/figure>\n","protected":false},"excerpt":{"rendered":"<p>Santa Catarina Ante el corte al suministro de agua en Santa Catarina, por la conexi\u00f3n de la nueva tuber\u00eda que surtir\u00e1 del vital l\u00edquido a la Ciudad, el Gobierno Municipal activ\u00f3 el reparto emergente de agua que incluye el llenado de los 94 tanques estacionarios, distribuci\u00f3n del recurso en pipas y de forma embotellada. Por [&hellip;]<\/p>\n","protected":false},"author":1,"featured_media":6271,"comment_status":"open","ping_status":"open","sticky":false,"template":"","format":"standard","meta":{"om_disable_all_campaigns":false,"_monsterinsights_skip_tracking":false,"_monsterinsights_sitenote_active":false,"_monsterinsights_sitenote_note":"","_monsterinsights_sitenote_category":0,"footnotes":""},"categories":[16,13],"tags":[],"class_list":["post-6270","post","type-post","status-publish","format-standard","has-post-thumbnail","hentry","category-relevante-2","category-reporte-local"],"aioseo_notices":[],"_links":{"self":[{"href":"https:\/\/digitalreportmx.com\/index.php\/wp-json\/wp\/v2\/posts\/6270","targetHints":{"allow":["GET"]}}],"collection":[{"href":"https:\/\/digitalreportmx.com\/index.php\/wp-json\/wp\/v2\/posts"}],"about":[{"href":"https:\/\/digitalreportmx.com\/index.php\/wp-json\/wp\/v2\/types\/post"}],"author":[{"embeddable":true,"href":"https:\/\/digitalreportmx.com\/index.php\/wp-json\/wp\/v2\/users\/1"}],"replies":[{"embeddable":true,"href":"https:\/\/digitalreportmx.com\/index.php\/wp-json\/wp\/v2\/comments?post=6270"}],"version-history":[{"count":1,"href":"https:\/\/digitalreportmx.com\/index.php\/wp-json\/wp\/v2\/posts\/6270\/revisions"}],"predecessor-version":[{"id":6273,"href":"https:\/\/digitalreportmx.com\/index.php\/wp-json\/wp\/v2\/posts\/6270\/revisions\/6273"}],"wp:featuredmedia":[{"embeddable":true,"href":"https:\/\/digitalreportmx.com\/index.php\/wp-json\/wp\/v2\/media\/6271"}],"wp:attachment":[{"href":"https:\/\/digitalreportmx.com\/index.php\/wp-json\/wp\/v2\/media?parent=6270"}],"wp:term":[{"taxonomy":"category","embeddable":true,"href":"https:\/\/digitalreportmx.com\/index.php\/wp-json\/wp\/v2\/categories?post=6270"},{"taxonomy":"post_tag","embeddable":true,"href":"https:\/\/digitalreportmx.com\/index.php\/wp-json\/wp\/v2\/tags?post=6270"}],"curies":[{"name":"wp","href":"https:\/\/api.w.org\/{rel}","templated":true}]}}