{"id":6290,"date":"2024-12-02T12:33:41","date_gmt":"2024-12-02T18:33:41","guid":{"rendered":"https:\/\/digitalreportmx.com\/?p=6290"},"modified":"2024-12-02T12:33:45","modified_gmt":"2024-12-02T18:33:45","slug":"deslumbra-a-santa-catarina-encendido-de-pino-navideno","status":"publish","type":"post","link":"https:\/\/digitalreportmx.com\/index.php\/2024\/12\/02\/deslumbra-a-santa-catarina-encendido-de-pino-navideno\/","title":{"rendered":"Deslumbra a Santa Catarina encendido de pino navide\u00f1o"},"content":{"rendered":"\n<p><kbd>Santa Catarina<\/kbd><em> <\/em><\/p>\n\n\n\n<p>La fiesta de la Navidad lleg\u00f3 a Santa Catarina con el tradicional encendido del Pino, en la Explanada de la Torre Administrativa, ante la presencia de cuatro mil personas.<\/p>\n\n\n\n<p>El Alcalde de Santa Catarina, Jes\u00fas Nava Rivera y la Presidenta del DIF Santa Catarina, Paola Garc\u00eda Yves, acompa\u00f1ados de sus hijos Mar\u00eda Paola y Oliver, encabezaron el festejo navide\u00f1o que fue amenizado por Los Compa\u00f1eros, Tripayasos y Piedra, Papel y Tijera, sin faltar Santa Claus.<\/p>\n\n\n\n<p>&#8220;En esta celebraci\u00f3n de la Navidad, es tiempo de paz, amor y armon\u00eda entre nuestras familias, de estar unidos en estas fechas tan especiales para todos&#8221;, dijo Nava Rivera.<\/p>\n\n\n\n<p>Ante una Torre Administrativa, vestida de luces multicolores y donde se present\u00f3 la cuenta regresiva, el Edil y su familia encendieron el macro pino de Navidad.<\/p>\n\n\n\n<p>Ni\u00f1os y adultos disfrutaron de m\u00fasica y espect\u00e1culos alusivos a la Navidad y disfrutaron de la fiesta, en la que tambi\u00e9n hubo oferta gastron\u00f3mica por parte de emprendedores locales.<\/p>\n","protected":false},"excerpt":{"rendered":"<p>Santa Catarina La fiesta de la Navidad lleg\u00f3 a Santa Catarina con el tradicional encendido del Pino, en la Explanada de la Torre Administrativa, ante la presencia de cuatro mil personas. El Alcalde de Santa Catarina, Jes\u00fas Nava Rivera y la Presidenta del DIF Santa Catarina, Paola Garc\u00eda Yves, acompa\u00f1ados de sus hijos Mar\u00eda Paola [&hellip;]<\/p>\n","protected":false},"author":1,"featured_media":6291,"comment_status":"open","ping_status":"open","sticky":false,"template":"","format":"standard","meta":{"om_disable_all_campaigns":false,"_monsterinsights_skip_tracking":false,"_monsterinsights_sitenote_active":false,"_monsterinsights_sitenote_note":"","_monsterinsights_sitenote_category":0,"footnotes":""},"categories":[16,13],"tags":[],"class_list":["post-6290","post","type-post","status-publish","format-standard","has-post-thumbnail","hentry","category-relevante-2","category-reporte-local"],"aioseo_notices":[],"_links":{"self":[{"href":"https:\/\/digitalreportmx.com\/index.php\/wp-json\/wp\/v2\/posts\/6290","targetHints":{"allow":["GET"]}}],"collection":[{"href":"https:\/\/digitalreportmx.com\/index.php\/wp-json\/wp\/v2\/posts"}],"about":[{"href":"https:\/\/digitalreportmx.com\/index.php\/wp-json\/wp\/v2\/types\/post"}],"author":[{"embeddable":true,"href":"https:\/\/digitalreportmx.com\/index.php\/wp-json\/wp\/v2\/users\/1"}],"replies":[{"embeddable":true,"href":"https:\/\/digitalreportmx.com\/index.php\/wp-json\/wp\/v2\/comments?post=6290"}],"version-history":[{"count":1,"href":"https:\/\/digitalreportmx.com\/index.php\/wp-json\/wp\/v2\/posts\/6290\/revisions"}],"predecessor-version":[{"id":6292,"href":"https:\/\/digitalreportmx.com\/index.php\/wp-json\/wp\/v2\/posts\/6290\/revisions\/6292"}],"wp:featuredmedia":[{"embeddable":true,"href":"https:\/\/digitalreportmx.com\/index.php\/wp-json\/wp\/v2\/media\/6291"}],"wp:attachment":[{"href":"https:\/\/digitalreportmx.com\/index.php\/wp-json\/wp\/v2\/media?parent=6290"}],"wp:term":[{"taxonomy":"category","embeddable":true,"href":"https:\/\/digitalreportmx.com\/index.php\/wp-json\/wp\/v2\/categories?post=6290"},{"taxonomy":"post_tag","embeddable":true,"href":"https:\/\/digitalreportmx.com\/index.php\/wp-json\/wp\/v2\/tags?post=6290"}],"curies":[{"name":"wp","href":"https:\/\/api.w.org\/{rel}","templated":true}]}}