{"id":8133,"date":"2025-01-31T20:50:29","date_gmt":"2025-02-01T02:50:29","guid":{"rendered":"https:\/\/digitalreportmx.com\/?p=8133"},"modified":"2025-01-31T21:55:22","modified_gmt":"2025-02-01T03:55:22","slug":"samuel-cabron-subete-al-camion-protestan-contra-el-tarifazo","status":"publish","type":"post","link":"https:\/\/digitalreportmx.com\/index.php\/2025\/01\/31\/samuel-cabron-subete-al-camion-protestan-contra-el-tarifazo\/","title":{"rendered":"Arremeten contra Samuel y protestan contra el tarifazo"},"content":{"rendered":"\n<p>Monterrey<\/p>\n\n\n\n<p>\u00b4\u00a1Samuel, cabr\u00f3n, s\u00fabete al cami\u00f3n!, gritaron un grupo reducido de usuarios del transporte urbano protestaron y bloquearon avenidas como Constituci\u00f3n y Rodrigo G\u00f3mez.<\/p>\n\n\n\n<p>La manifestaci\u00f3n inici\u00f3 en la estaci\u00f3n del metro Y Griega de la L\u00ednea 2 del Metro y est\u00e1n bloqueando la vialidad para protestar contra el tarifazo.<\/p>\n\n\n\n<p>La protesta de los usuarios de transporte urbano y de la agrupaci\u00f3n civil tuvieron que sortear el paso de los autom\u00f3viles, por lo que fue escasa la presencia de agentes de vialidad.<\/p>\n\n\n\n<p>Al lugar arrib\u00f3 personal de la Comisi\u00f3n Estatal de Derechos Humanos que brind\u00f3 acompa\u00f1amiento a las personas manifestantes del colectivo \u201cVoz de los\u00a0 Usuarios\u201d.<\/p>\n\n\n\n<figure class=\"wp-block-image size-large\"><img loading=\"lazy\" decoding=\"async\" width=\"1024\" height=\"576\" src=\"https:\/\/digitalreportmx.com\/wp-content\/uploads\/2025\/01\/protesta-transporte-1024x576.jpg\" alt=\"\" class=\"wp-image-8135\" srcset=\"https:\/\/digitalreportmx.com\/wp-content\/uploads\/2025\/01\/protesta-transporte-1024x576.jpg 1024w, https:\/\/digitalreportmx.com\/wp-content\/uploads\/2025\/01\/protesta-transporte-300x169.jpg 300w, https:\/\/digitalreportmx.com\/wp-content\/uploads\/2025\/01\/protesta-transporte-768x432.jpg 768w, https:\/\/digitalreportmx.com\/wp-content\/uploads\/2025\/01\/protesta-transporte-1536x864.jpg 1536w, https:\/\/digitalreportmx.com\/wp-content\/uploads\/2025\/01\/protesta-transporte.jpg 1600w\" sizes=\"auto, (max-width: 1024px) 100vw, 1024px\" \/><\/figure>\n\n\n\n<p><\/p>\n\n\n\n<p><\/p>\n\n\n\n<p>Mira como le pasa el cami\u00f3n muy cerca a la gente\u2026<\/p>\n","protected":false},"excerpt":{"rendered":"<p>Monterrey \u00b4\u00a1Samuel, cabr\u00f3n, s\u00fabete al cami\u00f3n!, gritaron un grupo reducido de usuarios del transporte urbano protestaron y bloquearon avenidas como Constituci\u00f3n y Rodrigo G\u00f3mez. La manifestaci\u00f3n inici\u00f3 en la estaci\u00f3n del metro Y Griega de la L\u00ednea 2 del Metro y est\u00e1n bloqueando la vialidad para protestar contra el tarifazo. La protesta de los usuarios [&hellip;]<\/p>\n","protected":false},"author":1,"featured_media":8134,"comment_status":"open","ping_status":"open","sticky":false,"template":"","format":"standard","meta":{"om_disable_all_campaigns":false,"_monsterinsights_skip_tracking":false,"_monsterinsights_sitenote_active":false,"_monsterinsights_sitenote_note":"","_monsterinsights_sitenote_category":0,"footnotes":""},"categories":[16,13],"tags":[],"class_list":["post-8133","post","type-post","status-publish","format-standard","has-post-thumbnail","hentry","category-relevante-2","category-reporte-local"],"aioseo_notices":[],"_links":{"self":[{"href":"https:\/\/digitalreportmx.com\/index.php\/wp-json\/wp\/v2\/posts\/8133","targetHints":{"allow":["GET"]}}],"collection":[{"href":"https:\/\/digitalreportmx.com\/index.php\/wp-json\/wp\/v2\/posts"}],"about":[{"href":"https:\/\/digitalreportmx.com\/index.php\/wp-json\/wp\/v2\/types\/post"}],"author":[{"embeddable":true,"href":"https:\/\/digitalreportmx.com\/index.php\/wp-json\/wp\/v2\/users\/1"}],"replies":[{"embeddable":true,"href":"https:\/\/digitalreportmx.com\/index.php\/wp-json\/wp\/v2\/comments?post=8133"}],"version-history":[{"count":2,"href":"https:\/\/digitalreportmx.com\/index.php\/wp-json\/wp\/v2\/posts\/8133\/revisions"}],"predecessor-version":[{"id":8142,"href":"https:\/\/digitalreportmx.com\/index.php\/wp-json\/wp\/v2\/posts\/8133\/revisions\/8142"}],"wp:featuredmedia":[{"embeddable":true,"href":"https:\/\/digitalreportmx.com\/index.php\/wp-json\/wp\/v2\/media\/8134"}],"wp:attachment":[{"href":"https:\/\/digitalreportmx.com\/index.php\/wp-json\/wp\/v2\/media?parent=8133"}],"wp:term":[{"taxonomy":"category","embeddable":true,"href":"https:\/\/digitalreportmx.com\/index.php\/wp-json\/wp\/v2\/categories?post=8133"},{"taxonomy":"post_tag","embeddable":true,"href":"https:\/\/digitalreportmx.com\/index.php\/wp-json\/wp\/v2\/tags?post=8133"}],"curies":[{"name":"wp","href":"https:\/\/api.w.org\/{rel}","templated":true}]}}