{"id":9243,"date":"2025-02-27T17:26:36","date_gmt":"2025-02-27T23:26:36","guid":{"rendered":"https:\/\/digitalreportmx.com\/?p=9243"},"modified":"2025-02-27T17:26:37","modified_gmt":"2025-02-27T23:26:37","slug":"se-acerca-monterrey-a-jovenes-regios-con-programas","status":"publish","type":"post","link":"https:\/\/digitalreportmx.com\/index.php\/2025\/02\/27\/se-acerca-monterrey-a-jovenes-regios-con-programas\/","title":{"rendered":"Se acerca Monterrey a j\u00f3venes regios con programas"},"content":{"rendered":"\n<p><strong>Monterrey<\/strong><\/p>\n\n\n\n<p>Para dar a conocer a los j\u00f3venes regiomontanos los programas que tiene el Gobierno de Monterrey para ellos, este jueves el alcalde Adri\u00e1n de la Garza convivi\u00f3 con un grupo de este sector de la poblaci\u00f3n.<\/p>\n\n\n\n<p>En compa\u00f1\u00eda de su esposa y presidenta del DIF municipal, Gaby Oyervides y de la directora General del Instituto de la Juventud Regia (Injure) Maday Cant\u00fa, el edil los exhort\u00f3 a participar y proponer soluciones a las problem\u00e1ticas de la ciudad.<\/p>\n\n\n\n<p>Se les invit\u00f3 a sumarse al programa \u201cEmbajadores juveniles\u201d en el que recibir\u00e1n capacitaci\u00f3n en liderazgo, gesti\u00f3n de proyectos y comunicaci\u00f3n y un reconocimiento oficial.<\/p>\n\n\n\n<p>El trabajo del Injure tiene la finalidad de mejorar la calidad de vida de los habitantes de 12 a 29 a\u00f1os de edad.<\/p>\n\n\n\n<p>En el evento \u201cResolviendo contigo\u201d se inform\u00f3 a los asistentes sobre las actividades din\u00e1micas e interactivas que realizan en el instituto como cortes de cabello, aplicaci\u00f3n de esmalte de u\u00f1as, batallas de freestyle, juegos en equipo, y concurso de baile, con los que se pretende fomentar la participaci\u00f3n juvenil, promover el desarrollo integral y generar un espacio de convivencia.<\/p>\n\n\n\n<p>En el evento estuvieron presentes las diputadas federales Ana Gonz\u00e1lez y Annia G\u00f3mez, y del Congreso local asistieron Rafa Ramos, Lorena de la Garza, e Ivonne \u00c1lvarez, adem\u00e1s de funcionarios municipales.<\/p>\n","protected":false},"excerpt":{"rendered":"<p>Monterrey Para dar a conocer a los j\u00f3venes regiomontanos los programas que tiene el Gobierno de Monterrey para ellos, este jueves el alcalde Adri\u00e1n de la Garza convivi\u00f3 con un grupo de este sector de la poblaci\u00f3n. En compa\u00f1\u00eda de su esposa y presidenta del DIF municipal, Gaby Oyervides y de la directora General del [&hellip;]<\/p>\n","protected":false},"author":1,"featured_media":9244,"comment_status":"open","ping_status":"open","sticky":false,"template":"","format":"standard","meta":{"om_disable_all_campaigns":false,"_monsterinsights_skip_tracking":false,"_monsterinsights_sitenote_active":false,"_monsterinsights_sitenote_note":"","_monsterinsights_sitenote_category":0,"footnotes":""},"categories":[15,6],"tags":[],"class_list":["post-9243","post","type-post","status-publish","format-standard","has-post-thumbnail","hentry","category-relevante","category-local"],"aioseo_notices":[],"_links":{"self":[{"href":"https:\/\/digitalreportmx.com\/index.php\/wp-json\/wp\/v2\/posts\/9243","targetHints":{"allow":["GET"]}}],"collection":[{"href":"https:\/\/digitalreportmx.com\/index.php\/wp-json\/wp\/v2\/posts"}],"about":[{"href":"https:\/\/digitalreportmx.com\/index.php\/wp-json\/wp\/v2\/types\/post"}],"author":[{"embeddable":true,"href":"https:\/\/digitalreportmx.com\/index.php\/wp-json\/wp\/v2\/users\/1"}],"replies":[{"embeddable":true,"href":"https:\/\/digitalreportmx.com\/index.php\/wp-json\/wp\/v2\/comments?post=9243"}],"version-history":[{"count":1,"href":"https:\/\/digitalreportmx.com\/index.php\/wp-json\/wp\/v2\/posts\/9243\/revisions"}],"predecessor-version":[{"id":9245,"href":"https:\/\/digitalreportmx.com\/index.php\/wp-json\/wp\/v2\/posts\/9243\/revisions\/9245"}],"wp:featuredmedia":[{"embeddable":true,"href":"https:\/\/digitalreportmx.com\/index.php\/wp-json\/wp\/v2\/media\/9244"}],"wp:attachment":[{"href":"https:\/\/digitalreportmx.com\/index.php\/wp-json\/wp\/v2\/media?parent=9243"}],"wp:term":[{"taxonomy":"category","embeddable":true,"href":"https:\/\/digitalreportmx.com\/index.php\/wp-json\/wp\/v2\/categories?post=9243"},{"taxonomy":"post_tag","embeddable":true,"href":"https:\/\/digitalreportmx.com\/index.php\/wp-json\/wp\/v2\/tags?post=9243"}],"curies":[{"name":"wp","href":"https:\/\/api.w.org\/{rel}","templated":true}]}}