{"id":9246,"date":"2025-02-27T17:30:28","date_gmt":"2025-02-27T23:30:28","guid":{"rendered":"https:\/\/digitalreportmx.com\/?p=9246"},"modified":"2025-02-27T17:30:28","modified_gmt":"2025-02-27T23:30:28","slug":"impulsa-estado-acciones-contra-la-discriminacion-en-nl","status":"publish","type":"post","link":"https:\/\/digitalreportmx.com\/index.php\/2025\/02\/27\/impulsa-estado-acciones-contra-la-discriminacion-en-nl\/","title":{"rendered":"Impulsa Estado acciones contra la discriminaci\u00f3n en NL"},"content":{"rendered":"\n<p><strong>Monterrey<\/strong><br>En el marco del D\u00eda Internacional para la Cero Discriminaci\u00f3n, la Secretar\u00eda de Igualdad e Inclusi\u00f3n, refuerza su compromiso para lograr un Nuevo Le\u00f3n donde todas las personas tengan acceso a sus derechos y a las mismas oportunidades, sin excepci\u00f3n.<br>A trav\u00e9s de la Comisi\u00f3n para la Inclusi\u00f3n y No Discriminaci\u00f3n se establecieron las agendas locales prioritarias y l\u00edneas de acci\u00f3n de los grupos de inclusi\u00f3n prioritaria.<br>Un trabajo que lleva un 85 por ciento de avance y donde participaron m\u00e1s de 300 agentes sociales, explic\u00f3 la Secretaria Martha Herrera.<br>Adem\u00e1s, dijo, se present\u00f3 el libro Incluy\u00e9ndonos, un documento colectivo que contiene el mapeo de 92 objetivos y 293 l\u00edneas de acci\u00f3n elaborados por la Comisi\u00f3n y 20 dependencias de gobierno, que identifican c\u00f3mo cada una de las agendas participativas se alinea con los planes estrat\u00e9gicos locales, nacionales e internacionales; as\u00ed como un an\u00e1lisis de los 325 programas y acciones del Gobierno estatal que inciden en los mismos para generar condiciones de un piso parejo para todas las personas.<\/p>\n\n\n\n<p>\u201cBuscamos la cero discriminaci\u00f3n en el Estado de Nuevo Le\u00f3n y para ello hemos hecho much\u00edsima labor, hemos trabajado en conjunto con m\u00e1s de doce grupos hist\u00f3ricamente discriminados y vulnerados, hemos coincidido en cu\u00e1les son las agendas prioritarias, por qu\u00e9 elementos de barreras y desaf\u00edos tenemos que empezar, sobre todo hacia adentro del gobierno, pero tambi\u00e9n hacia afuera\u201d, subray\u00f3.<\/p>\n\n\n\n<p>La Secretaria destac\u00f3 que despu\u00e9s de 7 a\u00f1os, se logr\u00f3 la instalaci\u00f3n del Consejo para Prevenir y Eliminar la Discriminaci\u00f3n en Nuevo Le\u00f3n (COPRED NL), desde el cual se dise\u00f1ar\u00e1 la estrategia estatal para prevenir, sancionar y erradicar cualquier forma de discriminaci\u00f3n.<\/p>\n\n\n\n<p>El COPRED NL se encargar\u00e1 de promover las acciones encaminadas a la prevenci\u00f3n de toda forma de discriminaci\u00f3n, as\u00ed como de recibir, integrar y resolver los expedientes de quejas por presuntos actos o pr\u00e1cticas discriminatorias.<\/p>\n\n\n\n<p>Adem\u00e1s, con el objetivo de promover la inclusi\u00f3n, la dependencia ha capacitado a m\u00e1s de 8 mil personas, de las cuales 3,759 son servidoras p\u00fablicas, asimismo se ha brindado capacitaci\u00f3n a 42 empresas y 67 dependencias p\u00fablicas de los distintos niveles del gobierno.<\/p>\n\n\n\n<p>En materia de atenci\u00f3n a personas en contexto de migraci\u00f3n, la funcionaria estatal resalt\u00f3 el modelo de atenci\u00f3n \u00fanico a nivel nacional denominado Espacio de Igualdad e Inclusi\u00f3n para Personas Migrantes, Refugiadas, Retornadas y Desplazadas que desde su apertura en 2022, ha brindado m\u00e1s de 33 mil atenciones a m\u00e1s de 13 mil personas de 44 pa\u00edses.<\/p>\n\n\n\n<p>\u201cNos da mucho gusto saber que hemos podido atender en un solo espacio a miles de personas que pasan por nuestro estado, algunas que se quedan, en temas b\u00e1sicos como lo es la identidad, pero tambi\u00e9n en temas como la salud, la educaci\u00f3n y el empleo. Entonces, estamos muy contentos de que cada vez m\u00e1s dependencias que se suman, m\u00e1s organizaciones de la sociedad civil y dependencias federales, estatales y municipales para atender de manera integral a las personas en situaci\u00f3n de movilidad\u201d, dijo.<\/p>\n","protected":false},"excerpt":{"rendered":"<p>MonterreyEn el marco del D\u00eda Internacional para la Cero Discriminaci\u00f3n, la Secretar\u00eda de Igualdad e Inclusi\u00f3n, refuerza su compromiso para lograr un Nuevo Le\u00f3n donde todas las personas tengan acceso a sus derechos y a las mismas oportunidades, sin excepci\u00f3n.A trav\u00e9s de la Comisi\u00f3n para la Inclusi\u00f3n y No Discriminaci\u00f3n se establecieron las agendas locales [&hellip;]<\/p>\n","protected":false},"author":1,"featured_media":9247,"comment_status":"open","ping_status":"open","sticky":false,"template":"","format":"standard","meta":{"om_disable_all_campaigns":false,"_monsterinsights_skip_tracking":false,"_monsterinsights_sitenote_active":false,"_monsterinsights_sitenote_note":"","_monsterinsights_sitenote_category":0,"footnotes":""},"categories":[15,6],"tags":[],"class_list":["post-9246","post","type-post","status-publish","format-standard","has-post-thumbnail","hentry","category-relevante","category-local"],"aioseo_notices":[],"_links":{"self":[{"href":"https:\/\/digitalreportmx.com\/index.php\/wp-json\/wp\/v2\/posts\/9246","targetHints":{"allow":["GET"]}}],"collection":[{"href":"https:\/\/digitalreportmx.com\/index.php\/wp-json\/wp\/v2\/posts"}],"about":[{"href":"https:\/\/digitalreportmx.com\/index.php\/wp-json\/wp\/v2\/types\/post"}],"author":[{"embeddable":true,"href":"https:\/\/digitalreportmx.com\/index.php\/wp-json\/wp\/v2\/users\/1"}],"replies":[{"embeddable":true,"href":"https:\/\/digitalreportmx.com\/index.php\/wp-json\/wp\/v2\/comments?post=9246"}],"version-history":[{"count":1,"href":"https:\/\/digitalreportmx.com\/index.php\/wp-json\/wp\/v2\/posts\/9246\/revisions"}],"predecessor-version":[{"id":9248,"href":"https:\/\/digitalreportmx.com\/index.php\/wp-json\/wp\/v2\/posts\/9246\/revisions\/9248"}],"wp:featuredmedia":[{"embeddable":true,"href":"https:\/\/digitalreportmx.com\/index.php\/wp-json\/wp\/v2\/media\/9247"}],"wp:attachment":[{"href":"https:\/\/digitalreportmx.com\/index.php\/wp-json\/wp\/v2\/media?parent=9246"}],"wp:term":[{"taxonomy":"category","embeddable":true,"href":"https:\/\/digitalreportmx.com\/index.php\/wp-json\/wp\/v2\/categories?post=9246"},{"taxonomy":"post_tag","embeddable":true,"href":"https:\/\/digitalreportmx.com\/index.php\/wp-json\/wp\/v2\/tags?post=9246"}],"curies":[{"name":"wp","href":"https:\/\/api.w.org\/{rel}","templated":true}]}}