{"id":9290,"date":"2025-02-28T14:51:28","date_gmt":"2025-02-28T20:51:28","guid":{"rendered":"https:\/\/digitalreportmx.com\/?p=9290"},"modified":"2025-02-28T14:51:32","modified_gmt":"2025-02-28T20:51:32","slug":"impulsan-en-foro-ciudades-sostenibles-con-medio-ambiente-en-nl","status":"publish","type":"post","link":"https:\/\/digitalreportmx.com\/index.php\/2025\/02\/28\/impulsan-en-foro-ciudades-sostenibles-con-medio-ambiente-en-nl\/","title":{"rendered":"Impulsan en foro ciudades sostenibles con medio ambiente en NL"},"content":{"rendered":"\n<p><kbd>Monterrey<\/kbd><\/p>\n\n\n\n<p>En el marco del Foro de Alianzas para el H\u00e1bitat 2025, que este a\u00f1o se desarrolla en nuestra ciudad, la Sociedad de Urbanismo Regi\u00f3n Monterrey A.C. (SURMAC), llev\u00f3 a cabo este jueves un Conversatorio con especialistas en desarrollo urbano, sobre el tema: \u201cGesti\u00f3n del Territorio y Pol\u00edtica P\u00fablica\u201d, desarrollado en el LAB Cultural Ciudadano.<\/p>\n\n\n\n<p>El evento forma parte de la Cumbre Internacional del H\u00e1bitat de Am\u00e9rica Latica y el Caribe (CIHALC), que organizan ONU H\u00e1bitat, la Universidad Regiomontana (URRE) y el municipio de Monterrey.<\/p>\n\n\n\n<p>En el Conversatorio participaron expertos y especialistas como; Cid Blanco, Consultor y Especialista en Desarrollo Metropolitano en Brasil, Victoria Paulina Rodr\u00edguez Mosqueda, Consultora y ex Presidenta de la Federaci\u00f3n de Colegios de Arquitectura de la Rep\u00fablica Mexicana (FCARM), Magdalena Garc\u00eda Hern\u00e1ndez, Consultora e Integrante de la Red de Mujeres por el H\u00e1bitat, M\u00e9xico, y la Presidenta de la Sociedad de Urbanismo Regi\u00f3n Monterrey A.C. (SURMAC), Pricila D\u00e1vila, quien fungi\u00f3 como moderadora de la conversaci\u00f3n.<\/p>\n\n\n\n<p>En su participaci\u00f3n, Cid Blanco, resalt\u00f3 la importancia de aplicar las leyes y el impulso de pol\u00edticas p\u00fablicas que permitan el desarrollo de ciudades sostenibles y viviendas amigables con el medio ambiente, a fin de contrarrestar los efectos del cambio clim\u00e1tico y sus afectaciones en las ciudades, destacando la necesidad de \u201cvoluntad pol\u00edtica\u201d en los gobernantes.<\/p>\n\n\n\n<p>Por su parte Magdalena Garc\u00eda, expuso la necesidad de contar con mecanismos ciudadanos para la rendici\u00f3n de cuentas, la evaluaci\u00f3n de las pol\u00edticas p\u00fablicas y los proyectos, con base en su impacto social y no solo en lo econ\u00f3mico, al tiempo que abog\u00f3 por un an\u00e1lisis de las problem\u00e1ticas del desarrollo urbano desde una perspectiva de g\u00e9nero.<\/p>\n\n\n\n<p>En tanto que Victoria Rodr\u00edguez, asever\u00f3 que se deben considerar los derechos humanos \u201ccomo el piso y no el techo\u201d en la construcci\u00f3n de una agenda ciudadana, tocando temas de importancia como el transporte p\u00fablico.<\/p>\n\n\n\n<p>La Presidenta de la Sociedad de Urbanismo (SURMAC), Pricila D\u00e1vila, destac\u00f3 los temas abordados durante el conversatorio, especialmente el de la Agenda 2030 para el Desarrollo Sostenible, en la cual vislumbra una soluci\u00f3n a las problem\u00e1ticas del desarrollo urbano en M\u00e9xico y ciudades como Monterrey.<\/p>\n\n\n\n<p>\u201cSe habl\u00f3 acerca de impulsar la Agenda 2030 como un sistema de medici\u00f3n para tener un rumbo claro para los profesionistas y el sector p\u00fablico y de construir un pensamiento sist\u00e9mico en la sociedad y los gobiernos, para solucionar las problem\u00e1ticas del desarrollo urbano desde ra\u00edz\u201d, explic\u00f3.<\/p>\n\n\n\n<p>\u201cLa Agenda 2030 es un parteaguas de varios temas que se relacionan entre si, en un contexto metropolitano y bajo un pensamiento sist\u00e9mico, en d\u00f3nde todo esta relacionado a la naturaleza, el agua, la gobernanza, la legislaci\u00f3n, la vivienda, entre otros temas de los objetivos del desarrollo sostenible\u201d a\u00f1adi\u00f3.<\/p>\n\n\n\n<p>El Foro de Alianzas para el H\u00e1bitat 2025 continuar\u00e1 con una serie de eventos este viernes.<\/p>\n","protected":false},"excerpt":{"rendered":"<p>Monterrey En el marco del Foro de Alianzas para el H\u00e1bitat 2025, que este a\u00f1o se desarrolla en nuestra ciudad, la Sociedad de Urbanismo Regi\u00f3n Monterrey A.C. (SURMAC), llev\u00f3 a cabo este jueves un Conversatorio con especialistas en desarrollo urbano, sobre el tema: \u201cGesti\u00f3n del Territorio y Pol\u00edtica P\u00fablica\u201d, desarrollado en el LAB Cultural Ciudadano. [&hellip;]<\/p>\n","protected":false},"author":1,"featured_media":9291,"comment_status":"open","ping_status":"open","sticky":false,"template":"","format":"standard","meta":{"om_disable_all_campaigns":false,"_monsterinsights_skip_tracking":false,"_monsterinsights_sitenote_active":false,"_monsterinsights_sitenote_note":"","_monsterinsights_sitenote_category":0,"footnotes":""},"categories":[16,18],"tags":[],"class_list":["post-9290","post","type-post","status-publish","format-standard","has-post-thumbnail","hentry","category-relevante-2","category-tendencia"],"aioseo_notices":[],"_links":{"self":[{"href":"https:\/\/digitalreportmx.com\/index.php\/wp-json\/wp\/v2\/posts\/9290","targetHints":{"allow":["GET"]}}],"collection":[{"href":"https:\/\/digitalreportmx.com\/index.php\/wp-json\/wp\/v2\/posts"}],"about":[{"href":"https:\/\/digitalreportmx.com\/index.php\/wp-json\/wp\/v2\/types\/post"}],"author":[{"embeddable":true,"href":"https:\/\/digitalreportmx.com\/index.php\/wp-json\/wp\/v2\/users\/1"}],"replies":[{"embeddable":true,"href":"https:\/\/digitalreportmx.com\/index.php\/wp-json\/wp\/v2\/comments?post=9290"}],"version-history":[{"count":1,"href":"https:\/\/digitalreportmx.com\/index.php\/wp-json\/wp\/v2\/posts\/9290\/revisions"}],"predecessor-version":[{"id":9292,"href":"https:\/\/digitalreportmx.com\/index.php\/wp-json\/wp\/v2\/posts\/9290\/revisions\/9292"}],"wp:featuredmedia":[{"embeddable":true,"href":"https:\/\/digitalreportmx.com\/index.php\/wp-json\/wp\/v2\/media\/9291"}],"wp:attachment":[{"href":"https:\/\/digitalreportmx.com\/index.php\/wp-json\/wp\/v2\/media?parent=9290"}],"wp:term":[{"taxonomy":"category","embeddable":true,"href":"https:\/\/digitalreportmx.com\/index.php\/wp-json\/wp\/v2\/categories?post=9290"},{"taxonomy":"post_tag","embeddable":true,"href":"https:\/\/digitalreportmx.com\/index.php\/wp-json\/wp\/v2\/tags?post=9290"}],"curies":[{"name":"wp","href":"https:\/\/api.w.org\/{rel}","templated":true}]}}