{"id":9375,"date":"2025-03-02T15:40:24","date_gmt":"2025-03-02T21:40:24","guid":{"rendered":"https:\/\/digitalreportmx.com\/?p=9375"},"modified":"2025-03-02T15:40:27","modified_gmt":"2025-03-02T21:40:27","slug":"invita-santa-catarina-a-pagar-predial-y-participar-en-rifa","status":"publish","type":"post","link":"https:\/\/digitalreportmx.com\/index.php\/2025\/03\/02\/invita-santa-catarina-a-pagar-predial-y-participar-en-rifa\/","title":{"rendered":"Invita Santa Catarina a pagar predial y participar en rifa"},"content":{"rendered":"\n<p><kbd>Santa Catarina<\/kbd><\/p>\n\n\n\n<p>El Gobierno de Santa Catarina invita a los contribuyentes a cumplir con el impuesto predial antes del 31 de marzo, lo que les permitir\u00e1 participar en la rifa de tres veh\u00edculos Mazda el pr\u00f3ximo 9 de abril.<\/p>\n\n\n\n<p>El Alcalde Jes\u00fas Nava Rivera destac\u00f3 la importancia de esta contribuci\u00f3n, ya que los recursos recaudados ser\u00e1n destinados a diversos programas municipales, tales como El Bachet\u00f3n, el Programa SOL, que incluye labores de retiro de maleza, fumigaci\u00f3n, abatizaci\u00f3n y descacharrizaci\u00f3n.<\/p>\n\n\n\n<p>Adem\u00e1s de las Brigadas de Salud que se realizan a diario, la operaci\u00f3n del Santa Bus y muchas otras iniciativas en beneficio de la comunidad.<\/p>\n\n\n\n<p>Al cumplir puntualmente con el predial refleja el compromiso y confianza de los ciudadanos en la transformaci\u00f3n del Municipio y nos ayudan a continuar prestando servicios b\u00e1sicos para la comunidad, afirm\u00f3 el Edil.<\/p>\n\n\n\n<figure class=\"wp-block-image size-large\"><img loading=\"lazy\" decoding=\"async\" width=\"1024\" height=\"576\" src=\"https:\/\/digitalreportmx.com\/wp-content\/uploads\/2025\/03\/IMG-20250302-WA0099-1024x576.jpg\" alt=\"\" class=\"wp-image-9378\" srcset=\"https:\/\/digitalreportmx.com\/wp-content\/uploads\/2025\/03\/IMG-20250302-WA0099-1024x576.jpg 1024w, https:\/\/digitalreportmx.com\/wp-content\/uploads\/2025\/03\/IMG-20250302-WA0099-300x169.jpg 300w, https:\/\/digitalreportmx.com\/wp-content\/uploads\/2025\/03\/IMG-20250302-WA0099-768x432.jpg 768w, https:\/\/digitalreportmx.com\/wp-content\/uploads\/2025\/03\/IMG-20250302-WA0099-1536x864.jpg 1536w, https:\/\/digitalreportmx.com\/wp-content\/uploads\/2025\/03\/IMG-20250302-WA0099.jpg 1600w\" sizes=\"auto, (max-width: 1024px) 100vw, 1024px\" \/><\/figure>\n\n\n\n<p>El Municipio ha puesto difrentes puntos de cobro, entre ellos est\u00e1 el m\u00f3dulo en la Torre Administrativa, que opera de lunes a viernes de 8:00 a 21:00 horas y los s\u00e1bados de 9:00 a 14:00 horas.<\/p>\n\n\n\n<p>Tambi\u00e9n pueden acudir a distintos m\u00f3dulos de cobro ubicados en Casa de la Cultura, colonia La Fama, Cedeco, Fama II, Biblioteca de M\u00e1rtires de Cananea, DIF L\u00f3pez Mateos, Valle Poniente y el Auto-Predial en el estacionamiento trasero de la Torre Administrativa en el horario de lunes a viernes de 8:30 a 16:00 horas.<\/p>\n\n\n\n<p>Hay m\u00f3dulos en la Mesa de Hacienda, en la colonia Enrique Rangel, y en los supermercados HEB de La Fama y La Puerta, as\u00ed como en el Gimnasio Santa Catarina 2000.<\/p>\n\n\n\n<p>Para mayor comodidad, el pago del predial puede realizarse en l\u00ednea a trav\u00e9s del sitio web oficial del municipio: http:\/\/www.stacatarina.gob.mx), en el apartado de pago predial.<\/p>\n\n\n\n<figure class=\"wp-block-image size-large\"><img loading=\"lazy\" decoding=\"async\" width=\"1024\" height=\"559\" src=\"https:\/\/digitalreportmx.com\/wp-content\/uploads\/2025\/03\/IMG-20250302-WA0098-1024x559.jpg\" alt=\"\" class=\"wp-image-9377\" srcset=\"https:\/\/digitalreportmx.com\/wp-content\/uploads\/2025\/03\/IMG-20250302-WA0098-1024x559.jpg 1024w, https:\/\/digitalreportmx.com\/wp-content\/uploads\/2025\/03\/IMG-20250302-WA0098-300x164.jpg 300w, https:\/\/digitalreportmx.com\/wp-content\/uploads\/2025\/03\/IMG-20250302-WA0098-768x419.jpg 768w, https:\/\/digitalreportmx.com\/wp-content\/uploads\/2025\/03\/IMG-20250302-WA0098.jpg 1170w\" sizes=\"auto, (max-width: 1024px) 100vw, 1024px\" \/><\/figure>\n","protected":false},"excerpt":{"rendered":"<p>Santa Catarina El Gobierno de Santa Catarina invita a los contribuyentes a cumplir con el impuesto predial antes del 31 de marzo, lo que les permitir\u00e1 participar en la rifa de tres veh\u00edculos Mazda el pr\u00f3ximo 9 de abril. El Alcalde Jes\u00fas Nava Rivera destac\u00f3 la importancia de esta contribuci\u00f3n, ya que los recursos recaudados [&hellip;]<\/p>\n","protected":false},"author":1,"featured_media":9376,"comment_status":"open","ping_status":"open","sticky":false,"template":"","format":"standard","meta":{"om_disable_all_campaigns":false,"_monsterinsights_skip_tracking":false,"_monsterinsights_sitenote_active":false,"_monsterinsights_sitenote_note":"","_monsterinsights_sitenote_category":0,"footnotes":""},"categories":[16,13],"tags":[],"class_list":["post-9375","post","type-post","status-publish","format-standard","has-post-thumbnail","hentry","category-relevante-2","category-reporte-local"],"aioseo_notices":[],"_links":{"self":[{"href":"https:\/\/digitalreportmx.com\/index.php\/wp-json\/wp\/v2\/posts\/9375","targetHints":{"allow":["GET"]}}],"collection":[{"href":"https:\/\/digitalreportmx.com\/index.php\/wp-json\/wp\/v2\/posts"}],"about":[{"href":"https:\/\/digitalreportmx.com\/index.php\/wp-json\/wp\/v2\/types\/post"}],"author":[{"embeddable":true,"href":"https:\/\/digitalreportmx.com\/index.php\/wp-json\/wp\/v2\/users\/1"}],"replies":[{"embeddable":true,"href":"https:\/\/digitalreportmx.com\/index.php\/wp-json\/wp\/v2\/comments?post=9375"}],"version-history":[{"count":1,"href":"https:\/\/digitalreportmx.com\/index.php\/wp-json\/wp\/v2\/posts\/9375\/revisions"}],"predecessor-version":[{"id":9379,"href":"https:\/\/digitalreportmx.com\/index.php\/wp-json\/wp\/v2\/posts\/9375\/revisions\/9379"}],"wp:featuredmedia":[{"embeddable":true,"href":"https:\/\/digitalreportmx.com\/index.php\/wp-json\/wp\/v2\/media\/9376"}],"wp:attachment":[{"href":"https:\/\/digitalreportmx.com\/index.php\/wp-json\/wp\/v2\/media?parent=9375"}],"wp:term":[{"taxonomy":"category","embeddable":true,"href":"https:\/\/digitalreportmx.com\/index.php\/wp-json\/wp\/v2\/categories?post=9375"},{"taxonomy":"post_tag","embeddable":true,"href":"https:\/\/digitalreportmx.com\/index.php\/wp-json\/wp\/v2\/tags?post=9375"}],"curies":[{"name":"wp","href":"https:\/\/api.w.org\/{rel}","templated":true}]}}