{"id":9395,"date":"2025-03-02T16:31:02","date_gmt":"2025-03-02T22:31:02","guid":{"rendered":"https:\/\/digitalreportmx.com\/?p=9395"},"modified":"2025-03-02T16:31:05","modified_gmt":"2025-03-02T22:31:05","slug":"instalara-estado-comision-ambiental-metropolitana","status":"publish","type":"post","link":"https:\/\/digitalreportmx.com\/index.php\/2025\/03\/02\/instalara-estado-comision-ambiental-metropolitana\/","title":{"rendered":"Instalar\u00e1 Estado comisi\u00f3n ambiental metropolitana"},"content":{"rendered":"\n<p><kbd>Monterrey<\/kbd><\/p>\n\n\n\n<p>Este  lunes, el Gobierno del Estado llevar\u00e1 a cabo la instalaci\u00f3n de la Comisi\u00f3n Ambiental Metropolitana, iniciativa del Gobernador Samuel Alejandro Garc\u00eda Sep\u00falveda.<\/p>\n\n\n\n<p>En un video, el Mandatario estatal destac\u00f3 que en la creaci\u00f3n de la Comisi\u00f3n, se contar\u00e1 con la participaci\u00f3n de la Secretaria de Medio Ambiente y Recursos Naturales, Alicia B\u00e1rcena, as\u00ed como de otras instancias municipales, estatales y federales.<\/p>\n\n\n\n<p>\u201cTenemos la buena noticia que viene la Secretaria Federal de Medio Ambiente, Alicia B\u00e1rcena, y vamos a firmar la creaci\u00f3n de la Mesa Metropolitana de Medio Ambiente. Ah\u00ed va a estar SEMARNAT, PROFEPA, el INECC, la UNAM, va a estar la Refiner\u00eda, Gobierno estatal y los alcaldes\u201d, se\u00f1al\u00f3.<\/p>\n\n\n\n<p>El Gobernador explic\u00f3 que ante el crecimiento de la poblaci\u00f3n, el tema de la calidad del aire es un \u00e1rea en la que se seguir\u00e1 trabajando de lleno, para que la ciudadan\u00eda tenga la informaci\u00f3n de las condiciones.<\/p>\n\n\n\n<p>\u201cTenemos que ser muy ciertos y como gobierno que ustedes conf\u00eden en nosotros decirles, \u2018Hoy si hay contaminaci\u00f3n, hoy es niebla, hoy est\u00e1 nublado, hoy es bruma, hoy est\u00e1n juntas las cuatro\u2019, y ma\u00f1ana damos a conocer los resultados (de la instalaci\u00f3n de la Comisi\u00f3n)\u201d, apunt\u00f3 Garc\u00eda Sep\u00falveda.<\/p>\n\n\n\n<p>En la creaci\u00f3n se anticip\u00f3, se dar\u00e1 a conocer el funcionamiento y composici\u00f3n de la Mesa, los principales programas a implementa, as\u00ed como los acuerdos de adhesi\u00f3n y compromiso por parte de los integrantes.<\/p>\n\n\n\n<p>El objetivo de la conformaci\u00f3n de la Comisi\u00f3n Ambiental Metropolitana es que ayude a coordinar acciones entre los tres \u00f3rdenes de gobierno y generar la evidencia cient\u00edfica y t\u00e9cnica para la toma de decisiones en materia de medio ambiente, que impulse el di\u00e1logo, la informaci\u00f3n con la ciudadan\u00eda y los medios de comunicaci\u00f3n.<\/p>\n","protected":false},"excerpt":{"rendered":"<p>Monterrey Este lunes, el Gobierno del Estado llevar\u00e1 a cabo la instalaci\u00f3n de la Comisi\u00f3n Ambiental Metropolitana, iniciativa del Gobernador Samuel Alejandro Garc\u00eda Sep\u00falveda. En un video, el Mandatario estatal destac\u00f3 que en la creaci\u00f3n de la Comisi\u00f3n, se contar\u00e1 con la participaci\u00f3n de la Secretaria de Medio Ambiente y Recursos Naturales, Alicia B\u00e1rcena, as\u00ed [&hellip;]<\/p>\n","protected":false},"author":1,"featured_media":3699,"comment_status":"open","ping_status":"open","sticky":false,"template":"","format":"standard","meta":{"om_disable_all_campaigns":false,"_monsterinsights_skip_tracking":false,"_monsterinsights_sitenote_active":false,"_monsterinsights_sitenote_note":"","_monsterinsights_sitenote_category":0,"footnotes":""},"categories":[16,13],"tags":[],"class_list":["post-9395","post","type-post","status-publish","format-standard","has-post-thumbnail","hentry","category-relevante-2","category-reporte-local"],"aioseo_notices":[],"_links":{"self":[{"href":"https:\/\/digitalreportmx.com\/index.php\/wp-json\/wp\/v2\/posts\/9395","targetHints":{"allow":["GET"]}}],"collection":[{"href":"https:\/\/digitalreportmx.com\/index.php\/wp-json\/wp\/v2\/posts"}],"about":[{"href":"https:\/\/digitalreportmx.com\/index.php\/wp-json\/wp\/v2\/types\/post"}],"author":[{"embeddable":true,"href":"https:\/\/digitalreportmx.com\/index.php\/wp-json\/wp\/v2\/users\/1"}],"replies":[{"embeddable":true,"href":"https:\/\/digitalreportmx.com\/index.php\/wp-json\/wp\/v2\/comments?post=9395"}],"version-history":[{"count":1,"href":"https:\/\/digitalreportmx.com\/index.php\/wp-json\/wp\/v2\/posts\/9395\/revisions"}],"predecessor-version":[{"id":9396,"href":"https:\/\/digitalreportmx.com\/index.php\/wp-json\/wp\/v2\/posts\/9395\/revisions\/9396"}],"wp:featuredmedia":[{"embeddable":true,"href":"https:\/\/digitalreportmx.com\/index.php\/wp-json\/wp\/v2\/media\/3699"}],"wp:attachment":[{"href":"https:\/\/digitalreportmx.com\/index.php\/wp-json\/wp\/v2\/media?parent=9395"}],"wp:term":[{"taxonomy":"category","embeddable":true,"href":"https:\/\/digitalreportmx.com\/index.php\/wp-json\/wp\/v2\/categories?post=9395"},{"taxonomy":"post_tag","embeddable":true,"href":"https:\/\/digitalreportmx.com\/index.php\/wp-json\/wp\/v2\/tags?post=9395"}],"curies":[{"name":"wp","href":"https:\/\/api.w.org\/{rel}","templated":true}]}}