{"id":9966,"date":"2025-03-14T17:55:48","date_gmt":"2025-03-14T23:55:48","guid":{"rendered":"https:\/\/digitalreportmx.com\/?p=9966"},"modified":"2025-03-14T17:56:45","modified_gmt":"2025-03-14T23:56:45","slug":"pactan-monterrey-y-uni-conservar-parque-lago-con-feria-ambiental","status":"publish","type":"post","link":"https:\/\/digitalreportmx.com\/index.php\/2025\/03\/14\/pactan-monterrey-y-uni-conservar-parque-lago-con-feria-ambiental\/","title":{"rendered":"Pactan Monterrey y UANL conservaci\u00f3n del Parque Lago"},"content":{"rendered":"\n<p><kbd>Monterrey<\/kbd><em> <\/em><\/p>\n\n\n\n<p>Con el objetivo de fortalecer la conservaci\u00f3n del \u00c1rea Natural Protegida Municipal (ANPM) Parque Lago, el municipio y la Universidad Aut\u00f3noma de Nuevo Le\u00f3n, organizaron la Feria Ambiental.<\/p>\n\n\n\n<p>El secretario de Desarrollo Urbano Sostenible (Seduso), Fernando Guti\u00e9rrez Moreno, el director General para un Desarrollo Verde, Mart\u00edn Mendoza Lozano y el director de Desarrollo de Proyectos de la Secretar\u00eda de Sustentabilidad de la UANL, ofrecieron talleres, pl\u00e1ticas y actividades para al menos 300 infantes y j\u00f3venes.<\/p>\n\n\n\n<p>En el marco del D\u00eda Internacional de Acci\u00f3n por los R\u00edos, la autoridad busca sensibilizar a la poblaci\u00f3n sobre la importancia de preservar los ecosistemas urbanos y garantizar su sostenibilidad.<\/p>\n\n\n\n<p>Desde 2017, la Universidad y Monterrey han trabajado en la recuperaci\u00f3n del Parque Lago, para mitigar los impactos ambientales que han afectado la calidad ecol\u00f3gica del \u00e1rea.<\/p>\n\n\n\n<p>Con esta feria se pretende consolidar a Monterrey como una ciudad m\u00e1s verde y resiliente.<\/p>\n\n\n\n<p>Entre las actividades desarrolladas este viernes destacan la reforestaci\u00f3n del parque, la instalaci\u00f3n de m\u00f3dulos educativos y la presentaci\u00f3n del diagn\u00f3stico ambiental del Parque Lago.<\/p>\n","protected":false},"excerpt":{"rendered":"<p>Monterrey Con el objetivo de fortalecer la conservaci\u00f3n del \u00c1rea Natural Protegida Municipal (ANPM) Parque Lago, el municipio y la Universidad Aut\u00f3noma de Nuevo Le\u00f3n, organizaron la Feria Ambiental. El secretario de Desarrollo Urbano Sostenible (Seduso), Fernando Guti\u00e9rrez Moreno, el director General para un Desarrollo Verde, Mart\u00edn Mendoza Lozano y el director de Desarrollo de [&hellip;]<\/p>\n","protected":false},"author":1,"featured_media":9967,"comment_status":"open","ping_status":"open","sticky":false,"template":"","format":"standard","meta":{"om_disable_all_campaigns":false,"_monsterinsights_skip_tracking":false,"_monsterinsights_sitenote_active":false,"_monsterinsights_sitenote_note":"","_monsterinsights_sitenote_category":0,"footnotes":""},"categories":[16,13],"tags":[],"class_list":["post-9966","post","type-post","status-publish","format-standard","has-post-thumbnail","hentry","category-relevante-2","category-reporte-local"],"aioseo_notices":[],"_links":{"self":[{"href":"https:\/\/digitalreportmx.com\/index.php\/wp-json\/wp\/v2\/posts\/9966","targetHints":{"allow":["GET"]}}],"collection":[{"href":"https:\/\/digitalreportmx.com\/index.php\/wp-json\/wp\/v2\/posts"}],"about":[{"href":"https:\/\/digitalreportmx.com\/index.php\/wp-json\/wp\/v2\/types\/post"}],"author":[{"embeddable":true,"href":"https:\/\/digitalreportmx.com\/index.php\/wp-json\/wp\/v2\/users\/1"}],"replies":[{"embeddable":true,"href":"https:\/\/digitalreportmx.com\/index.php\/wp-json\/wp\/v2\/comments?post=9966"}],"version-history":[{"count":3,"href":"https:\/\/digitalreportmx.com\/index.php\/wp-json\/wp\/v2\/posts\/9966\/revisions"}],"predecessor-version":[{"id":9970,"href":"https:\/\/digitalreportmx.com\/index.php\/wp-json\/wp\/v2\/posts\/9966\/revisions\/9970"}],"wp:featuredmedia":[{"embeddable":true,"href":"https:\/\/digitalreportmx.com\/index.php\/wp-json\/wp\/v2\/media\/9967"}],"wp:attachment":[{"href":"https:\/\/digitalreportmx.com\/index.php\/wp-json\/wp\/v2\/media?parent=9966"}],"wp:term":[{"taxonomy":"category","embeddable":true,"href":"https:\/\/digitalreportmx.com\/index.php\/wp-json\/wp\/v2\/categories?post=9966"},{"taxonomy":"post_tag","embeddable":true,"href":"https:\/\/digitalreportmx.com\/index.php\/wp-json\/wp\/v2\/tags?post=9966"}],"curies":[{"name":"wp","href":"https:\/\/api.w.org\/{rel}","templated":true}]}}