{"id":9981,"date":"2025-03-14T22:15:29","date_gmt":"2025-03-15T04:15:29","guid":{"rendered":"https:\/\/digitalreportmx.com\/?p=9981"},"modified":"2025-03-14T22:17:58","modified_gmt":"2025-03-15T04:17:58","slug":"pide-alcalde-de-cadereyta-revision-a-protocolo-en-arresto-de-periodista","status":"publish","type":"post","link":"https:\/\/digitalreportmx.com\/index.php\/2025\/03\/14\/pide-alcalde-de-cadereyta-revision-a-protocolo-en-arresto-de-periodista\/","title":{"rendered":"Pide alcalde de Cadereyta revisi\u00f3n a protocolo en arresto de periodista"},"content":{"rendered":"\n<p>Cadereyta<\/p>\n\n\n\n<p>El alcalde de Cadereyta, Carlos Rodr\u00edguez G\u00f3mez, conden\u00f3 el trato a una periodista que fue sacada de la sala de Cabildo esposada por lo que pidi\u00f3 a la Contralor\u00eda Municipal y a la Secretar\u00eda de Seguridad P\u00fablica la revisi\u00f3n del protocolo efectuado y se proceda conforme a derecho.<\/p>\n\n\n\n<p>En un comunicado a la opini\u00f3n p\u00fablica y a los medios de comunicaci\u00f3n en general, el mun\u00edcipe extern\u00f3 su postura sobre el tema de la periodista Ana Edith Ronquillo Herrera.<\/p>\n\n\n\n<p>De acuerdo a las versiones del personal de seguridad, la periodista Ronquillo se vio involucrada en un conato de discusi\u00f3n verbal con terceras personas, por lo que tuvo que ser retirada por una mujer polic\u00eda hacia la planta baja del edificio.<\/p>\n\n\n\n<p>&#8220;Quiero se\u00f1alar que al momento de dicha acci\u00f3n me encontraba en mi oficina atendiendo los pendientes diarios por lo que no me enter\u00e9 hasta despu\u00e9s de los hechos ocurridos, los cuales repruebo y no estoy de acuerdo en la forma en que sucedieron.<\/p>\n\n\n\n<p>&#8220;He girado instrucciones a la Contralor\u00eda Municipal y a la Secretar\u00eda de Seguridad P\u00fablica para la revisi\u00f3n del protocolo efectuado por la elemento de seguridad y se proceda conforme a derecho&#8221;, se\u00f1al\u00f3.<\/p>\n\n\n\n<figure class=\"wp-block-video\"><video src=\"https:\/\/www.facebook.com\/share\/p\/1SktUfHBZe\/\"><\/video><\/figure>\n","protected":false},"excerpt":{"rendered":"<p>Cadereyta El alcalde de Cadereyta, Carlos Rodr\u00edguez G\u00f3mez, conden\u00f3 el trato a una periodista que fue sacada de la sala de Cabildo esposada por lo que pidi\u00f3 a la Contralor\u00eda Municipal y a la Secretar\u00eda de Seguridad P\u00fablica la revisi\u00f3n del protocolo efectuado y se proceda conforme a derecho. En un comunicado a la opini\u00f3n [&hellip;]<\/p>\n","protected":false},"author":1,"featured_media":9982,"comment_status":"open","ping_status":"open","sticky":false,"template":"","format":"standard","meta":{"om_disable_all_campaigns":false,"_monsterinsights_skip_tracking":false,"_monsterinsights_sitenote_active":false,"_monsterinsights_sitenote_note":"","_monsterinsights_sitenote_category":0,"footnotes":""},"categories":[16,13],"tags":[],"class_list":["post-9981","post","type-post","status-publish","format-standard","has-post-thumbnail","hentry","category-relevante-2","category-reporte-local"],"aioseo_notices":[],"_links":{"self":[{"href":"https:\/\/digitalreportmx.com\/index.php\/wp-json\/wp\/v2\/posts\/9981","targetHints":{"allow":["GET"]}}],"collection":[{"href":"https:\/\/digitalreportmx.com\/index.php\/wp-json\/wp\/v2\/posts"}],"about":[{"href":"https:\/\/digitalreportmx.com\/index.php\/wp-json\/wp\/v2\/types\/post"}],"author":[{"embeddable":true,"href":"https:\/\/digitalreportmx.com\/index.php\/wp-json\/wp\/v2\/users\/1"}],"replies":[{"embeddable":true,"href":"https:\/\/digitalreportmx.com\/index.php\/wp-json\/wp\/v2\/comments?post=9981"}],"version-history":[{"count":3,"href":"https:\/\/digitalreportmx.com\/index.php\/wp-json\/wp\/v2\/posts\/9981\/revisions"}],"predecessor-version":[{"id":9985,"href":"https:\/\/digitalreportmx.com\/index.php\/wp-json\/wp\/v2\/posts\/9981\/revisions\/9985"}],"wp:featuredmedia":[{"embeddable":true,"href":"https:\/\/digitalreportmx.com\/index.php\/wp-json\/wp\/v2\/media\/9982"}],"wp:attachment":[{"href":"https:\/\/digitalreportmx.com\/index.php\/wp-json\/wp\/v2\/media?parent=9981"}],"wp:term":[{"taxonomy":"category","embeddable":true,"href":"https:\/\/digitalreportmx.com\/index.php\/wp-json\/wp\/v2\/categories?post=9981"},{"taxonomy":"post_tag","embeddable":true,"href":"https:\/\/digitalreportmx.com\/index.php\/wp-json\/wp\/v2\/tags?post=9981"}],"curies":[{"name":"wp","href":"https:\/\/api.w.org\/{rel}","templated":true}]}}